{"id":875,"date":"2012-09-08T16:09:16","date_gmt":"2012-09-08T14:09:16","guid":{"rendered":"http:\/\/www.martinstrattner.de\/fotoblog\/?p=875"},"modified":"2015-03-29T02:17:51","modified_gmt":"2015-03-29T01:17:51","slug":"canada-und-usa-6-new-york","status":"publish","type":"post","link":"http:\/\/www.martinstrattner.de\/fotoblog\/2012\/09\/canada-und-usa-6-new-york\/","title":{"rendered":"Canada und USA *6 (New York)"},"content":{"rendered":"<div id=\"dslc-theme-content\"><div id=\"dslc-theme-content-inner\"><p style=\"text-align: center;\">Aufwachen in New York.<\/p>\n<p style=\"text-align: center;\">&#8222;RATA-RATA-RATA-RATA-RATA\u2026BIIIIIIIIP-BIIIIIIIP-BIIIIIIIP-BIIIIIIIP-BIIIIIIIP-BIIIIIIIP-BIIIIIIIP-BIIIIIIIP-BIIIIIIIP\u2026uuuuuuuUUUUUUUUUUIIIIIIIIIIIIIIIiiiiiiiiiiiii&#8220;<\/p>\n<p style=\"text-align: center;\">Ich stelle vor von links nachts rechts: die Baustelle, die unz\u00e4hligen immer R\u00fcckw\u00e4rts fahrenden Laster, und irgend ein Einsatzfahrzeug. (Zu denen noch ein Wort. Wegen der unregelm\u00e4\u00dfigen Sirene und dem langsamen Anstieg von hoch nach tief und zur\u00fcck ist es f\u00fcr mich quasi unm\u00f6glich die Dinger zu lokalisieren oder zu sagen ob die auf einen zu kommen oder sich entfernen. Und wie erkl\u00e4ren amerikanische Physiklehrer ihren Kiddies den Doppler-Effekt?)<\/p>\n<p style=\"text-align: center;\">Heute steht Midtown Manhatten auf dem Plan. Am morgen gingen wir als erstes zum UN-Geb\u00e4ude und besorgten uns Karten f\u00fcr die letzte F\u00fchrung des Tages. Von hier an geht es los die 42te Stra\u00dfe runter, einmal quer durch Manhattan.<\/p>\n<p style=\"text-align: center;\"><img src=\"http:\/\/www.martinstrattner.de\/fotoblog\/wp-content\/uploads\/2012\/09\/20120821-MartinStrattner-01.jpg\" alt=\"\" \/> <img src=\"http:\/\/www.martinstrattner.de\/fotoblog\/wp-content\/uploads\/2012\/09\/20120821-MartinStrattner-02.jpg\" alt=\"\" \/><\/p>\n<p style=\"text-align: center;\">Der <a href=\"http:\/\/www.amazon.de\/NATIONAL-GEOGRAPHIC-Spirallo-Reisef\u00fchrer-York\/dp\/3829732813\/ref=pd_sim_sbs_b_1\">fantastische Reisef\u00fchrer<\/a> empfahl die Eingangshalle des Daily News Building. Und gegen\u00fcber das Chrysler Building.<\/p>\n<p style=\"text-align: center;\"><img src=\"http:\/\/www.martinstrattner.de\/fotoblog\/wp-content\/uploads\/2012\/09\/20120821-MartinStrattner-03.jpg\" alt=\"\" \/> <img src=\"http:\/\/www.martinstrattner.de\/fotoblog\/wp-content\/uploads\/2012\/09\/20120821-MartinStrattner-04.jpg\" alt=\"\" \/> <img src=\"http:\/\/www.martinstrattner.de\/fotoblog\/wp-content\/uploads\/2012\/09\/20120821-MartinStrattner-05.jpg\" alt=\"\" \/> <img src=\"http:\/\/www.martinstrattner.de\/fotoblog\/wp-content\/uploads\/2012\/09\/20120821-MartinStrattner-06.jpg\" alt=\"\" \/> <img src=\"http:\/\/www.martinstrattner.de\/fotoblog\/wp-content\/uploads\/2012\/09\/20120821-MartinStrattner-07.jpg\" alt=\"\" \/><\/p>\n<p style=\"text-align: center;\">Weiter zu Grand Central Terminal und in die New York Public Library. Im Keller des Bahnhofs a\u00dfen wir grandiose Bagels bei <a href=\"http:\/\/www.zaro.com\">Zaro&#8217;s Bakery<\/a>. Leider bekamen wir die nirgends mehr so gut. Gesucht haben wir viel, das k\u00f6nnt ihr glauben ;)<\/p>\n<p style=\"text-align: center;\"><img src=\"http:\/\/www.martinstrattner.de\/fotoblog\/wp-content\/uploads\/2012\/09\/20120821-MartinStrattner-08.jpg\" alt=\"\" \/> <img src=\"http:\/\/www.martinstrattner.de\/fotoblog\/wp-content\/uploads\/2012\/09\/20120821-MartinStrattner-09.jpg\" alt=\"\" \/> <img src=\"http:\/\/www.martinstrattner.de\/fotoblog\/wp-content\/uploads\/2012\/09\/20120821-MartinStrattner-10.jpg\" alt=\"\" \/> <img src=\"http:\/\/www.martinstrattner.de\/fotoblog\/wp-content\/uploads\/2012\/09\/20120821-MartinStrattner-11.jpg\" alt=\"\" \/> <img src=\"http:\/\/www.martinstrattner.de\/fotoblog\/wp-content\/uploads\/2012\/09\/20120821-MartinStrattner-12.jpg\" alt=\"\" \/> <img src=\"http:\/\/www.martinstrattner.de\/fotoblog\/wp-content\/uploads\/2012\/09\/20120821-MartinStrattner-13.jpg\" alt=\"\" \/> <img src=\"http:\/\/www.martinstrattner.de\/fotoblog\/wp-content\/uploads\/2012\/09\/20120821-MartinStrattner-14.jpg\" alt=\"\" \/> <img src=\"http:\/\/www.martinstrattner.de\/fotoblog\/wp-content\/uploads\/2012\/09\/20120821-MartinStrattner-15.jpg\" alt=\"\" \/><img src=\"http:\/\/www.martinstrattner.de\/fotoblog\/wp-content\/uploads\/2012\/09\/20120821-MartinStrattner-16.jpg\" alt=\"\" \/><\/p>\n<p style=\"text-align: center;\">Um die Ecke war ein wundersch\u00f6ner Park. Inmitten der Wolkenkratzer B\u00e4ume, Gras, Menschen die ihr mitgebrachtes Essen auspacken und ein Karussell.<\/p>\n<p style=\"text-align: center;\"><img src=\"http:\/\/www.martinstrattner.de\/fotoblog\/wp-content\/uploads\/2012\/09\/20120821-MartinStrattner-17.jpg\" alt=\"\" \/> <img src=\"http:\/\/www.martinstrattner.de\/fotoblog\/wp-content\/uploads\/2012\/09\/20120821-MartinStrattner-18.jpg\" alt=\"\" \/> <img src=\"http:\/\/www.martinstrattner.de\/fotoblog\/wp-content\/uploads\/2012\/09\/20120821-MartinStrattner-19.jpg\" alt=\"\" \/> <img src=\"http:\/\/www.martinstrattner.de\/fotoblog\/wp-content\/uploads\/2012\/09\/20120821-MartinStrattner-20.jpg\" alt=\"\" \/> <img src=\"http:\/\/www.martinstrattner.de\/fotoblog\/wp-content\/uploads\/2012\/09\/20120821-MartinStrattner-21.jpg\" alt=\"\" \/> <img src=\"http:\/\/www.martinstrattner.de\/fotoblog\/wp-content\/uploads\/2012\/09\/20120821-MartinStrattner-22.jpg\" alt=\"\" \/>An der 42th Street ist auch der Times Square. Was gut ist, weil ich ja den Naked Cowboy noch nicht gesehen habe :) Und HEUTE WAR ER DA. Wohl einer der gl\u00fccklichsten Tage meines Lebens ;)<\/p>\n<p style=\"text-align: center;\"><img src=\"http:\/\/www.martinstrattner.de\/fotoblog\/wp-content\/uploads\/2012\/09\/20120821-MartinStrattner-23.jpg\" alt=\"\" \/> <img src=\"http:\/\/www.martinstrattner.de\/fotoblog\/wp-content\/uploads\/2012\/09\/20120821-MartinStrattner-24.jpg\" alt=\"\" \/><img src=\"http:\/\/www.martinstrattner.de\/fotoblog\/wp-content\/uploads\/2012\/09\/20120821-MartinStrattner-25.jpg\" alt=\"\" \/><\/p>\n<p style=\"text-align: center;\">Findet ihr mich und Doris auf dem folgenden Bild?<\/p>\n<p style=\"text-align: center;\"><img src=\"http:\/\/www.martinstrattner.de\/fotoblog\/wp-content\/uploads\/2012\/09\/20120821-MartinStrattner-26.jpg\" alt=\"\" \/> <img src=\"http:\/\/www.martinstrattner.de\/fotoblog\/wp-content\/uploads\/2012\/09\/20120821-MartinStrattner-27.jpg\" alt=\"\" \/> <img src=\"http:\/\/www.martinstrattner.de\/fotoblog\/wp-content\/uploads\/2012\/09\/20120821-MartinStrattner-28.jpg\" alt=\"\" \/> <img src=\"http:\/\/www.martinstrattner.de\/fotoblog\/wp-content\/uploads\/2012\/09\/20120821-MartinStrattner-29.jpg\" alt=\"\" \/> <img src=\"http:\/\/www.martinstrattner.de\/fotoblog\/wp-content\/uploads\/2012\/09\/20120821-MartinStrattner-30.jpg\" alt=\"\" \/> <img src=\"http:\/\/www.martinstrattner.de\/fotoblog\/wp-content\/uploads\/2012\/09\/20120821-MartinStrattner-31.jpg\" alt=\"\" \/> <img src=\"http:\/\/www.martinstrattner.de\/fotoblog\/wp-content\/uploads\/2012\/09\/20120821-MartinStrattner-32.jpg\" alt=\"\" \/> <img src=\"http:\/\/www.martinstrattner.de\/fotoblog\/wp-content\/uploads\/2012\/09\/20120821-MartinStrattner-33.jpg\" alt=\"\" \/> <img src=\"http:\/\/www.martinstrattner.de\/fotoblog\/wp-content\/uploads\/2012\/09\/20120821-MartinStrattner-34.jpg\" alt=\"\" \/> <img src=\"http:\/\/www.martinstrattner.de\/fotoblog\/wp-content\/uploads\/2012\/09\/20120821-MartinStrattner-35.jpg\" alt=\"\" \/> <img src=\"http:\/\/www.martinstrattner.de\/fotoblog\/wp-content\/uploads\/2012\/09\/20120821-MartinStrattner-36.jpg\" alt=\"\" \/><\/p>\n<p style=\"text-align: center;\">Nen Besuch im UN-Geb\u00e4ude kann ich w\u00e4rmstens empfehlen. Wieder so ein Geb\u00e4ude was man oft im TV sieht, es war ein gutes Gef\u00fchl das mal alles &#8222;live&#8220; zu sehen.<\/p>\n<p style=\"text-align: center;\"><img src=\"http:\/\/www.martinstrattner.de\/fotoblog\/wp-content\/uploads\/2012\/09\/20120821-MartinStrattner-38.jpg\" alt=\"\" \/> <img src=\"http:\/\/www.martinstrattner.de\/fotoblog\/wp-content\/uploads\/2012\/09\/20120821-MartinStrattner-39.jpg\" alt=\"\" \/> <img src=\"http:\/\/www.martinstrattner.de\/fotoblog\/wp-content\/uploads\/2012\/09\/20120821-MartinStrattner-40.jpg\" alt=\"\" \/> <img src=\"http:\/\/www.martinstrattner.de\/fotoblog\/wp-content\/uploads\/2012\/09\/20120821-MartinStrattner-41.jpg\" alt=\"\" \/><\/p>\n<p style=\"text-align: center;\">Zum Essen sind wir dann wieder in den Westen gefahren. Ein Burger bei &#8222;Five Guys&#8220; und dann die 5th Avenue hoch. Ein Blick ins Rockefeller Center, bis wir da wieder aufbrachen war es schon wieder dunkel, bevor wir zur\u00fcck ins Hotel fuhren sahen wir noch den S\u00fcdspitzel des Central Parks und gingen in den Apple Store.<\/p>\n<p style=\"text-align: center;\"><img src=\"http:\/\/www.martinstrattner.de\/fotoblog\/wp-content\/uploads\/2012\/09\/20120821-MartinStrattner-42.jpg\" alt=\"\" \/> <img src=\"http:\/\/www.martinstrattner.de\/fotoblog\/wp-content\/uploads\/2012\/09\/20120821-MartinStrattner-43.jpg\" alt=\"\" \/> <img src=\"http:\/\/www.martinstrattner.de\/fotoblog\/wp-content\/uploads\/2012\/09\/20120821-MartinStrattner-44.jpg\" alt=\"\" \/> <img src=\"http:\/\/www.martinstrattner.de\/fotoblog\/wp-content\/uploads\/2012\/09\/20120821-MartinStrattner-45.jpg\" alt=\"\" \/> <img src=\"http:\/\/www.martinstrattner.de\/fotoblog\/wp-content\/uploads\/2012\/09\/20120821-MartinStrattner-46.jpg\" alt=\"\" \/> <img src=\"http:\/\/www.martinstrattner.de\/fotoblog\/wp-content\/uploads\/2012\/09\/20120821-MartinStrattner-47.jpg\" alt=\"\" \/> <img src=\"http:\/\/www.martinstrattner.de\/fotoblog\/wp-content\/uploads\/2012\/09\/20120821-MartinStrattner-48.jpg\" alt=\"\" \/> <img src=\"http:\/\/www.martinstrattner.de\/fotoblog\/wp-content\/uploads\/2012\/09\/20120821-MartinStrattner-49.jpg\" alt=\"\" \/> <img src=\"http:\/\/www.martinstrattner.de\/fotoblog\/wp-content\/uploads\/2012\/09\/20120821-MartinStrattner-50.jpg\" alt=\"\" \/> <img src=\"http:\/\/www.martinstrattner.de\/fotoblog\/wp-content\/uploads\/2012\/09\/20120821-MartinStrattner-51.jpg\" alt=\"\" \/> <img src=\"http:\/\/www.martinstrattner.de\/fotoblog\/wp-content\/uploads\/2012\/09\/20120821-MartinStrattner-52.jpg\" alt=\"\" \/><\/p>\n<p style=\"text-align: center;\">Wir sind schon ziemlich durch, es bleibt nur noch ein Tag in New York, und die F\u00fc\u00dfe h\u00f6ren nicht mehr auf zu schmerzen.<\/p>\n\n<!-- Facebook Like Button v1.9.6 BEGIN [http:\/\/blog.bottomlessinc.com] -->\n<fb:like href=\"http:\/\/www.martinstrattner.de\/fotoblog\/2012\/09\/canada-und-usa-6-new-york\/\" layout=\"button_count\" show_faces=\"false\" width=\"450\" action=\"like\" colorscheme=\"light\"><\/fb:like>\n<!-- Facebook Like Button END -->\n<\/div><\/div>","protected":false},"excerpt":{"rendered":"<p>Aufwachen in New York. &#8222;RATA-RATA-RATA-RATA-RATA\u2026BIIIIIIIIP-BIIIIIIIP-BIIIIIIIP-BIIIIIIIP-BIIIIIIIP-BIIIIIIIP-BIIIIIIIP-BIIIIIIIP-BIIIIIIIP\u2026uuuuuuuUUUUUUUUUUIIIIIIIIIIIIIIIiiiiiiiiiiiii&#8220; Ich stelle vor von links nachts rechts: die Baustelle, die unz\u00e4hligen immer R\u00fcckw\u00e4rts fahrenden Laster, und irgend ein Einsatzfahrzeug. (Zu denen noch ein Wort. Wegen der unregelm\u00e4\u00dfigen Sirene und dem langsamen Anstieg von hoch nach tief und zur\u00fcck ist es f\u00fcr mich quasi unm\u00f6glich die Dinger zu lokalisieren oder zu [&hellip;]<\/p>\n","protected":false},"author":1,"featured_media":928,"comment_status":"open","ping_status":"open","sticky":false,"template":"","format":"standard","meta":{"spay_email":"","jetpack_publicize_message":""},"categories":[1,3,13,6,7],"tags":[],"jetpack_featured_media_url":"http:\/\/www.martinstrattner.de\/fotoblog\/wp-content\/uploads\/2012\/09\/Titel-120821-MartinStrattner.jpg","jetpack_publicize_connections":[],"jetpack_shortlink":"https:\/\/wp.me\/p2qpVl-e7","jetpack_sharing_enabled":true,"jetpack-related-posts":[],"_links":{"self":[{"href":"http:\/\/www.martinstrattner.de\/fotoblog\/wp-json\/wp\/v2\/posts\/875"}],"collection":[{"href":"http:\/\/www.martinstrattner.de\/fotoblog\/wp-json\/wp\/v2\/posts"}],"about":[{"href":"http:\/\/www.martinstrattner.de\/fotoblog\/wp-json\/wp\/v2\/types\/post"}],"author":[{"embeddable":true,"href":"http:\/\/www.martinstrattner.de\/fotoblog\/wp-json\/wp\/v2\/users\/1"}],"replies":[{"embeddable":true,"href":"http:\/\/www.martinstrattner.de\/fotoblog\/wp-json\/wp\/v2\/comments?post=875"}],"version-history":[{"count":7,"href":"http:\/\/www.martinstrattner.de\/fotoblog\/wp-json\/wp\/v2\/posts\/875\/revisions"}],"predecessor-version":[{"id":5689,"href":"http:\/\/www.martinstrattner.de\/fotoblog\/wp-json\/wp\/v2\/posts\/875\/revisions\/5689"}],"wp:featuredmedia":[{"embeddable":true,"href":"http:\/\/www.martinstrattner.de\/fotoblog\/wp-json\/wp\/v2\/media\/928"}],"wp:attachment":[{"href":"http:\/\/www.martinstrattner.de\/fotoblog\/wp-json\/wp\/v2\/media?parent=875"}],"wp:term":[{"taxonomy":"category","embeddable":true,"href":"http:\/\/www.martinstrattner.de\/fotoblog\/wp-json\/wp\/v2\/categories?post=875"},{"taxonomy":"post_tag","embeddable":true,"href":"http:\/\/www.martinstrattner.de\/fotoblog\/wp-json\/wp\/v2\/tags?post=875"}],"curies":[{"name":"wp","href":"https:\/\/api.w.org\/{rel}","templated":true}]}}