{"id":800,"date":"2012-08-31T05:37:24","date_gmt":"2012-08-31T03:37:24","guid":{"rendered":"http:\/\/www.martinstrattner.de\/fotoblog\/?p=800"},"modified":"2015-03-29T02:18:24","modified_gmt":"2015-03-29T01:18:24","slug":"canada-und-usa-5-new-york","status":"publish","type":"post","link":"http:\/\/www.martinstrattner.de\/fotoblog\/2012\/08\/canada-und-usa-5-new-york\/","title":{"rendered":"Canada und USA *5 (New York)"},"content":{"rendered":"<div id=\"dslc-theme-content\"><div id=\"dslc-theme-content-inner\"><p style=\"text-align: center;\">Kurz vor dem Einschlafen hatten wir uns noch \u00fcber Internet die Eintrittskarten f\u00fcr das Empire State Building besorgt, damit es auch ohne gro\u00dfes Schlange stehen losgehen konnte heute. Sinnlos, wir sparten uns dadurch nur ungef\u00e4hr f\u00fcnf Minuten. Die meiste Zeit mussten wir trotzdem vor den Aufz\u00fcgen stehen.<\/p>\n<p style=\"text-align: center;\">Von unten sieht es schon beeindruckend aus. Also hoch da.<\/p>\n<p style=\"text-align: center;\"><img src=\"http:\/\/www.martinstrattner.de\/fotoblog\/wp-content\/uploads\/2012\/08\/20120820-MartinStrattner-01.jpg\" alt=\"\" \/><\/p>\n<p style=\"text-align: center;\">New York von oben. Und erst jetzt kapiere ich wie gro\u00df die Stadt wirklich ist. All das was wir den Tag zuvor abgegangen waren, was schon so gro\u00df erschien. Das ist nur ein Bruchteil ganz da hinten um die hohen H\u00e4user rum. Und das Empire State Building steht ja mitten in Manhattan. Fast nochmal so weit ist es hoch zum Central Park.<\/p>\n<p style=\"text-align: center;\"><img src=\"http:\/\/www.martinstrattner.de\/fotoblog\/wp-content\/uploads\/2012\/08\/20120820-MartinStrattner-02.jpg\" alt=\"\" \/> <img src=\"http:\/\/www.martinstrattner.de\/fotoblog\/wp-content\/uploads\/2012\/08\/20120820-MartinStrattner-03.jpg\" alt=\"\" \/> <img src=\"http:\/\/www.martinstrattner.de\/fotoblog\/wp-content\/uploads\/2012\/08\/20120820-MartinStrattner-04.jpg\" alt=\"\" \/> <img src=\"http:\/\/www.martinstrattner.de\/fotoblog\/wp-content\/uploads\/2012\/08\/20120820-MartinStrattner-05.jpg\" alt=\"\" \/> <img src=\"http:\/\/www.martinstrattner.de\/fotoblog\/wp-content\/uploads\/2012\/08\/20120820-MartinStrattner-06.jpg\" alt=\"\" \/> <img src=\"http:\/\/www.martinstrattner.de\/fotoblog\/wp-content\/uploads\/2012\/08\/20120820-MartinStrattner-07.jpg\" alt=\"\" \/> <img src=\"http:\/\/www.martinstrattner.de\/fotoblog\/wp-content\/uploads\/2012\/08\/20120820-MartinStrattner-08.jpg\" alt=\"\" \/> <img src=\"http:\/\/www.martinstrattner.de\/fotoblog\/wp-content\/uploads\/2012\/08\/20120820-MartinStrattner-09.jpg\" alt=\"\" \/> <img src=\"http:\/\/www.martinstrattner.de\/fotoblog\/wp-content\/uploads\/2012\/08\/20120820-MartinStrattner-10.jpg\" alt=\"\" \/><\/p>\n<p style=\"text-align: center;\">Wieder unten gehen wir in Richtung Flatiron Building und dann weiter Richtung East Village.<\/p>\n<p style=\"text-align: center;\"><img src=\"http:\/\/www.martinstrattner.de\/fotoblog\/wp-content\/uploads\/2012\/08\/20120820-MartinStrattner-26.jpg\" alt=\"\" \/> <img src=\"http:\/\/www.martinstrattner.de\/fotoblog\/wp-content\/uploads\/2012\/08\/20120820-MartinStrattner-27.jpg\" alt=\"\" \/><br \/>\n<img src=\"http:\/\/www.martinstrattner.de\/fotoblog\/wp-content\/uploads\/2012\/08\/20120820-MartinStrattner-11.jpg\" alt=\"\" \/> <img src=\"http:\/\/www.martinstrattner.de\/fotoblog\/wp-content\/uploads\/2012\/08\/20120820-MartinStrattner-12.jpg\" alt=\"\" \/> <img src=\"http:\/\/www.martinstrattner.de\/fotoblog\/wp-content\/uploads\/2012\/08\/20120820-MartinStrattner-13.jpg\" alt=\"\" \/> <img src=\"http:\/\/www.martinstrattner.de\/fotoblog\/wp-content\/uploads\/2012\/08\/20120820-MartinStrattner-14.jpg\" alt=\"\" \/> <img src=\"http:\/\/www.martinstrattner.de\/fotoblog\/wp-content\/uploads\/2012\/08\/20120820-MartinStrattner-15.jpg\" alt=\"\" \/> <img src=\"http:\/\/www.martinstrattner.de\/fotoblog\/wp-content\/uploads\/2012\/08\/20120820-MartinStrattner-16.jpg\" alt=\"\" \/> <img src=\"http:\/\/www.martinstrattner.de\/fotoblog\/wp-content\/uploads\/2012\/08\/20120820-MartinStrattner-17.jpg\" alt=\"\" \/> <img src=\"http:\/\/www.martinstrattner.de\/fotoblog\/wp-content\/uploads\/2012\/08\/20120820-MartinStrattner-18.jpg\" alt=\"\" \/><\/p>\n<p style=\"text-align: center;\">Meist machen wir es so bei solchen Besichtigungen, dass wir irgendwann den Reisef\u00fchrer beiseite lassen, nur die grobe Richtung wissen in die wir m\u00fcssen, und uns dann treiben lassen. Von dem Aussehen der Umgebung, von den Leuten und wohin sie sich bewegen&#8230; Meist machen wir das dann wenn wir Hunger haben. Und so standen wir irgendwann vor einem Lokal vor dem Leute Fotos machten. Viele Leute. Drau\u00dfen stand &#8222;Delicatessen&#8220;, wenn man durch die Fenster sah, sah es aber nicht unbedingt nach Dallmayr aus. Wir sind also rein, und es war toll. Sehr urig, viele viele Bilder mit Stars an den W\u00e4nden, irgendwie war es klar dass das hier toll sein muss. Klassisches Burgerrestaurant. Das Essen ohne Schn\u00f6rkel, das was es gab war aber super. Erst im Hotel haben wir dann nachgelesen dass <a href=\"http:\/\/katzsdelicatessen.com\/\">&#8222;Katz&#8217;s Delicatessen&#8220;<\/a> auch das Lokal mit der ber\u00fchmten Szene aus &#8222;Harry und Sally&#8220; ist. (Auf dem dritten Bild hier unten ist der Tisch auch markiert. Da h\u00e4ngt ein Schild dr\u00fcber)<\/p>\n<p style=\"text-align: center;\"><img src=\"http:\/\/www.martinstrattner.de\/fotoblog\/wp-content\/uploads\/2012\/08\/20120820-MartinStrattner-19.jpg\" alt=\"\" \/> <img src=\"http:\/\/www.martinstrattner.de\/fotoblog\/wp-content\/uploads\/2012\/08\/20120820-MartinStrattner-20.jpg\" alt=\"\" \/> <img src=\"http:\/\/www.martinstrattner.de\/fotoblog\/wp-content\/uploads\/2012\/08\/20120820-MartinStrattner-21.jpg\" alt=\"\" \/> <img src=\"http:\/\/www.martinstrattner.de\/fotoblog\/wp-content\/uploads\/2012\/08\/20120820-MartinStrattner-22.jpg\" alt=\"\" \/> <img src=\"http:\/\/www.martinstrattner.de\/fotoblog\/wp-content\/uploads\/2012\/08\/20120820-MartinStrattner-23.jpg\" alt=\"\" \/> <img src=\"http:\/\/www.martinstrattner.de\/fotoblog\/wp-content\/uploads\/2012\/08\/20120820-MartinStrattner-24.jpg\" alt=\"\" \/> <img src=\"http:\/\/www.martinstrattner.de\/fotoblog\/wp-content\/uploads\/2012\/08\/20120820-MartinStrattner-25.jpg\" alt=\"\" \/><\/p>\n<p style=\"text-align: center;\">Auch f\u00fcr das 9\/11 Memorial hatten wir uns die Karten noch den Abend zuvor besorgt. Und auch dahin ging&#8217;s mit der U-Bahn. Sehr sch\u00f6n dass da eigentlich immer eine kommt wenn man am Bahnsteig steht. Aber noch ein paar Worte zum U-Bahn-System: Rolltreppen gibt es fast nicht. Da wohnen wir in M\u00fcnchen wirklich im Vergleich zu fast allen St\u00e4dten in der Stadt der Gl\u00fcckseligen. Und noch was liebe New Yorker: Wenn ihr die Klimaanlage in euren U-Bahnen etwas weniger aufdreht, dann hat&#8217;s in den Bahnh\u00f6fen nicht 45\u00b0C und in den Z\u00fcgen nicht 15\u00b0C. Diese Temperaturunterschiede und schwei\u00dftreibenden Zust\u00e4nde in den Bahnh\u00f6fen sieht man nicht in den Filmen. In Zukunft werde ich aber immer dran denken.<\/p>\n<p style=\"text-align: center;\"><img src=\"http:\/\/www.martinstrattner.de\/fotoblog\/wp-content\/uploads\/2012\/08\/20120820-MartinStrattner-28.jpg\" alt=\"\" \/> <img src=\"http:\/\/www.martinstrattner.de\/fotoblog\/wp-content\/uploads\/2012\/08\/20120820-MartinStrattner-29.jpg\" alt=\"\" \/> <img src=\"http:\/\/www.martinstrattner.de\/fotoblog\/wp-content\/uploads\/2012\/08\/20120820-MartinStrattner-30.jpg\" alt=\"\" \/> <img src=\"http:\/\/www.martinstrattner.de\/fotoblog\/wp-content\/uploads\/2012\/08\/20120820-MartinStrattner-31.jpg\" alt=\"\" \/><\/p>\n<p style=\"text-align: center;\">Das Memorial ist gut gelungen. Mehr kann man nicht wirklich sagen. Bedr\u00fcckend ist es.<\/p>\n<p style=\"text-align: center;\"><img src=\"http:\/\/www.martinstrattner.de\/fotoblog\/wp-content\/uploads\/2012\/08\/20120820-MartinStrattner-32.jpg\" alt=\"\" \/> <img src=\"http:\/\/www.martinstrattner.de\/fotoblog\/wp-content\/uploads\/2012\/08\/20120820-MartinStrattner-33.jpg\" alt=\"\" \/> <img src=\"http:\/\/www.martinstrattner.de\/fotoblog\/wp-content\/uploads\/2012\/08\/20120820-MartinStrattner-34.jpg\" alt=\"\" \/> <img src=\"http:\/\/www.martinstrattner.de\/fotoblog\/wp-content\/uploads\/2012\/08\/20120820-MartinStrattner-35.jpg\" alt=\"\" \/> <img src=\"http:\/\/www.martinstrattner.de\/fotoblog\/wp-content\/uploads\/2012\/08\/20120820-MartinStrattner-36.jpg\" alt=\"\" \/><\/p>\n<p style=\"text-align: center;\">Zum Tagesabschlu\u00df haben wir uns nochmal mit dem in Niagara Falls kennengelernten Paar getroffen, und sind zu Fu\u00df \u00fcber die Brooklyn Bridge. Manhattan von der anderen Seite bei Nacht zu sehen war toll. Das hat uns so gut gefallen, dass wir da gleich noch etwas l\u00e4nger geblieben sind als eigentlich gew\u00fcnscht. Wir haben uns etwas verlaufen ;)<\/p>\n<p style=\"text-align: center;\"><img src=\"http:\/\/www.martinstrattner.de\/fotoblog\/wp-content\/uploads\/2012\/08\/20120820-MartinStrattner-37.jpg\" alt=\"\" \/> <img src=\"http:\/\/www.martinstrattner.de\/fotoblog\/wp-content\/uploads\/2012\/08\/20120820-MartinStrattner-38.jpg\" alt=\"\" \/> <img src=\"http:\/\/www.martinstrattner.de\/fotoblog\/wp-content\/uploads\/2012\/08\/20120820-MartinStrattner-39.jpg\" alt=\"\" \/> <img src=\"http:\/\/www.martinstrattner.de\/fotoblog\/wp-content\/uploads\/2012\/08\/20120820-MartinStrattner-40.jpg\" alt=\"\" \/> <img src=\"http:\/\/www.martinstrattner.de\/fotoblog\/wp-content\/uploads\/2012\/08\/20120820-MartinStrattner-41.jpg\" alt=\"\" \/> <img src=\"http:\/\/www.martinstrattner.de\/fotoblog\/wp-content\/uploads\/2012\/08\/20120820-MartinStrattner-42.jpg\" alt=\"\" \/> <img src=\"http:\/\/www.martinstrattner.de\/fotoblog\/wp-content\/uploads\/2012\/08\/20120820-MartinStrattner-43.jpg\" alt=\"\" \/> <img src=\"http:\/\/www.martinstrattner.de\/fotoblog\/wp-content\/uploads\/2012\/08\/20120820-MartinStrattner-44.jpg\" alt=\"\" \/> <img src=\"http:\/\/www.martinstrattner.de\/fotoblog\/wp-content\/uploads\/2012\/08\/20120820-MartinStrattner-45.jpg\" alt=\"\" \/> <img src=\"http:\/\/www.martinstrattner.de\/fotoblog\/wp-content\/uploads\/2012\/08\/20120820-MartinStrattner-46.jpg\" alt=\"\" \/><\/p>\n<p style=\"text-align: center;\">Und am Ende des Tages: Der Times Square. Jetzt hatte ich endlich das Gef\u00fchl in New York zu sein. Es ist beeindruckend was da alles gleichzeitig um einen rum blinkt, wieviele Leute dort sind, und wie sich alle freuen und lachen. Leider war der Naked Cowboy nicht da. Da ich den aber unbedingt sehen will ;) war klar, wir m\u00fcssen die n\u00e4chsten Tage nochmal kommen.<\/p>\n<p style=\"text-align: center;\"><img src=\"http:\/\/www.martinstrattner.de\/fotoblog\/wp-content\/uploads\/2012\/08\/20120820-MartinStrattner-47.jpg\" alt=\"\" \/> <img src=\"http:\/\/www.martinstrattner.de\/fotoblog\/wp-content\/uploads\/2012\/08\/20120820-MartinStrattner-48.jpg\" alt=\"\" \/> <img src=\"http:\/\/www.martinstrattner.de\/fotoblog\/wp-content\/uploads\/2012\/08\/20120820-MartinStrattner-49.jpg\" alt=\"\" \/> <img src=\"http:\/\/www.martinstrattner.de\/fotoblog\/wp-content\/uploads\/2012\/08\/20120820-MartinStrattner-50.jpg\" alt=\"\" \/> <img src=\"http:\/\/www.martinstrattner.de\/fotoblog\/wp-content\/uploads\/2012\/08\/20120820-MartinStrattner-51.jpg\" alt=\"\" \/><\/p>\n<p><img class=\"aligncenter\" src=\"http:\/\/www.martinstrattner.de\/fotoblog\/wp-content\/uploads\/2012\/08\/20120820-MartinStrattner-52.jpg\" alt=\"\" \/> <img class=\"aligncenter\" src=\"http:\/\/www.martinstrattner.de\/fotoblog\/wp-content\/uploads\/2012\/08\/20120820-MartinStrattner-53.jpg\" alt=\"\" \/> <img class=\"aligncenter\" src=\"http:\/\/www.martinstrattner.de\/fotoblog\/wp-content\/uploads\/2012\/08\/20120820-MartinStrattner-54.jpg\" alt=\"\" \/> <img class=\"aligncenter\" src=\"http:\/\/www.martinstrattner.de\/fotoblog\/wp-content\/uploads\/2012\/08\/20120820-MartinStrattner-55.jpg\" alt=\"\" \/> <img class=\"aligncenter\" src=\"http:\/\/www.martinstrattner.de\/fotoblog\/wp-content\/uploads\/2012\/08\/20120820-MartinStrattner-56.jpg\" alt=\"\" \/> <img class=\"aligncenter\" src=\"http:\/\/www.martinstrattner.de\/fotoblog\/wp-content\/uploads\/2012\/08\/20120820-MartinStrattner-57.jpg\" alt=\"\" \/> <img class=\"aligncenter\" src=\"http:\/\/www.martinstrattner.de\/fotoblog\/wp-content\/uploads\/2012\/08\/20120820-MartinStrattner-58.jpg\" alt=\"\" \/> <img class=\"aligncenter\" src=\"http:\/\/www.martinstrattner.de\/fotoblog\/wp-content\/uploads\/2012\/08\/20120820-MartinStrattner-59.jpg\" alt=\"\" \/> <img class=\"aligncenter\" src=\"http:\/\/www.martinstrattner.de\/fotoblog\/wp-content\/uploads\/2012\/08\/20120820-MartinStrattner-60.jpg\" alt=\"\" \/> <img class=\"aligncenter\" src=\"http:\/\/www.martinstrattner.de\/fotoblog\/wp-content\/uploads\/2012\/08\/20120820-MartinStrattner-61.jpg\" alt=\"\" \/> <img class=\"aligncenter\" src=\"http:\/\/www.martinstrattner.de\/fotoblog\/wp-content\/uploads\/2012\/08\/20120820-MartinStrattner-62.jpg\" alt=\"\" \/><\/p>\n\n<!-- Facebook Like Button v1.9.6 BEGIN [http:\/\/blog.bottomlessinc.com] -->\n<fb:like href=\"http:\/\/www.martinstrattner.de\/fotoblog\/2012\/08\/canada-und-usa-5-new-york\/\" layout=\"button_count\" show_faces=\"false\" width=\"450\" action=\"like\" colorscheme=\"light\"><\/fb:like>\n<!-- Facebook Like Button END -->\n<\/div><\/div>","protected":false},"excerpt":{"rendered":"<p>Kurz vor dem Einschlafen hatten wir uns noch \u00fcber Internet die Eintrittskarten f\u00fcr das Empire State Building besorgt, damit es auch ohne gro\u00dfes Schlange stehen losgehen konnte heute. Sinnlos, wir sparten uns dadurch nur ungef\u00e4hr f\u00fcnf Minuten. Die meiste Zeit mussten wir trotzdem vor den Aufz\u00fcgen stehen. Von unten sieht es schon beeindruckend aus. Also [&hellip;]<\/p>\n","protected":false},"author":1,"featured_media":802,"comment_status":"open","ping_status":"open","sticky":false,"template":"","format":"standard","meta":{"spay_email":"","jetpack_publicize_message":""},"categories":[3,13,6],"tags":[],"jetpack_featured_media_url":"http:\/\/www.martinstrattner.de\/fotoblog\/wp-content\/uploads\/2012\/08\/Titel-120820-MartinStrattner.jpg","jetpack_publicize_connections":[],"jetpack_shortlink":"https:\/\/wp.me\/p2qpVl-cU","jetpack_sharing_enabled":true,"jetpack-related-posts":[],"_links":{"self":[{"href":"http:\/\/www.martinstrattner.de\/fotoblog\/wp-json\/wp\/v2\/posts\/800"}],"collection":[{"href":"http:\/\/www.martinstrattner.de\/fotoblog\/wp-json\/wp\/v2\/posts"}],"about":[{"href":"http:\/\/www.martinstrattner.de\/fotoblog\/wp-json\/wp\/v2\/types\/post"}],"author":[{"embeddable":true,"href":"http:\/\/www.martinstrattner.de\/fotoblog\/wp-json\/wp\/v2\/users\/1"}],"replies":[{"embeddable":true,"href":"http:\/\/www.martinstrattner.de\/fotoblog\/wp-json\/wp\/v2\/comments?post=800"}],"version-history":[{"count":9,"href":"http:\/\/www.martinstrattner.de\/fotoblog\/wp-json\/wp\/v2\/posts\/800\/revisions"}],"predecessor-version":[{"id":5691,"href":"http:\/\/www.martinstrattner.de\/fotoblog\/wp-json\/wp\/v2\/posts\/800\/revisions\/5691"}],"wp:featuredmedia":[{"embeddable":true,"href":"http:\/\/www.martinstrattner.de\/fotoblog\/wp-json\/wp\/v2\/media\/802"}],"wp:attachment":[{"href":"http:\/\/www.martinstrattner.de\/fotoblog\/wp-json\/wp\/v2\/media?parent=800"}],"wp:term":[{"taxonomy":"category","embeddable":true,"href":"http:\/\/www.martinstrattner.de\/fotoblog\/wp-json\/wp\/v2\/categories?post=800"},{"taxonomy":"post_tag","embeddable":true,"href":"http:\/\/www.martinstrattner.de\/fotoblog\/wp-json\/wp\/v2\/tags?post=800"}],"curies":[{"name":"wp","href":"https:\/\/api.w.org\/{rel}","templated":true}]}}