{"id":727,"date":"2012-08-29T07:27:32","date_gmt":"2012-08-29T05:27:32","guid":{"rendered":"http:\/\/www.martinstrattner.de\/fotoblog\/?p=727"},"modified":"2015-03-29T02:18:48","modified_gmt":"2015-03-29T01:18:48","slug":"canada-und-usa-4-new-york","status":"publish","type":"post","link":"http:\/\/www.martinstrattner.de\/fotoblog\/2012\/08\/canada-und-usa-4-new-york\/","title":{"rendered":"Canada und USA *4 (New York)"},"content":{"rendered":"<div id=\"dslc-theme-content\"><div id=\"dslc-theme-content-inner\"><p style=\"text-align: center;\">Wow, New York. Wow, wow, wow. Aufgewacht sind wir im <a href=\"http:\/\/www.holidayinn.com\/hotels\/us\/en\/long-island-city\/lgali\/hoteldetail\">Holiday Inn in Queens<\/a> (wer mir in foursquare folgt wei\u00df das aber eh schon ;) ). Nicht allzu teuer f\u00fcr New York, aber sch\u00f6n. Und mit etwas Mut konnte man vom Balkon aus auch nach Manhattan r\u00fcber sehen. \u00a0Die Erwartungen an New York waren riesig. Gesch\u00fcrt durch all die Filme, Serien, B\u00fccher, Erz\u00e4hlungen&#8230; Die Aufregung dementsprechend gro\u00df. Wie soll man also anfangen diese Stadt zu erkunden? Vielleicht am besten mit dem Blick von au\u00dfen, gleichzeitig das denkbar touristischte, und das was auch diejenigen zuerst sahen die vor 100 Jahren New York oder eine andere Stadt der USA als ihre neue Heimat w\u00e4hlten: die Freiheitsstatue und Ellis Island. Also los geht&#8217;s dahin. Nat\u00fcrlich mit der Subway:<br \/>\n<img src=\"http:\/\/www.martinstrattner.de\/fotoblog\/wp-content\/uploads\/2012\/08\/20120819-MartinStrattner-01.jpg\" alt=\"\" \/> <img src=\"http:\/\/www.martinstrattner.de\/fotoblog\/wp-content\/uploads\/2012\/08\/20120819-MartinStrattner-02.jpg\" alt=\"\" \/> <img src=\"http:\/\/www.martinstrattner.de\/fotoblog\/wp-content\/uploads\/2012\/08\/20120819-MartinStrattner-03.jpg\" alt=\"\" \/><\/p>\n<p style=\"text-align: center;\">In der U-Bahn waren mit uns viele Menschen im Stil der 20er Jahre gekleidet. Ein Flashmob oder Aktion von Improv Everywhere? Eine Tanzveranstaltung? Keine Ahnung, aber sie sind alle mit uns an der S\u00fcdspitze Manhattans ausgestiegen. Ich h\u00e4tte sie gerne verfolgt, aber wir wollten ja zum Schiff.<\/p>\n<p style=\"text-align: center;\"><img src=\"http:\/\/www.martinstrattner.de\/fotoblog\/wp-content\/uploads\/2012\/08\/20120819-MartinStrattner-04.jpg\" alt=\"\" \/> <img src=\"http:\/\/www.martinstrattner.de\/fotoblog\/wp-content\/uploads\/2012\/08\/20120819-MartinStrattner-05.jpg\" alt=\"\" \/><\/p>\n<p style=\"text-align: center;\">Jetzt kommen die unvermeidlichen Touristenfotos. Und nein, ich hatte sie mir nicht gr\u00f6\u00dfer vorgestellt ;)<\/p>\n<p style=\"text-align: center;\"><img src=\"http:\/\/www.martinstrattner.de\/fotoblog\/wp-content\/uploads\/2012\/08\/20120819-MartinStrattner-06.jpg\" alt=\"\" \/> <img src=\"http:\/\/www.martinstrattner.de\/fotoblog\/wp-content\/uploads\/2012\/08\/20120819-MartinStrattner-07.jpg\" alt=\"\" \/><\/p>\n<p style=\"text-align: center;\">F\u00fcr das kommende Foto brauchte es zwei Anl\u00e4ufe. Die erste Person der ich meinen Fotoapparat in die Hand dr\u00fcckte machte ganz grauenvolle Bilder. Ich habe dann also Doris nochmal postiert, ein ideal komponiertes Beispielbild gemacht, und dem n\u00e4chsten der vorbeikam und ne Spiegelreflex hatte das Bild gezeigt und gesagt er soll jetzt bitte ein Foto von uns beiden machen (gefragt habe ich eigentlich) und das SO komponieren. \u00a0Hat nicht funktioniert. Gar nicht.<\/p>\n<p style=\"text-align: center;\"><img src=\"http:\/\/www.martinstrattner.de\/fotoblog\/wp-content\/uploads\/2012\/08\/20120819-MartinStrattner-08.jpg\" alt=\"\" \/><\/p>\n<p style=\"text-align: center;\">Am ersten und letzten Tag in New York habe ich mein &#8222;New York is not enough&#8220; T-Shirt angezogen. (Nat\u00fcrlich gewaschen dazwischen) Das fand ich lustig. <a href=\"http:\/\/herbstkind.com\">Doris<\/a> offensichtlich auch.<\/p>\n<p style=\"text-align: center;\"><img src=\"http:\/\/www.martinstrattner.de\/fotoblog\/wp-content\/uploads\/2012\/08\/20120819-MartinStrattner-09.jpg\" alt=\"\" \/> <img src=\"http:\/\/www.martinstrattner.de\/fotoblog\/wp-content\/uploads\/2012\/08\/20120819-MartinStrattner-11.jpg\" alt=\"\" \/> <img src=\"http:\/\/www.martinstrattner.de\/fotoblog\/wp-content\/uploads\/2012\/08\/20120819-MartinStrattner-12.jpg\" alt=\"\" \/> <img src=\"http:\/\/www.martinstrattner.de\/fotoblog\/wp-content\/uploads\/2012\/08\/20120819-MartinStrattner-13.jpg\" alt=\"\" \/> <img src=\"http:\/\/www.martinstrattner.de\/fotoblog\/wp-content\/uploads\/2012\/08\/20120819-MartinStrattner-14.jpg\" alt=\"\" \/><\/p>\n<p style=\"text-align: center;\">Rauf auf&#8217;s Schiffchen und r\u00fcber nach Ellis Island. Wo die Einwanderer der Holzklasse auf Herz und Nieren gepr\u00fcft wurden. Sind sie wirklich gut, gesund und n\u00fctzlich genug um sie in die USA zu lassen? Ein sch\u00f6nes Museum ist das wenngleich das gezeigte oft bedr\u00fcckend und unerfreulich war, gut aufbereitet, interessante Audiotour f\u00fcr die wir uns auch mehr Zeit h\u00e4tten nehmen k\u00f6nnen. Aber wir wollten ja noch mehr schaffen an diesem Tag.<\/p>\n<p style=\"text-align: center;\"><img src=\"http:\/\/www.martinstrattner.de\/fotoblog\/wp-content\/uploads\/2012\/08\/20120819-MartinStrattner-15.jpg\" alt=\"\" \/> <img src=\"http:\/\/www.martinstrattner.de\/fotoblog\/wp-content\/uploads\/2012\/08\/20120819-MartinStrattner-16.jpg\" alt=\"\" \/> <img src=\"http:\/\/www.martinstrattner.de\/fotoblog\/wp-content\/uploads\/2012\/08\/20120819-MartinStrattner-17.jpg\" alt=\"\" \/><\/p>\n<p style=\"text-align: center;\">Nat\u00fcrlich finden &#8222;die Amerikaner&#8220; ihr Land gro\u00dfartig. (Ganz grauenvoller gelernter Satz). Jedenfalls, hier sind \u00fcberall Flaggen. \u00dcberall. \u00dcberall. Und ich habe dabei st\u00e4ndig diese <a href=\"http:\/\/www.youtube.com\/watch?v=eGiYEWRzTik\">eine Szene aus den Simpsons<\/a> im Kopf. Bei jeder Fahne an der wir vorbeigehen. Also st\u00e4ndig.<\/p>\n<p style=\"text-align: center;\"><img src=\"http:\/\/www.martinstrattner.de\/fotoblog\/wp-content\/uploads\/2012\/08\/20120819-MartinStrattner-18.jpg\" alt=\"\" \/><\/p>\n<p style=\"text-align: center;\">Mit dem <del>Segel<\/del>-Boot wieder nach Manhattan. Wallstreet, Woolworth, City-Hall, 9\/11 von aussen, und \u00fcberhaupt alles &#8222;da unten&#8220;. Am Ende davon war ich eigentlich entt\u00e4uscht. Die Erwartungen waren zu gro\u00df. Ist mir klar, dass in Filmen alles polierter, monumentaler und einzigartiger aussieht. Ich war bisher einfach nicht so beeindruckt wie ich es gerne gewesen w\u00e4re. Zur Entschuldigung f\u00fcr New York: dieser erste Tag ist ein Sonntag, wohl eher schlecht um dieses Viertel zu erkundigen.<\/p>\n<p style=\"text-align: center;\"><img src=\"http:\/\/www.martinstrattner.de\/fotoblog\/wp-content\/uploads\/2012\/08\/20120819-MartinStrattner-19.jpg\" alt=\"\" \/> <img src=\"http:\/\/www.martinstrattner.de\/fotoblog\/wp-content\/uploads\/2012\/08\/20120819-MartinStrattner-20.jpg\" alt=\"\" \/> <img src=\"http:\/\/www.martinstrattner.de\/fotoblog\/wp-content\/uploads\/2012\/08\/20120819-MartinStrattner-21.jpg\" alt=\"\" \/> <img src=\"http:\/\/www.martinstrattner.de\/fotoblog\/wp-content\/uploads\/2012\/08\/20120819-MartinStrattner-22.jpg\" alt=\"\" \/> <img src=\"http:\/\/www.martinstrattner.de\/fotoblog\/wp-content\/uploads\/2012\/08\/20120819-MartinStrattner-23.jpg\" alt=\"\" \/> <img src=\"http:\/\/www.martinstrattner.de\/fotoblog\/wp-content\/uploads\/2012\/08\/20120819-MartinStrattner-24.jpg\" alt=\"\" \/> <img src=\"http:\/\/www.martinstrattner.de\/fotoblog\/wp-content\/uploads\/2012\/08\/20120819-MartinStrattner-25.jpg\" alt=\"\" \/> <img src=\"http:\/\/www.martinstrattner.de\/fotoblog\/wp-content\/uploads\/2012\/08\/20120819-MartinStrattner-26.jpg\" alt=\"\" \/><\/p>\n<p style=\"text-align: center;\">Es reicht erstmal mit den hohen Geb\u00e4uden. Wir fahren also nach SoHo. Hier gef\u00e4llt&#8217;s mir jetzt richtig gut. Sehr belebt alles. Und die Leute wirken alle sehr dynamisch, aufgeschlossen und nett. Viele kleine interessante L\u00e4den. Wir gehen kreuz und quer durch die Stra\u00dfen, sehen uns die wundersch\u00f6nen H\u00e4user mit dem vielen Metall an ihren Fassaden an. Und beschlie\u00dfen hier nochmal her zu kommen wenn wir irgendwann in den n\u00e4chsten Tagen Zeit finden. (Finden wir aber nicht. Gut f\u00fcr euch, so wird&#8217;s mit den Bildern nicht langweilig. ;) )<\/p>\n<p style=\"text-align: center;\"><img src=\"http:\/\/www.martinstrattner.de\/fotoblog\/wp-content\/uploads\/2012\/08\/20120819-MartinStrattner-27.jpg\" alt=\"\" \/> <img src=\"http:\/\/www.martinstrattner.de\/fotoblog\/wp-content\/uploads\/2012\/08\/20120819-MartinStrattner-28.jpg\" alt=\"\" \/> <img src=\"http:\/\/www.martinstrattner.de\/fotoblog\/wp-content\/uploads\/2012\/08\/20120819-MartinStrattner-29.jpg\" alt=\"\" \/> <img src=\"http:\/\/www.martinstrattner.de\/fotoblog\/wp-content\/uploads\/2012\/08\/20120819-MartinStrattner-30.jpg\" alt=\"\" \/> <img src=\"http:\/\/www.martinstrattner.de\/fotoblog\/wp-content\/uploads\/2012\/08\/20120819-MartinStrattner-31.jpg\" alt=\"\" \/><\/p>\n<p style=\"text-align: center;\">So wie im n\u00e4chsten Bild sehen wir meist aus, irgendwo immer mindestens eine Kamera, und ne Tasche mit Objektiven und GETR\u00c4NK und Reisef\u00fchrer. Der Gesichtsausdruck hingegen ist nicht immer so, sondern meist fr\u00f6hlich. Und gegen Ende des Tages oft ersch\u00f6pft ;)<\/p>\n<p style=\"text-align: center;\"><img src=\"http:\/\/www.martinstrattner.de\/fotoblog\/wp-content\/uploads\/2012\/08\/20120819-MartinStrattner-32.jpg\" alt=\"\" \/> <img src=\"http:\/\/www.martinstrattner.de\/fotoblog\/wp-content\/uploads\/2012\/08\/20120819-MartinStrattner-33.jpg\" alt=\"\" \/> <img src=\"http:\/\/www.martinstrattner.de\/fotoblog\/wp-content\/uploads\/2012\/08\/20120819-MartinStrattner-34.jpg\" alt=\"\" \/> <img src=\"http:\/\/www.martinstrattner.de\/fotoblog\/wp-content\/uploads\/2012\/08\/20120819-MartinStrattner-35.jpg\" alt=\"\" \/> <img src=\"http:\/\/www.martinstrattner.de\/fotoblog\/wp-content\/uploads\/2012\/08\/20120819-MartinStrattner-36.jpg\" alt=\"\" \/> <img src=\"http:\/\/www.martinstrattner.de\/fotoblog\/wp-content\/uploads\/2012\/08\/20120819-MartinStrattner-37.jpg\" alt=\"\" \/> <img src=\"http:\/\/www.martinstrattner.de\/fotoblog\/wp-content\/uploads\/2012\/08\/20120819-MartinStrattner-38.jpg\" alt=\"\" \/> <img src=\"http:\/\/www.martinstrattner.de\/fotoblog\/wp-content\/uploads\/2012\/08\/20120819-MartinStrattner-39.jpg\" alt=\"\" \/> <img src=\"http:\/\/www.martinstrattner.de\/fotoblog\/wp-content\/uploads\/2012\/08\/20120819-MartinStrattner-40.jpg\" alt=\"\" \/> <img src=\"http:\/\/www.martinstrattner.de\/fotoblog\/wp-content\/uploads\/2012\/08\/20120819-MartinStrattner-41.jpg\" alt=\"\" \/> <img src=\"http:\/\/www.martinstrattner.de\/fotoblog\/wp-content\/uploads\/2012\/08\/20120819-MartinStrattner-42.jpg\" alt=\"\" \/> <img src=\"http:\/\/www.martinstrattner.de\/fotoblog\/wp-content\/uploads\/2012\/08\/20120819-MartinStrattner-43.jpg\" alt=\"\" \/> <img src=\"http:\/\/www.martinstrattner.de\/fotoblog\/wp-content\/uploads\/2012\/08\/20120819-MartinStrattner-44.jpg\" alt=\"\" \/> <img src=\"http:\/\/www.martinstrattner.de\/fotoblog\/wp-content\/uploads\/2012\/08\/20120819-MartinStrattner-45.jpg\" alt=\"\" \/> <img src=\"http:\/\/www.martinstrattner.de\/fotoblog\/wp-content\/uploads\/2012\/08\/20120819-MartinStrattner-46.jpg\" alt=\"\" \/> <img src=\"http:\/\/www.martinstrattner.de\/fotoblog\/wp-content\/uploads\/2012\/08\/20120819-MartinStrattner-47.jpg\" alt=\"\" \/> <img src=\"http:\/\/www.martinstrattner.de\/fotoblog\/wp-content\/uploads\/2012\/08\/20120819-MartinStrattner-48.jpg\" alt=\"\" \/> <img src=\"http:\/\/www.martinstrattner.de\/fotoblog\/wp-content\/uploads\/2012\/08\/20120819-MartinStrattner-49.jpg\" alt=\"\" \/> <img src=\"http:\/\/www.martinstrattner.de\/fotoblog\/wp-content\/uploads\/2012\/08\/20120819-MartinStrattner-50.jpg\" alt=\"\" \/> <img src=\"http:\/\/www.martinstrattner.de\/fotoblog\/wp-content\/uploads\/2012\/08\/20120819-MartinStrattner-51.jpg\" alt=\"\" \/> <img src=\"http:\/\/www.martinstrattner.de\/fotoblog\/wp-content\/uploads\/2012\/08\/20120819-MartinStrattner-52.jpg\" alt=\"\" \/> <img src=\"http:\/\/www.martinstrattner.de\/fotoblog\/wp-content\/uploads\/2012\/08\/20120819-MartinStrattner-53.jpg\" alt=\"\" \/><\/p>\n<p style=\"text-align: center;\">Von Greenwich aus gehen wir nach Little Italy. Dort essen wir und gehen weiter durch Chinatown zur Brooklyn Bridge. Als wir dort ankommen ist es schon dunkel. Zu sp\u00e4t f\u00fcr Fotos im Sonnenuntergang.<\/p>\n<p style=\"text-align: center;\"><img src=\"http:\/\/www.martinstrattner.de\/fotoblog\/wp-content\/uploads\/2012\/08\/20120819-MartinStrattner-54.jpg\" alt=\"\" \/> <img src=\"http:\/\/www.martinstrattner.de\/fotoblog\/wp-content\/uploads\/2012\/08\/20120819-MartinStrattner-55.jpg\" alt=\"\" \/> <img src=\"http:\/\/www.martinstrattner.de\/fotoblog\/wp-content\/uploads\/2012\/08\/20120819-MartinStrattner-56.jpg\" alt=\"\" \/> <img src=\"http:\/\/www.martinstrattner.de\/fotoblog\/wp-content\/uploads\/2012\/08\/20120819-MartinStrattner-57.jpg\" alt=\"\" \/><\/p>\n<p style=\"text-align: center;\">Der ganze Tag auf den Beinen hat uns ziemlich geschlaucht. Und das wird die n\u00e4chsten Tage noch mehr. Am Abend im Hotel m\u00fcssen dann &#8211; wie auch alle folgenden Tage &#8211; erstmal die Fotos importiert und gesichert werden, und gleichzeitig der n\u00e4chste Tag geplant werden. Das immer wieder wegbrechende Internet macht es dabei leider nicht einfach bspw. Eintrittskarten vorzubestellen.<\/p>\n<p style=\"text-align: center;\">Am Ende des Tages bin ich noch etwas entt\u00e4uscht. SoHo\u00a0war sch\u00f6n, aber doch eigentlich sehr europ\u00e4isch oder? Und der &#8222;New York Teil&#8220; New Yorks hat mich nicht gepackt.<\/p>\n<p style=\"text-align: center;\">Bis wir im Bett sind ist es halb drei, und morgen stehen wir um 8 Uhr auf, wir wollen auf&#8217;s Empire State Building rauf.<\/p>\n\n<!-- Facebook Like Button v1.9.6 BEGIN [http:\/\/blog.bottomlessinc.com] -->\n<fb:like href=\"http:\/\/www.martinstrattner.de\/fotoblog\/2012\/08\/canada-und-usa-4-new-york\/\" layout=\"button_count\" show_faces=\"false\" width=\"450\" action=\"like\" colorscheme=\"light\"><\/fb:like>\n<!-- Facebook Like Button END -->\n<\/div><\/div>","protected":false},"excerpt":{"rendered":"<p>Wow, New York. Wow, wow, wow. Aufgewacht sind wir im Holiday Inn in Queens (wer mir in foursquare folgt wei\u00df das aber eh schon ;) ). Nicht allzu teuer f\u00fcr New York, aber sch\u00f6n. Und mit etwas Mut konnte man vom Balkon aus auch nach Manhattan r\u00fcber sehen. \u00a0Die Erwartungen an New York waren riesig. [&hellip;]<\/p>\n","protected":false},"author":1,"featured_media":790,"comment_status":"open","ping_status":"open","sticky":false,"template":"","format":"standard","meta":{"spay_email":"","jetpack_publicize_message":""},"categories":[3,13,6,7],"tags":[],"jetpack_featured_media_url":"http:\/\/www.martinstrattner.de\/fotoblog\/wp-content\/uploads\/2012\/08\/Titel-120819-MartinStrattner.jpg","jetpack_publicize_connections":[],"jetpack_shortlink":"https:\/\/wp.me\/p2qpVl-bJ","jetpack_sharing_enabled":true,"jetpack-related-posts":[],"_links":{"self":[{"href":"http:\/\/www.martinstrattner.de\/fotoblog\/wp-json\/wp\/v2\/posts\/727"}],"collection":[{"href":"http:\/\/www.martinstrattner.de\/fotoblog\/wp-json\/wp\/v2\/posts"}],"about":[{"href":"http:\/\/www.martinstrattner.de\/fotoblog\/wp-json\/wp\/v2\/types\/post"}],"author":[{"embeddable":true,"href":"http:\/\/www.martinstrattner.de\/fotoblog\/wp-json\/wp\/v2\/users\/1"}],"replies":[{"embeddable":true,"href":"http:\/\/www.martinstrattner.de\/fotoblog\/wp-json\/wp\/v2\/comments?post=727"}],"version-history":[{"count":11,"href":"http:\/\/www.martinstrattner.de\/fotoblog\/wp-json\/wp\/v2\/posts\/727\/revisions"}],"predecessor-version":[{"id":5693,"href":"http:\/\/www.martinstrattner.de\/fotoblog\/wp-json\/wp\/v2\/posts\/727\/revisions\/5693"}],"wp:featuredmedia":[{"embeddable":true,"href":"http:\/\/www.martinstrattner.de\/fotoblog\/wp-json\/wp\/v2\/media\/790"}],"wp:attachment":[{"href":"http:\/\/www.martinstrattner.de\/fotoblog\/wp-json\/wp\/v2\/media?parent=727"}],"wp:term":[{"taxonomy":"category","embeddable":true,"href":"http:\/\/www.martinstrattner.de\/fotoblog\/wp-json\/wp\/v2\/categories?post=727"},{"taxonomy":"post_tag","embeddable":true,"href":"http:\/\/www.martinstrattner.de\/fotoblog\/wp-json\/wp\/v2\/tags?post=727"}],"curies":[{"name":"wp","href":"https:\/\/api.w.org\/{rel}","templated":true}]}}