{"id":700,"date":"2012-08-28T04:01:34","date_gmt":"2012-08-28T02:01:34","guid":{"rendered":"http:\/\/www.martinstrattner.de\/fotoblog\/?p=700"},"modified":"2015-03-29T02:19:08","modified_gmt":"2015-03-29T01:19:08","slug":"canada-und-usa-3-amtrak-von-niagara-falls-nach-new-york","status":"publish","type":"post","link":"http:\/\/www.martinstrattner.de\/fotoblog\/2012\/08\/canada-und-usa-3-amtrak-von-niagara-falls-nach-new-york\/","title":{"rendered":"Canada und USA *3 (AMTRAK von Niagara Falls nach New York)"},"content":{"rendered":"<div id=\"dslc-theme-content\"><div id=\"dslc-theme-content-inner\"><p style=\"text-align: center;\">Kanada war sch\u00f6n, das eigentliche Ziel der Reise sollte aber ja die Ostk\u00fcste der USA sein.<br \/>\nWir entschieden uns daf\u00fcr die Strecke von Niagara Falls nach New York per AMTRAK zur\u00fcck zu legen. Begr\u00fcndung: &#8222;Wir ersparen uns einmal l\u00e4cherliche Flughafen-Security&#8220; und &#8222;Wir sehen was von der Landschaft&#8220;. Weil so ne Zugfahrt aber lange dauert, galt es erst einmal ordentlich zu Fr\u00fchst\u00fccken. Gerade recht kam da das Pancake House, unweit unseres abgeranzten Hotels.<\/p>\n<p style=\"text-align: center;\"><img src=\"http:\/\/www.martinstrattner.de\/fotoblog\/wp-content\/uploads\/2012\/08\/20120818-MartinStrattner-01.jpg\" alt=\"\" \/> <img src=\"http:\/\/www.martinstrattner.de\/fotoblog\/wp-content\/uploads\/2012\/08\/20120818-MartinStrattner-02.jpg\" alt=\"\" \/><\/p>\n<p style=\"text-align: center;\">Den Weg zum Bahnhof wieder mit dem Bus zur\u00fcckgelegt (leider fuhr uns diesmal nicht die Rennfahrerin), und dabei ein einzelnes deutsches Paar kennengelernt die wir die n\u00e4chsten Tage noch \u00f6fters sehen sollten. Sowieso, als Deutscher benutzt man wohl gerne die \u00f6ffentlichen Verkehrsmittel, und ist damit oft alleine.<\/p>\n<p style=\"text-align: center;\"><img src=\"http:\/\/www.martinstrattner.de\/fotoblog\/wp-content\/uploads\/2012\/08\/20120818-MartinStrattner-03.jpg\" alt=\"\" \/> <img src=\"http:\/\/www.martinstrattner.de\/fotoblog\/wp-content\/uploads\/2012\/08\/20120818-MartinStrattner-04.jpg\" alt=\"\" \/> <img src=\"http:\/\/www.martinstrattner.de\/fotoblog\/wp-content\/uploads\/2012\/08\/20120818-MartinStrattner-05.jpg\" alt=\"\" \/><\/p>\n<p style=\"text-align: center;\">Am Bahnhof wieder der schon bekannte Eincheck-Vorgang. Alle sch\u00f6n in einer Reihe anstellen. W\u00e4hrenddessen schreit der Bahnhofschef regelm\u00e4\u00dfig der Zug w\u00e4re total ausgebucht, man solle doch bitte keinen Platz freilassen gleich. Die anwesenden Wartenden werden ziemlich nerv\u00f6s, die Schlange franst aus, und das AMTRAK-Personal hat gro\u00dfe M\u00fche der Pulkbildung entgegenzuwirken. Dabei ist es extrem wichtig, dass wir alle eine imagin\u00e4re Linie die sich irgendwo quer auf dem Bahnsteig befindet nicht \u00fcberschreiten, sonst werden wir angeschrien. Die Einreise in die USA dauert gute 3 Stunden. Der Zug h\u00e4lt irgendwo, schwer bewaffnete Beamte durchstreifen den Zug, wir m\u00fcssen aussteigen und wieder mal Formulare ausf\u00fcllen. Nebenbei erfahren wir die komplette Lebensgeschichte von Mitreisenden die detailliert zu ihrer Vergangenheit befragt werden.<\/p>\n<p style=\"text-align: center;\">Die Zugfahrt ist unspannend. Zu sehen gibt&#8217;s eigentlich nichts. Aber es ist mir wirklich unverst\u00e4ndlich wie es m\u00f6glich ist Schienen derma\u00dfen schlecht zu verlegen. Das k\u00f6nnte ein Rudel einflossiger Delfine besser. Ich bin mir sicher wir sind mindestens dreimal entgleist, und ein paar Meilen auf dem Gleisbett gefahren.<br \/>\nDie Zeit war gerade so ausreichend um zwei Blogposts zu erstellen (<a href=\"http:\/\/herbstkind.com\">Doris<\/a> hat dabei das Bild unten von mir gemacht), und ein wenig in den Reisef\u00fchrern zu Bl\u00e4ttern.<\/p>\n<p style=\"text-align: center;\"><img src=\"http:\/\/www.martinstrattner.de\/fotoblog\/wp-content\/uploads\/2012\/08\/20120818-MartinStrattner-06.jpg\" alt=\"\" \/><\/p>\n<p style=\"text-align: center;\">Und schon waren wir in New York, Penn Station.<\/p>\n<p><img class=\"aligncenter\" src=\"http:\/\/www.martinstrattner.de\/fotoblog\/wp-content\/uploads\/2012\/08\/20120818-MartinStrattner-07.jpg\" alt=\"\" \/> <img class=\"aligncenter\" src=\"http:\/\/www.martinstrattner.de\/fotoblog\/wp-content\/uploads\/2012\/08\/20120818-MartinStrattner-08.jpg\" alt=\"\" \/> <img class=\"aligncenter\" src=\"http:\/\/www.martinstrattner.de\/fotoblog\/wp-content\/uploads\/2012\/08\/20120818-MartinStrattner-09.jpg\" alt=\"\" \/> <img class=\"aligncenter\" src=\"http:\/\/www.martinstrattner.de\/fotoblog\/wp-content\/uploads\/2012\/08\/20120818-MartinStrattner-10.jpg\" alt=\"\" \/> <img class=\"aligncenter\" src=\"http:\/\/www.martinstrattner.de\/fotoblog\/wp-content\/uploads\/2012\/08\/20120818-MartinStrattner-11.jpg\" alt=\"\" \/><\/p>\n\n<!-- Facebook Like Button v1.9.6 BEGIN [http:\/\/blog.bottomlessinc.com] -->\n<fb:like href=\"http:\/\/www.martinstrattner.de\/fotoblog\/2012\/08\/canada-und-usa-3-amtrak-von-niagara-falls-nach-new-york\/\" layout=\"button_count\" show_faces=\"false\" width=\"450\" action=\"like\" colorscheme=\"light\"><\/fb:like>\n<!-- Facebook Like Button END -->\n<\/div><\/div>","protected":false},"excerpt":{"rendered":"<p>Kanada war sch\u00f6n, das eigentliche Ziel der Reise sollte aber ja die Ostk\u00fcste der USA sein. Wir entschieden uns daf\u00fcr die Strecke von Niagara Falls nach New York per AMTRAK zur\u00fcck zu legen. Begr\u00fcndung: &#8222;Wir ersparen uns einmal l\u00e4cherliche Flughafen-Security&#8220; und &#8222;Wir sehen was von der Landschaft&#8220;. Weil so ne Zugfahrt aber lange dauert, galt [&hellip;]<\/p>\n","protected":false},"author":1,"featured_media":715,"comment_status":"open","ping_status":"open","sticky":false,"template":"","format":"standard","meta":{"spay_email":"","jetpack_publicize_message":""},"categories":[1,13,6],"tags":[],"jetpack_featured_media_url":"http:\/\/www.martinstrattner.de\/fotoblog\/wp-content\/uploads\/2012\/08\/Titel-120818-MartinStrattner.jpg","jetpack_publicize_connections":[],"jetpack_shortlink":"https:\/\/wp.me\/p2qpVl-bi","jetpack_sharing_enabled":true,"jetpack-related-posts":[],"_links":{"self":[{"href":"http:\/\/www.martinstrattner.de\/fotoblog\/wp-json\/wp\/v2\/posts\/700"}],"collection":[{"href":"http:\/\/www.martinstrattner.de\/fotoblog\/wp-json\/wp\/v2\/posts"}],"about":[{"href":"http:\/\/www.martinstrattner.de\/fotoblog\/wp-json\/wp\/v2\/types\/post"}],"author":[{"embeddable":true,"href":"http:\/\/www.martinstrattner.de\/fotoblog\/wp-json\/wp\/v2\/users\/1"}],"replies":[{"embeddable":true,"href":"http:\/\/www.martinstrattner.de\/fotoblog\/wp-json\/wp\/v2\/comments?post=700"}],"version-history":[{"count":11,"href":"http:\/\/www.martinstrattner.de\/fotoblog\/wp-json\/wp\/v2\/posts\/700\/revisions"}],"predecessor-version":[{"id":5694,"href":"http:\/\/www.martinstrattner.de\/fotoblog\/wp-json\/wp\/v2\/posts\/700\/revisions\/5694"}],"wp:featuredmedia":[{"embeddable":true,"href":"http:\/\/www.martinstrattner.de\/fotoblog\/wp-json\/wp\/v2\/media\/715"}],"wp:attachment":[{"href":"http:\/\/www.martinstrattner.de\/fotoblog\/wp-json\/wp\/v2\/media?parent=700"}],"wp:term":[{"taxonomy":"category","embeddable":true,"href":"http:\/\/www.martinstrattner.de\/fotoblog\/wp-json\/wp\/v2\/categories?post=700"},{"taxonomy":"post_tag","embeddable":true,"href":"http:\/\/www.martinstrattner.de\/fotoblog\/wp-json\/wp\/v2\/tags?post=700"}],"curies":[{"name":"wp","href":"https:\/\/api.w.org\/{rel}","templated":true}]}}