{"id":6652,"date":"2016-04-12T17:30:06","date_gmt":"2016-04-12T16:30:06","guid":{"rendered":"http:\/\/www.martinstrattner.de\/fotoblog\/?p=6652"},"modified":"2016-04-11T23:12:57","modified_gmt":"2016-04-11T22:12:57","slug":"auf-dem-parkhaus-mit-julie","status":"publish","type":"post","link":"http:\/\/www.martinstrattner.de\/fotoblog\/2016\/04\/auf-dem-parkhaus-mit-julie\/","title":{"rendered":"Auf dem Parkhaus mit Julie"},"content":{"rendered":"<div id=\"dslc-theme-content\"><div id=\"dslc-theme-content-inner\"><p>Zuf\u00e4llig habe ich das Dach eines Parkhauses gefunden. Es ist f\u00fcr Autos gesperrt, alles sehr sch\u00f6n hell da oben. Und ein guter Ausblick \u00fcber M\u00fcnchen, was gleichzeitig bedeutet, es scheint den ganzen Tag die Sonne drauf. also auch bei Sonnenuntergang. Perfekt dachte ich, und hab gefragt wer Lust hat auf ein kurzes Testshooting. Daraus ist direkt ne Serie von Shootings geworden, und hier ist das Erste. :) <a href=\"https:\/\/www.facebook.com\/yulkamusa\/?fref=ts\">Julie<\/a> und ich\u00a0hatten nur eine Stunde Zeit bis die Sonne zu tief stand, es musste also richtig schnell gehen.<\/p>\n<p><img loading=\"lazy\" class=\"aligncenter size-full wp-image-6675\" src=\"http:\/\/www.martinstrattner.de\/fotoblog\/wp-content\/uploads\/2016\/04\/Juli2-MartinStrattner-01.jpg\" alt=\"Juli2-MartinStrattner-01\" width=\"700\" height=\"1050\" \/><img loading=\"lazy\" class=\"aligncenter size-large wp-image-6655\" src=\"http:\/\/www.martinstrattner.de\/fotoblog\/wp-content\/uploads\/2016\/04\/Julie-MartinStrattner-03.jpg\" alt=\"Julie-MartinStrattner-03\" width=\"700\" height=\"1050\" \/><img loading=\"lazy\" class=\"aligncenter size-large wp-image-6658\" src=\"http:\/\/www.martinstrattner.de\/fotoblog\/wp-content\/uploads\/2016\/04\/Julie-MartinStrattner-06.jpg\" alt=\"Julie-MartinStrattner-06\" width=\"700\" height=\"1050\" \/> <img loading=\"lazy\" class=\"aligncenter size-large wp-image-6660\" src=\"http:\/\/www.martinstrattner.de\/fotoblog\/wp-content\/uploads\/2016\/04\/Julie-MartinStrattner-08.jpg\" alt=\"Julie-MartinStrattner-08\" width=\"700\" height=\"467\" \/> <img loading=\"lazy\" class=\"aligncenter size-large wp-image-6663\" src=\"http:\/\/www.martinstrattner.de\/fotoblog\/wp-content\/uploads\/2016\/04\/Julie-MartinStrattner-11.jpg\" alt=\"Julie-MartinStrattner-11\" width=\"700\" height=\"1050\" \/> <img loading=\"lazy\" class=\"aligncenter size-large wp-image-6664\" src=\"http:\/\/www.martinstrattner.de\/fotoblog\/wp-content\/uploads\/2016\/04\/Julie-MartinStrattner-12.jpg\" alt=\"Julie-MartinStrattner-12\" width=\"700\" height=\"467\" \/><img loading=\"lazy\" class=\"aligncenter size-large wp-image-6656\" src=\"http:\/\/www.martinstrattner.de\/fotoblog\/wp-content\/uploads\/2016\/04\/Julie-MartinStrattner-04.jpg\" alt=\"Julie-MartinStrattner-04\" width=\"700\" height=\"467\" \/> <img loading=\"lazy\" class=\"aligncenter size-large wp-image-6666\" src=\"http:\/\/www.martinstrattner.de\/fotoblog\/wp-content\/uploads\/2016\/04\/Julie-MartinStrattner-14.jpg\" alt=\"Julie-MartinStrattner-14\" width=\"700\" height=\"1050\" \/> <img loading=\"lazy\" class=\"aligncenter size-large wp-image-6667\" src=\"http:\/\/www.martinstrattner.de\/fotoblog\/wp-content\/uploads\/2016\/04\/Julie-MartinStrattner-15.jpg\" alt=\"Julie-MartinStrattner-15\" width=\"700\" height=\"1050\" \/> <img loading=\"lazy\" class=\"aligncenter size-large wp-image-6668\" src=\"http:\/\/www.martinstrattner.de\/fotoblog\/wp-content\/uploads\/2016\/04\/Julie-MartinStrattner-16.jpg\" alt=\"Julie-MartinStrattner-16\" width=\"700\" height=\"1050\" \/> <img loading=\"lazy\" class=\"aligncenter size-large wp-image-6669\" src=\"http:\/\/www.martinstrattner.de\/fotoblog\/wp-content\/uploads\/2016\/04\/Julie-MartinStrattner-17.jpg\" alt=\"Julie-MartinStrattner-17\" width=\"700\" height=\"1050\" \/><\/p>\n\n<!-- Facebook Like Button v1.9.6 BEGIN [http:\/\/blog.bottomlessinc.com] -->\n<fb:like href=\"http:\/\/www.martinstrattner.de\/fotoblog\/2016\/04\/auf-dem-parkhaus-mit-julie\/\" layout=\"button_count\" show_faces=\"false\" width=\"450\" action=\"like\" colorscheme=\"light\"><\/fb:like>\n<!-- Facebook Like Button END -->\n<\/div><\/div>","protected":false},"excerpt":{"rendered":"<p>Zuf\u00e4llig habe ich das Dach eines Parkhauses gefunden. Es ist f\u00fcr Autos gesperrt, alles sehr sch\u00f6n hell da oben. Und ein guter Ausblick \u00fcber M\u00fcnchen, was gleichzeitig bedeutet, es scheint den ganzen Tag die Sonne drauf. also auch bei Sonnenuntergang. Perfekt dachte ich, und hab gefragt wer Lust hat auf ein kurzes Testshooting. Daraus ist [&hellip;]<\/p>\n","protected":false},"author":1,"featured_media":6673,"comment_status":"open","ping_status":"open","sticky":false,"template":"","format":"standard","meta":{"spay_email":"","jetpack_publicize_message":""},"categories":[4],"tags":[],"jetpack_featured_media_url":"http:\/\/www.martinstrattner.de\/fotoblog\/wp-content\/uploads\/2016\/04\/Titel-Julie-MartinStrattner.jpg","jetpack_publicize_connections":[],"jetpack_shortlink":"https:\/\/wp.me\/p2qpVl-1Ji","jetpack_sharing_enabled":true,"jetpack-related-posts":[],"_links":{"self":[{"href":"http:\/\/www.martinstrattner.de\/fotoblog\/wp-json\/wp\/v2\/posts\/6652"}],"collection":[{"href":"http:\/\/www.martinstrattner.de\/fotoblog\/wp-json\/wp\/v2\/posts"}],"about":[{"href":"http:\/\/www.martinstrattner.de\/fotoblog\/wp-json\/wp\/v2\/types\/post"}],"author":[{"embeddable":true,"href":"http:\/\/www.martinstrattner.de\/fotoblog\/wp-json\/wp\/v2\/users\/1"}],"replies":[{"embeddable":true,"href":"http:\/\/www.martinstrattner.de\/fotoblog\/wp-json\/wp\/v2\/comments?post=6652"}],"version-history":[{"count":3,"href":"http:\/\/www.martinstrattner.de\/fotoblog\/wp-json\/wp\/v2\/posts\/6652\/revisions"}],"predecessor-version":[{"id":6677,"href":"http:\/\/www.martinstrattner.de\/fotoblog\/wp-json\/wp\/v2\/posts\/6652\/revisions\/6677"}],"wp:featuredmedia":[{"embeddable":true,"href":"http:\/\/www.martinstrattner.de\/fotoblog\/wp-json\/wp\/v2\/media\/6673"}],"wp:attachment":[{"href":"http:\/\/www.martinstrattner.de\/fotoblog\/wp-json\/wp\/v2\/media?parent=6652"}],"wp:term":[{"taxonomy":"category","embeddable":true,"href":"http:\/\/www.martinstrattner.de\/fotoblog\/wp-json\/wp\/v2\/categories?post=6652"},{"taxonomy":"post_tag","embeddable":true,"href":"http:\/\/www.martinstrattner.de\/fotoblog\/wp-json\/wp\/v2\/tags?post=6652"}],"curies":[{"name":"wp","href":"https:\/\/api.w.org\/{rel}","templated":true}]}}