{"id":5220,"date":"2015-02-26T18:54:16","date_gmt":"2015-02-26T17:54:16","guid":{"rendered":"http:\/\/www.martinstrattner.de\/fotoblog\/?p=5220"},"modified":"2015-03-28T00:53:43","modified_gmt":"2015-03-27T23:53:43","slug":"lisa-closer","status":"publish","type":"post","link":"http:\/\/www.martinstrattner.de\/fotoblog\/2015\/02\/lisa-closer\/","title":{"rendered":"Lisa (Closer)"},"content":{"rendered":"<div id=\"dslc-theme-content\"><div id=\"dslc-theme-content-inner\"><p>Nur noch ein paar Mal bin ich in dieser Stadt, und alle Shootings die ich irgendwann mal machen wollte mussten jetzt schnell nacheinander passieren. Also die gro\u00dfe Reisetasche zus\u00e4tzlich zum Koffer mitnehmen, mit all dem wunderbaren Licht darin.<br \/>\nMit Lisa hatte ich schon l\u00e4ngere Zeit ein Shooting geplant, und es hat gerade so noch funktioniert, dass wir einen gemeinsamen Termin finden.<br \/>\nWir wussten beide nicht was uns erwartet, ich war noch nie in dem Hotel, wir hatten noch kein Shooting zusammen. Aber es lief gut, was man den Bildern denke ich ansieht. Ich mag die Ergebnisse, dieses Dunkle, leicht mysteri\u00f6se.<\/p>\n<p><img loading=\"lazy\" class=\"alignnone size-full wp-image-5399 aligncenter\" src=\"http:\/\/www.martinstrattner.de\/fotoblog\/wp-content\/uploads\/2015\/02\/Lisa-MartinStrattner-03.jpg\" alt=\"Lisa-MartinStrattner-03\" width=\"600\" height=\"900\" srcset=\"http:\/\/www.martinstrattner.de\/fotoblog\/wp-content\/uploads\/2015\/02\/Lisa-MartinStrattner-03.jpg 600w, http:\/\/www.martinstrattner.de\/fotoblog\/wp-content\/uploads\/2015\/02\/Lisa-MartinStrattner-03-508x762.jpg 508w\" sizes=\"(max-width: 600px) 100vw, 600px\" \/><img loading=\"lazy\" class=\"alignnone size-large wp-image-5397 aligncenter\" src=\"http:\/\/www.martinstrattner.de\/fotoblog\/wp-content\/uploads\/2015\/02\/Lisa-MartinStrattner-01.jpg\" alt=\"Lisa-MartinStrattner-01\" width=\"600\" height=\"900\" srcset=\"http:\/\/www.martinstrattner.de\/fotoblog\/wp-content\/uploads\/2015\/02\/Lisa-MartinStrattner-01.jpg 600w, http:\/\/www.martinstrattner.de\/fotoblog\/wp-content\/uploads\/2015\/02\/Lisa-MartinStrattner-01-508x762.jpg 508w\" sizes=\"(max-width: 600px) 100vw, 600px\" \/> <img loading=\"lazy\" class=\"alignnone size-large wp-image-5398 aligncenter\" src=\"http:\/\/www.martinstrattner.de\/fotoblog\/wp-content\/uploads\/2015\/02\/Lisa-MartinStrattner-02.jpg\" alt=\"Lisa-MartinStrattner-02\" width=\"600\" height=\"900\" srcset=\"http:\/\/www.martinstrattner.de\/fotoblog\/wp-content\/uploads\/2015\/02\/Lisa-MartinStrattner-02.jpg 600w, http:\/\/www.martinstrattner.de\/fotoblog\/wp-content\/uploads\/2015\/02\/Lisa-MartinStrattner-02-508x762.jpg 508w\" sizes=\"(max-width: 600px) 100vw, 600px\" \/> <img loading=\"lazy\" class=\"alignnone size-large wp-image-5417 aligncenter\" src=\"http:\/\/www.martinstrattner.de\/fotoblog\/wp-content\/uploads\/2015\/02\/Lisa-MartinStrattner-21.jpg\" alt=\"Lisa-MartinStrattner-21\" width=\"600\" height=\"900\" srcset=\"http:\/\/www.martinstrattner.de\/fotoblog\/wp-content\/uploads\/2015\/02\/Lisa-MartinStrattner-21.jpg 600w, http:\/\/www.martinstrattner.de\/fotoblog\/wp-content\/uploads\/2015\/02\/Lisa-MartinStrattner-21-508x762.jpg 508w\" sizes=\"(max-width: 600px) 100vw, 600px\" \/> <img loading=\"lazy\" class=\"alignnone size-large wp-image-5418 aligncenter\" src=\"http:\/\/www.martinstrattner.de\/fotoblog\/wp-content\/uploads\/2015\/02\/Lisa-MartinStrattner-22.jpg\" alt=\"Lisa-MartinStrattner-22\" width=\"600\" height=\"900\" srcset=\"http:\/\/www.martinstrattner.de\/fotoblog\/wp-content\/uploads\/2015\/02\/Lisa-MartinStrattner-22.jpg 600w, http:\/\/www.martinstrattner.de\/fotoblog\/wp-content\/uploads\/2015\/02\/Lisa-MartinStrattner-22-508x762.jpg 508w\" sizes=\"(max-width: 600px) 100vw, 600px\" \/> Es folgt, das erste erfolgreiche Foto mit dem Lensbaby :)<br \/>\n<img loading=\"lazy\" class=\"alignnone size-large wp-image-5420 aligncenter\" src=\"http:\/\/www.martinstrattner.de\/fotoblog\/wp-content\/uploads\/2015\/02\/Lisa-MartinStrattner-24.jpg\" alt=\"Lisa-MartinStrattner-24\" width=\"600\" height=\"400\" srcset=\"http:\/\/www.martinstrattner.de\/fotoblog\/wp-content\/uploads\/2015\/02\/Lisa-MartinStrattner-24.jpg 600w, http:\/\/www.martinstrattner.de\/fotoblog\/wp-content\/uploads\/2015\/02\/Lisa-MartinStrattner-24-508x339.jpg 508w\" sizes=\"(max-width: 600px) 100vw, 600px\" \/> <img loading=\"lazy\" class=\"alignnone size-large wp-image-5411 aligncenter\" src=\"http:\/\/www.martinstrattner.de\/fotoblog\/wp-content\/uploads\/2015\/02\/Lisa-MartinStrattner-15.jpg\" alt=\"Lisa-MartinStrattner-15\" width=\"600\" height=\"900\" srcset=\"http:\/\/www.martinstrattner.de\/fotoblog\/wp-content\/uploads\/2015\/02\/Lisa-MartinStrattner-15.jpg 600w, http:\/\/www.martinstrattner.de\/fotoblog\/wp-content\/uploads\/2015\/02\/Lisa-MartinStrattner-15-508x762.jpg 508w\" sizes=\"(max-width: 600px) 100vw, 600px\" \/> <img loading=\"lazy\" class=\"alignnone size-large wp-image-5413 aligncenter\" src=\"http:\/\/www.martinstrattner.de\/fotoblog\/wp-content\/uploads\/2015\/02\/Lisa-MartinStrattner-17.jpg\" alt=\"Lisa-MartinStrattner-17\" width=\"600\" height=\"900\" srcset=\"http:\/\/www.martinstrattner.de\/fotoblog\/wp-content\/uploads\/2015\/02\/Lisa-MartinStrattner-17.jpg 600w, http:\/\/www.martinstrattner.de\/fotoblog\/wp-content\/uploads\/2015\/02\/Lisa-MartinStrattner-17-508x762.jpg 508w\" sizes=\"(max-width: 600px) 100vw, 600px\" \/> <img loading=\"lazy\" class=\"alignnone size-large wp-image-5410 aligncenter\" src=\"http:\/\/www.martinstrattner.de\/fotoblog\/wp-content\/uploads\/2015\/02\/Lisa-MartinStrattner-14.jpg\" alt=\"Lisa-MartinStrattner-14\" width=\"600\" height=\"900\" srcset=\"http:\/\/www.martinstrattner.de\/fotoblog\/wp-content\/uploads\/2015\/02\/Lisa-MartinStrattner-14.jpg 600w, http:\/\/www.martinstrattner.de\/fotoblog\/wp-content\/uploads\/2015\/02\/Lisa-MartinStrattner-14-508x762.jpg 508w\" sizes=\"(max-width: 600px) 100vw, 600px\" \/> <img loading=\"lazy\" class=\"alignnone size-large wp-image-5409 aligncenter\" src=\"http:\/\/www.martinstrattner.de\/fotoblog\/wp-content\/uploads\/2015\/02\/Lisa-MartinStrattner-13.jpg\" alt=\"Lisa-MartinStrattner-13\" width=\"600\" height=\"900\" srcset=\"http:\/\/www.martinstrattner.de\/fotoblog\/wp-content\/uploads\/2015\/02\/Lisa-MartinStrattner-13.jpg 600w, http:\/\/www.martinstrattner.de\/fotoblog\/wp-content\/uploads\/2015\/02\/Lisa-MartinStrattner-13-508x762.jpg 508w\" sizes=\"(max-width: 600px) 100vw, 600px\" \/> <img loading=\"lazy\" class=\"alignnone size-large wp-image-5406 aligncenter\" src=\"http:\/\/www.martinstrattner.de\/fotoblog\/wp-content\/uploads\/2015\/02\/Lisa-MartinStrattner-10.jpg\" alt=\"Lisa-MartinStrattner-10\" width=\"600\" height=\"400\" srcset=\"http:\/\/www.martinstrattner.de\/fotoblog\/wp-content\/uploads\/2015\/02\/Lisa-MartinStrattner-10.jpg 600w, http:\/\/www.martinstrattner.de\/fotoblog\/wp-content\/uploads\/2015\/02\/Lisa-MartinStrattner-10-508x339.jpg 508w\" sizes=\"(max-width: 600px) 100vw, 600px\" \/> <img loading=\"lazy\" class=\"alignnone size-large wp-image-5401 aligncenter\" src=\"http:\/\/www.martinstrattner.de\/fotoblog\/wp-content\/uploads\/2015\/02\/Lisa-MartinStrattner-05.jpg\" alt=\"Lisa-MartinStrattner-05\" width=\"600\" height=\"900\" srcset=\"http:\/\/www.martinstrattner.de\/fotoblog\/wp-content\/uploads\/2015\/02\/Lisa-MartinStrattner-05.jpg 600w, http:\/\/www.martinstrattner.de\/fotoblog\/wp-content\/uploads\/2015\/02\/Lisa-MartinStrattner-05-508x762.jpg 508w\" sizes=\"(max-width: 600px) 100vw, 600px\" \/><\/p>\n<p>Danke an Lisa f\u00fcr das Vertrauen. Und an die Hotelleitung f\u00fcr&#8217;s Bezahlen der Stromrechnung.<\/p>\n\n<!-- Facebook Like Button v1.9.6 BEGIN [http:\/\/blog.bottomlessinc.com] -->\n<fb:like href=\"http:\/\/www.martinstrattner.de\/fotoblog\/2015\/02\/lisa-closer\/\" layout=\"button_count\" show_faces=\"false\" width=\"450\" action=\"like\" colorscheme=\"light\"><\/fb:like>\n<!-- Facebook Like Button END -->\n<\/div><\/div>","protected":false},"excerpt":{"rendered":"<p>Nur noch ein paar Mal bin ich in dieser Stadt, und alle Shootings die ich irgendwann mal machen wollte mussten jetzt schnell nacheinander passieren. Also die gro\u00dfe Reisetasche zus\u00e4tzlich zum Koffer mitnehmen, mit all dem wunderbaren Licht darin. Mit Lisa hatte ich schon l\u00e4ngere Zeit ein Shooting geplant, und es hat gerade so noch funktioniert, [&hellip;]<\/p>\n","protected":false},"author":1,"featured_media":5423,"comment_status":"open","ping_status":"open","sticky":false,"template":"","format":"standard","meta":{"spay_email":"","jetpack_publicize_message":""},"categories":[4,17,19],"tags":[],"jetpack_featured_media_url":"http:\/\/www.martinstrattner.de\/fotoblog\/wp-content\/uploads\/2015\/02\/Titel-Lisa-MartinStrattner-2.jpg","jetpack_publicize_connections":[],"jetpack_shortlink":"https:\/\/wp.me\/p2qpVl-1mc","jetpack_sharing_enabled":true,"jetpack-related-posts":[],"_links":{"self":[{"href":"http:\/\/www.martinstrattner.de\/fotoblog\/wp-json\/wp\/v2\/posts\/5220"}],"collection":[{"href":"http:\/\/www.martinstrattner.de\/fotoblog\/wp-json\/wp\/v2\/posts"}],"about":[{"href":"http:\/\/www.martinstrattner.de\/fotoblog\/wp-json\/wp\/v2\/types\/post"}],"author":[{"embeddable":true,"href":"http:\/\/www.martinstrattner.de\/fotoblog\/wp-json\/wp\/v2\/users\/1"}],"replies":[{"embeddable":true,"href":"http:\/\/www.martinstrattner.de\/fotoblog\/wp-json\/wp\/v2\/comments?post=5220"}],"version-history":[{"count":13,"href":"http:\/\/www.martinstrattner.de\/fotoblog\/wp-json\/wp\/v2\/posts\/5220\/revisions"}],"predecessor-version":[{"id":5585,"href":"http:\/\/www.martinstrattner.de\/fotoblog\/wp-json\/wp\/v2\/posts\/5220\/revisions\/5585"}],"wp:featuredmedia":[{"embeddable":true,"href":"http:\/\/www.martinstrattner.de\/fotoblog\/wp-json\/wp\/v2\/media\/5423"}],"wp:attachment":[{"href":"http:\/\/www.martinstrattner.de\/fotoblog\/wp-json\/wp\/v2\/media?parent=5220"}],"wp:term":[{"taxonomy":"category","embeddable":true,"href":"http:\/\/www.martinstrattner.de\/fotoblog\/wp-json\/wp\/v2\/categories?post=5220"},{"taxonomy":"post_tag","embeddable":true,"href":"http:\/\/www.martinstrattner.de\/fotoblog\/wp-json\/wp\/v2\/tags?post=5220"}],"curies":[{"name":"wp","href":"https:\/\/api.w.org\/{rel}","templated":true}]}}