{"id":5061,"date":"2015-02-14T15:03:27","date_gmt":"2015-02-14T14:03:27","guid":{"rendered":"http:\/\/www.martinstrattner.de\/fotoblog\/?p=5061"},"modified":"2015-09-07T20:00:03","modified_gmt":"2015-09-07T19:00:03","slug":"staedte-der-algarve","status":"publish","type":"post","link":"http:\/\/www.martinstrattner.de\/fotoblog\/2015\/02\/staedte-der-algarve\/","title":{"rendered":"St\u00e4dte der Algarve"},"content":{"rendered":"<div id=\"dslc-theme-content\"><div id=\"dslc-theme-content-inner\"><p>3 St\u00e4dte in einem Post.<\/p>\n<p>Meine Erinnerung an Portim\u00e3o an der \u00f6stlichen Algarve waren haupts\u00e4chlich die an der Promenade unter der Br\u00fccke anlegenden Fischerboote und die Restaurants gleich daneben, in denen man den Fisch essen konnte. Zuvor hatte ich schon gelesen das w\u00e4re wohl im Rahmen der\u00a0Stadtversch\u00f6nerung alles beseitigt worden.<\/p>\n<p>Und ja, es ist nichts mehr da, nur sch\u00f6ner ist es nicht geworden. Einige der ehemaligen Restaurants stehen noch verlassen da, keine Fischerboote, kein Leben mehr. Nur eine \u00fcberbreite Promenade auf der exakt gar nichts los ist. Traurig.<\/p>\n<p><img loading=\"lazy\" class=\"alignnone size-full wp-image-5062 aligncenter\" src=\"http:\/\/www.martinstrattner.de\/fotoblog\/wp-content\/uploads\/2015\/02\/St\u00e4dte-der-Algarve-MartinStrattner-01.jpg\" alt=\"St\u00e4dte der Algarve-MartinStrattner-01\" width=\"600\" height=\"400\" srcset=\"http:\/\/www.martinstrattner.de\/fotoblog\/wp-content\/uploads\/2015\/02\/St\u00e4dte-der-Algarve-MartinStrattner-01.jpg 600w, http:\/\/www.martinstrattner.de\/fotoblog\/wp-content\/uploads\/2015\/02\/St\u00e4dte-der-Algarve-MartinStrattner-01-508x339.jpg 508w\" sizes=\"(max-width: 600px) 100vw, 600px\" \/> <img loading=\"lazy\" class=\"alignnone size-large wp-image-5063 aligncenter\" src=\"http:\/\/www.martinstrattner.de\/fotoblog\/wp-content\/uploads\/2015\/02\/St\u00e4dte-der-Algarve-MartinStrattner-02.jpg\" alt=\"St\u00e4dte der Algarve-MartinStrattner-02\" width=\"600\" height=\"400\" srcset=\"http:\/\/www.martinstrattner.de\/fotoblog\/wp-content\/uploads\/2015\/02\/St\u00e4dte-der-Algarve-MartinStrattner-02.jpg 600w, http:\/\/www.martinstrattner.de\/fotoblog\/wp-content\/uploads\/2015\/02\/St\u00e4dte-der-Algarve-MartinStrattner-02-508x339.jpg 508w\" sizes=\"(max-width: 600px) 100vw, 600px\" \/><\/p>\n<p>Weg von der Promenade, rein in die Stadt. Dort gibt es die \u00fcblichen gekachelten H\u00e4user, sch\u00f6n, aber es rei\u00dft uns nicht vom Hocker, wir gehen eine schnelle Runde, und dann zum Strand.<\/p>\n<p><img loading=\"lazy\" class=\"alignnone size-large wp-image-5064 aligncenter\" src=\"http:\/\/www.martinstrattner.de\/fotoblog\/wp-content\/uploads\/2015\/02\/St\u00e4dte-der-Algarve-MartinStrattner-03.jpg\" alt=\"St\u00e4dte der Algarve-MartinStrattner-03\" width=\"600\" height=\"900\" srcset=\"http:\/\/www.martinstrattner.de\/fotoblog\/wp-content\/uploads\/2015\/02\/St\u00e4dte-der-Algarve-MartinStrattner-03.jpg 600w, http:\/\/www.martinstrattner.de\/fotoblog\/wp-content\/uploads\/2015\/02\/St\u00e4dte-der-Algarve-MartinStrattner-03-508x762.jpg 508w\" sizes=\"(max-width: 600px) 100vw, 600px\" \/> <img loading=\"lazy\" class=\"alignnone size-large wp-image-5065 aligncenter\" src=\"http:\/\/www.martinstrattner.de\/fotoblog\/wp-content\/uploads\/2015\/02\/St\u00e4dte-der-Algarve-MartinStrattner-04.jpg\" alt=\"St\u00e4dte der Algarve-MartinStrattner-04\" width=\"600\" height=\"900\" srcset=\"http:\/\/www.martinstrattner.de\/fotoblog\/wp-content\/uploads\/2015\/02\/St\u00e4dte-der-Algarve-MartinStrattner-04.jpg 600w, http:\/\/www.martinstrattner.de\/fotoblog\/wp-content\/uploads\/2015\/02\/St\u00e4dte-der-Algarve-MartinStrattner-04-508x762.jpg 508w\" sizes=\"(max-width: 600px) 100vw, 600px\" \/> <img loading=\"lazy\" class=\"alignnone size-large wp-image-5066 aligncenter\" src=\"http:\/\/www.martinstrattner.de\/fotoblog\/wp-content\/uploads\/2015\/02\/St\u00e4dte-der-Algarve-MartinStrattner-05.jpg\" alt=\"St\u00e4dte der Algarve-MartinStrattner-05\" width=\"600\" height=\"400\" srcset=\"http:\/\/www.martinstrattner.de\/fotoblog\/wp-content\/uploads\/2015\/02\/St\u00e4dte-der-Algarve-MartinStrattner-05.jpg 600w, http:\/\/www.martinstrattner.de\/fotoblog\/wp-content\/uploads\/2015\/02\/St\u00e4dte-der-Algarve-MartinStrattner-05-508x339.jpg 508w\" sizes=\"(max-width: 600px) 100vw, 600px\" \/> <img loading=\"lazy\" class=\"alignnone size-large wp-image-5067 aligncenter\" src=\"http:\/\/www.martinstrattner.de\/fotoblog\/wp-content\/uploads\/2015\/02\/St\u00e4dte-der-Algarve-MartinStrattner-06.jpg\" alt=\"St\u00e4dte der Algarve-MartinStrattner-06\" width=\"600\" height=\"400\" srcset=\"http:\/\/www.martinstrattner.de\/fotoblog\/wp-content\/uploads\/2015\/02\/St\u00e4dte-der-Algarve-MartinStrattner-06.jpg 600w, http:\/\/www.martinstrattner.de\/fotoblog\/wp-content\/uploads\/2015\/02\/St\u00e4dte-der-Algarve-MartinStrattner-06-508x339.jpg 508w\" sizes=\"(max-width: 600px) 100vw, 600px\" \/><\/p>\n<p><img loading=\"lazy\" class=\"alignnone size-large wp-image-5070 aligncenter\" src=\"http:\/\/www.martinstrattner.de\/fotoblog\/wp-content\/uploads\/2015\/02\/St\u00e4dte-der-Algarve-MartinStrattner-09.jpg\" alt=\"St\u00e4dte der Algarve-MartinStrattner-09\" width=\"600\" height=\"900\" srcset=\"http:\/\/www.martinstrattner.de\/fotoblog\/wp-content\/uploads\/2015\/02\/St\u00e4dte-der-Algarve-MartinStrattner-09.jpg 600w, http:\/\/www.martinstrattner.de\/fotoblog\/wp-content\/uploads\/2015\/02\/St\u00e4dte-der-Algarve-MartinStrattner-09-508x762.jpg 508w\" sizes=\"(max-width: 600px) 100vw, 600px\" \/> <img loading=\"lazy\" class=\"alignnone size-large wp-image-5071 aligncenter\" src=\"http:\/\/www.martinstrattner.de\/fotoblog\/wp-content\/uploads\/2015\/02\/St\u00e4dte-der-Algarve-MartinStrattner-10.jpg\" alt=\"St\u00e4dte der Algarve-MartinStrattner-10\" width=\"600\" height=\"900\" srcset=\"http:\/\/www.martinstrattner.de\/fotoblog\/wp-content\/uploads\/2015\/02\/St\u00e4dte-der-Algarve-MartinStrattner-10.jpg 600w, http:\/\/www.martinstrattner.de\/fotoblog\/wp-content\/uploads\/2015\/02\/St\u00e4dte-der-Algarve-MartinStrattner-10-508x762.jpg 508w\" sizes=\"(max-width: 600px) 100vw, 600px\" \/> <img loading=\"lazy\" class=\"alignnone size-large wp-image-5072 aligncenter\" src=\"http:\/\/www.martinstrattner.de\/fotoblog\/wp-content\/uploads\/2015\/02\/St\u00e4dte-der-Algarve-MartinStrattner-11.jpg\" alt=\"St\u00e4dte der Algarve-MartinStrattner-11\" width=\"600\" height=\"900\" srcset=\"http:\/\/www.martinstrattner.de\/fotoblog\/wp-content\/uploads\/2015\/02\/St\u00e4dte-der-Algarve-MartinStrattner-11.jpg 600w, http:\/\/www.martinstrattner.de\/fotoblog\/wp-content\/uploads\/2015\/02\/St\u00e4dte-der-Algarve-MartinStrattner-11-508x762.jpg 508w\" sizes=\"(max-width: 600px) 100vw, 600px\" \/><\/p>\n<p>#ISeeFaces<br \/>\n<img loading=\"lazy\" class=\"alignnone size-large wp-image-5074 aligncenter\" src=\"http:\/\/www.martinstrattner.de\/fotoblog\/wp-content\/uploads\/2015\/02\/St\u00e4dte-der-Algarve-MartinStrattner-13.jpg\" alt=\"St\u00e4dte der Algarve-MartinStrattner-13\" width=\"600\" height=\"400\" srcset=\"http:\/\/www.martinstrattner.de\/fotoblog\/wp-content\/uploads\/2015\/02\/St\u00e4dte-der-Algarve-MartinStrattner-13.jpg 600w, http:\/\/www.martinstrattner.de\/fotoblog\/wp-content\/uploads\/2015\/02\/St\u00e4dte-der-Algarve-MartinStrattner-13-508x339.jpg 508w\" sizes=\"(max-width: 600px) 100vw, 600px\" \/> <img loading=\"lazy\" class=\"alignnone size-large wp-image-5075 aligncenter\" src=\"http:\/\/www.martinstrattner.de\/fotoblog\/wp-content\/uploads\/2015\/02\/St\u00e4dte-der-Algarve-MartinStrattner-14.jpg\" alt=\"St\u00e4dte der Algarve-MartinStrattner-14\" width=\"600\" height=\"400\" srcset=\"http:\/\/www.martinstrattner.de\/fotoblog\/wp-content\/uploads\/2015\/02\/St\u00e4dte-der-Algarve-MartinStrattner-14.jpg 600w, http:\/\/www.martinstrattner.de\/fotoblog\/wp-content\/uploads\/2015\/02\/St\u00e4dte-der-Algarve-MartinStrattner-14-508x339.jpg 508w\" sizes=\"(max-width: 600px) 100vw, 600px\" \/><\/p>\n<p>UNBEDINGT wollte ich mal in unsere Nachbarstadt\u00a0Lagos in der Fr\u00fch, wenn die Fischer ihren Fang ausladen, und dann zur Fischversteigerung. Zwei mal waren wir da, einmal zu sp\u00e4t, und einmal war wohl sowas wie Feiertag. Jedenfalls war nie Fischversteigerung. Aber ein bisschen was vom Flair haben wir trotzdem mitgenommen&#8230;<\/p>\n<p><img loading=\"lazy\" class=\"alignnone size-large wp-image-5076 aligncenter\" src=\"http:\/\/www.martinstrattner.de\/fotoblog\/wp-content\/uploads\/2015\/02\/St\u00e4dte-der-Algarve-MartinStrattner-15.jpg\" alt=\"St\u00e4dte der Algarve-MartinStrattner-15\" width=\"600\" height=\"400\" srcset=\"http:\/\/www.martinstrattner.de\/fotoblog\/wp-content\/uploads\/2015\/02\/St\u00e4dte-der-Algarve-MartinStrattner-15.jpg 600w, http:\/\/www.martinstrattner.de\/fotoblog\/wp-content\/uploads\/2015\/02\/St\u00e4dte-der-Algarve-MartinStrattner-15-508x339.jpg 508w\" sizes=\"(max-width: 600px) 100vw, 600px\" \/> <img loading=\"lazy\" class=\"alignnone size-large wp-image-5077 aligncenter\" src=\"http:\/\/www.martinstrattner.de\/fotoblog\/wp-content\/uploads\/2015\/02\/St\u00e4dte-der-Algarve-MartinStrattner-16.jpg\" alt=\"St\u00e4dte der Algarve-MartinStrattner-16\" width=\"600\" height=\"900\" srcset=\"http:\/\/www.martinstrattner.de\/fotoblog\/wp-content\/uploads\/2015\/02\/St\u00e4dte-der-Algarve-MartinStrattner-16.jpg 600w, http:\/\/www.martinstrattner.de\/fotoblog\/wp-content\/uploads\/2015\/02\/St\u00e4dte-der-Algarve-MartinStrattner-16-508x762.jpg 508w\" sizes=\"(max-width: 600px) 100vw, 600px\" \/><br \/>\n<img loading=\"lazy\" class=\"alignnone size-large wp-image-5079 aligncenter\" src=\"http:\/\/www.martinstrattner.de\/fotoblog\/wp-content\/uploads\/2015\/02\/St\u00e4dte-der-Algarve-MartinStrattner-18.jpg\" alt=\"St\u00e4dte der Algarve-MartinStrattner-18\" width=\"600\" height=\"800\" srcset=\"http:\/\/www.martinstrattner.de\/fotoblog\/wp-content\/uploads\/2015\/02\/St\u00e4dte-der-Algarve-MartinStrattner-18.jpg 600w, http:\/\/www.martinstrattner.de\/fotoblog\/wp-content\/uploads\/2015\/02\/St\u00e4dte-der-Algarve-MartinStrattner-18-508x677.jpg 508w\" sizes=\"(max-width: 600px) 100vw, 600px\" \/> <img loading=\"lazy\" class=\"alignnone size-large wp-image-5080 aligncenter\" src=\"http:\/\/www.martinstrattner.de\/fotoblog\/wp-content\/uploads\/2015\/02\/St\u00e4dte-der-Algarve-MartinStrattner-19.jpg\" alt=\"St\u00e4dte der Algarve-MartinStrattner-19\" width=\"600\" height=\"400\" srcset=\"http:\/\/www.martinstrattner.de\/fotoblog\/wp-content\/uploads\/2015\/02\/St\u00e4dte-der-Algarve-MartinStrattner-19.jpg 600w, http:\/\/www.martinstrattner.de\/fotoblog\/wp-content\/uploads\/2015\/02\/St\u00e4dte-der-Algarve-MartinStrattner-19-508x339.jpg 508w\" sizes=\"(max-width: 600px) 100vw, 600px\" \/> <img loading=\"lazy\" class=\"alignnone size-large wp-image-5081 aligncenter\" src=\"http:\/\/www.martinstrattner.de\/fotoblog\/wp-content\/uploads\/2015\/02\/St\u00e4dte-der-Algarve-MartinStrattner-20.jpg\" alt=\"St\u00e4dte der Algarve-MartinStrattner-20\" width=\"600\" height=\"400\" srcset=\"http:\/\/www.martinstrattner.de\/fotoblog\/wp-content\/uploads\/2015\/02\/St\u00e4dte-der-Algarve-MartinStrattner-20.jpg 600w, http:\/\/www.martinstrattner.de\/fotoblog\/wp-content\/uploads\/2015\/02\/St\u00e4dte-der-Algarve-MartinStrattner-20-508x339.jpg 508w\" sizes=\"(max-width: 600px) 100vw, 600px\" \/> <img loading=\"lazy\" class=\"alignnone size-large wp-image-5082 aligncenter\" src=\"http:\/\/www.martinstrattner.de\/fotoblog\/wp-content\/uploads\/2015\/02\/St\u00e4dte-der-Algarve-MartinStrattner-21.jpg\" alt=\"St\u00e4dte der Algarve-MartinStrattner-21\" width=\"600\" height=\"450\" srcset=\"http:\/\/www.martinstrattner.de\/fotoblog\/wp-content\/uploads\/2015\/02\/St\u00e4dte-der-Algarve-MartinStrattner-21.jpg 600w, http:\/\/www.martinstrattner.de\/fotoblog\/wp-content\/uploads\/2015\/02\/St\u00e4dte-der-Algarve-MartinStrattner-21-508x381.jpg 508w\" sizes=\"(max-width: 600px) 100vw, 600px\" \/><br \/>\n<img loading=\"lazy\" class=\"alignnone size-large wp-image-5084 aligncenter\" src=\"http:\/\/www.martinstrattner.de\/fotoblog\/wp-content\/uploads\/2015\/02\/St\u00e4dte-der-Algarve-MartinStrattner-23.jpg\" alt=\"St\u00e4dte der Algarve-MartinStrattner-23\" width=\"600\" height=\"400\" srcset=\"http:\/\/www.martinstrattner.de\/fotoblog\/wp-content\/uploads\/2015\/02\/St\u00e4dte-der-Algarve-MartinStrattner-23.jpg 600w, http:\/\/www.martinstrattner.de\/fotoblog\/wp-content\/uploads\/2015\/02\/St\u00e4dte-der-Algarve-MartinStrattner-23-508x339.jpg 508w\" sizes=\"(max-width: 600px) 100vw, 600px\" \/> <img loading=\"lazy\" class=\"alignnone size-large wp-image-5085 aligncenter\" src=\"http:\/\/www.martinstrattner.de\/fotoblog\/wp-content\/uploads\/2015\/02\/St\u00e4dte-der-Algarve-MartinStrattner-24.jpg\" alt=\"St\u00e4dte der Algarve-MartinStrattner-24\" width=\"600\" height=\"400\" srcset=\"http:\/\/www.martinstrattner.de\/fotoblog\/wp-content\/uploads\/2015\/02\/St\u00e4dte-der-Algarve-MartinStrattner-24.jpg 600w, http:\/\/www.martinstrattner.de\/fotoblog\/wp-content\/uploads\/2015\/02\/St\u00e4dte-der-Algarve-MartinStrattner-24-508x339.jpg 508w\" sizes=\"(max-width: 600px) 100vw, 600px\" \/> <img loading=\"lazy\" class=\"alignnone size-large wp-image-5086 aligncenter\" src=\"http:\/\/www.martinstrattner.de\/fotoblog\/wp-content\/uploads\/2015\/02\/St\u00e4dte-der-Algarve-MartinStrattner-25.jpg\" alt=\"St\u00e4dte der Algarve-MartinStrattner-25\" width=\"600\" height=\"900\" srcset=\"http:\/\/www.martinstrattner.de\/fotoblog\/wp-content\/uploads\/2015\/02\/St\u00e4dte-der-Algarve-MartinStrattner-25.jpg 600w, http:\/\/www.martinstrattner.de\/fotoblog\/wp-content\/uploads\/2015\/02\/St\u00e4dte-der-Algarve-MartinStrattner-25-508x762.jpg 508w\" sizes=\"(max-width: 600px) 100vw, 600px\" \/> <img loading=\"lazy\" class=\"alignnone size-large wp-image-5087 aligncenter\" src=\"http:\/\/www.martinstrattner.de\/fotoblog\/wp-content\/uploads\/2015\/02\/St\u00e4dte-der-Algarve-MartinStrattner-26.jpg\" alt=\"St\u00e4dte der Algarve-MartinStrattner-26\" width=\"600\" height=\"400\" srcset=\"http:\/\/www.martinstrattner.de\/fotoblog\/wp-content\/uploads\/2015\/02\/St\u00e4dte-der-Algarve-MartinStrattner-26.jpg 600w, http:\/\/www.martinstrattner.de\/fotoblog\/wp-content\/uploads\/2015\/02\/St\u00e4dte-der-Algarve-MartinStrattner-26-508x339.jpg 508w\" sizes=\"(max-width: 600px) 100vw, 600px\" \/> <img loading=\"lazy\" class=\"alignnone size-large wp-image-5088 aligncenter\" src=\"http:\/\/www.martinstrattner.de\/fotoblog\/wp-content\/uploads\/2015\/02\/St\u00e4dte-der-Algarve-MartinStrattner-27.jpg\" alt=\"St\u00e4dte der Algarve-MartinStrattner-27\" width=\"600\" height=\"400\" srcset=\"http:\/\/www.martinstrattner.de\/fotoblog\/wp-content\/uploads\/2015\/02\/St\u00e4dte-der-Algarve-MartinStrattner-27.jpg 600w, http:\/\/www.martinstrattner.de\/fotoblog\/wp-content\/uploads\/2015\/02\/St\u00e4dte-der-Algarve-MartinStrattner-27-508x339.jpg 508w\" sizes=\"(max-width: 600px) 100vw, 600px\" \/> <img loading=\"lazy\" class=\"alignnone size-large wp-image-5089 aligncenter\" src=\"http:\/\/www.martinstrattner.de\/fotoblog\/wp-content\/uploads\/2015\/02\/St\u00e4dte-der-Algarve-MartinStrattner-28.jpg\" alt=\"St\u00e4dte der Algarve-MartinStrattner-28\" width=\"600\" height=\"400\" srcset=\"http:\/\/www.martinstrattner.de\/fotoblog\/wp-content\/uploads\/2015\/02\/St\u00e4dte-der-Algarve-MartinStrattner-28.jpg 600w, http:\/\/www.martinstrattner.de\/fotoblog\/wp-content\/uploads\/2015\/02\/St\u00e4dte-der-Algarve-MartinStrattner-28-508x339.jpg 508w\" sizes=\"(max-width: 600px) 100vw, 600px\" \/> <img loading=\"lazy\" class=\"alignnone size-large wp-image-5090 aligncenter\" src=\"http:\/\/www.martinstrattner.de\/fotoblog\/wp-content\/uploads\/2015\/02\/St\u00e4dte-der-Algarve-MartinStrattner-29.jpg\" alt=\"St\u00e4dte der Algarve-MartinStrattner-29\" width=\"600\" height=\"400\" srcset=\"http:\/\/www.martinstrattner.de\/fotoblog\/wp-content\/uploads\/2015\/02\/St\u00e4dte-der-Algarve-MartinStrattner-29.jpg 600w, http:\/\/www.martinstrattner.de\/fotoblog\/wp-content\/uploads\/2015\/02\/St\u00e4dte-der-Algarve-MartinStrattner-29-508x339.jpg 508w\" sizes=\"(max-width: 600px) 100vw, 600px\" \/> <img loading=\"lazy\" class=\"alignnone size-large wp-image-5091 aligncenter\" src=\"http:\/\/www.martinstrattner.de\/fotoblog\/wp-content\/uploads\/2015\/02\/St\u00e4dte-der-Algarve-MartinStrattner-30.jpg\" alt=\"St\u00e4dte der Algarve-MartinStrattner-30\" width=\"600\" height=\"400\" srcset=\"http:\/\/www.martinstrattner.de\/fotoblog\/wp-content\/uploads\/2015\/02\/St\u00e4dte-der-Algarve-MartinStrattner-30.jpg 600w, http:\/\/www.martinstrattner.de\/fotoblog\/wp-content\/uploads\/2015\/02\/St\u00e4dte-der-Algarve-MartinStrattner-30-508x339.jpg 508w\" sizes=\"(max-width: 600px) 100vw, 600px\" \/> <img loading=\"lazy\" class=\"alignnone size-large wp-image-5092 aligncenter\" src=\"http:\/\/www.martinstrattner.de\/fotoblog\/wp-content\/uploads\/2015\/02\/St\u00e4dte-der-Algarve-MartinStrattner-31.jpg\" alt=\"St\u00e4dte der Algarve-MartinStrattner-31\" width=\"600\" height=\"400\" srcset=\"http:\/\/www.martinstrattner.de\/fotoblog\/wp-content\/uploads\/2015\/02\/St\u00e4dte-der-Algarve-MartinStrattner-31.jpg 600w, http:\/\/www.martinstrattner.de\/fotoblog\/wp-content\/uploads\/2015\/02\/St\u00e4dte-der-Algarve-MartinStrattner-31-508x339.jpg 508w\" sizes=\"(max-width: 600px) 100vw, 600px\" \/> <img loading=\"lazy\" class=\"alignnone size-large wp-image-5093 aligncenter\" src=\"http:\/\/www.martinstrattner.de\/fotoblog\/wp-content\/uploads\/2015\/02\/St\u00e4dte-der-Algarve-MartinStrattner-32.jpg\" alt=\"St\u00e4dte der Algarve-MartinStrattner-32\" width=\"600\" height=\"400\" srcset=\"http:\/\/www.martinstrattner.de\/fotoblog\/wp-content\/uploads\/2015\/02\/St\u00e4dte-der-Algarve-MartinStrattner-32.jpg 600w, http:\/\/www.martinstrattner.de\/fotoblog\/wp-content\/uploads\/2015\/02\/St\u00e4dte-der-Algarve-MartinStrattner-32-508x339.jpg 508w\" sizes=\"(max-width: 600px) 100vw, 600px\" \/> <img loading=\"lazy\" class=\"alignnone size-large wp-image-5094 aligncenter\" src=\"http:\/\/www.martinstrattner.de\/fotoblog\/wp-content\/uploads\/2015\/02\/St\u00e4dte-der-Algarve-MartinStrattner-33.jpg\" alt=\"St\u00e4dte der Algarve-MartinStrattner-33\" width=\"600\" height=\"400\" srcset=\"http:\/\/www.martinstrattner.de\/fotoblog\/wp-content\/uploads\/2015\/02\/St\u00e4dte-der-Algarve-MartinStrattner-33.jpg 600w, http:\/\/www.martinstrattner.de\/fotoblog\/wp-content\/uploads\/2015\/02\/St\u00e4dte-der-Algarve-MartinStrattner-33-508x339.jpg 508w\" sizes=\"(max-width: 600px) 100vw, 600px\" \/> <img loading=\"lazy\" class=\"alignnone size-large wp-image-5095 aligncenter\" src=\"http:\/\/www.martinstrattner.de\/fotoblog\/wp-content\/uploads\/2015\/02\/St\u00e4dte-der-Algarve-MartinStrattner-34.jpg\" alt=\"St\u00e4dte der Algarve-MartinStrattner-34\" width=\"600\" height=\"400\" srcset=\"http:\/\/www.martinstrattner.de\/fotoblog\/wp-content\/uploads\/2015\/02\/St\u00e4dte-der-Algarve-MartinStrattner-34.jpg 600w, http:\/\/www.martinstrattner.de\/fotoblog\/wp-content\/uploads\/2015\/02\/St\u00e4dte-der-Algarve-MartinStrattner-34-508x339.jpg 508w\" sizes=\"(max-width: 600px) 100vw, 600px\" \/><img loading=\"lazy\" class=\"alignnone size-large wp-image-5097 aligncenter\" src=\"http:\/\/www.martinstrattner.de\/fotoblog\/wp-content\/uploads\/2015\/02\/St\u00e4dte-der-Algarve-MartinStrattner-36.jpg\" alt=\"St\u00e4dte der Algarve-MartinStrattner-36\" width=\"600\" height=\"900\" srcset=\"http:\/\/www.martinstrattner.de\/fotoblog\/wp-content\/uploads\/2015\/02\/St\u00e4dte-der-Algarve-MartinStrattner-36.jpg 600w, http:\/\/www.martinstrattner.de\/fotoblog\/wp-content\/uploads\/2015\/02\/St\u00e4dte-der-Algarve-MartinStrattner-36-508x762.jpg 508w\" sizes=\"(max-width: 600px) 100vw, 600px\" \/> <img loading=\"lazy\" class=\"alignnone size-large wp-image-5098 aligncenter\" src=\"http:\/\/www.martinstrattner.de\/fotoblog\/wp-content\/uploads\/2015\/02\/St\u00e4dte-der-Algarve-MartinStrattner-37.jpg\" alt=\"St\u00e4dte der Algarve-MartinStrattner-37\" width=\"600\" height=\"900\" srcset=\"http:\/\/www.martinstrattner.de\/fotoblog\/wp-content\/uploads\/2015\/02\/St\u00e4dte-der-Algarve-MartinStrattner-37.jpg 600w, http:\/\/www.martinstrattner.de\/fotoblog\/wp-content\/uploads\/2015\/02\/St\u00e4dte-der-Algarve-MartinStrattner-37-508x762.jpg 508w\" sizes=\"(max-width: 600px) 100vw, 600px\" \/> <img loading=\"lazy\" class=\"alignnone size-large wp-image-5099 aligncenter\" src=\"http:\/\/www.martinstrattner.de\/fotoblog\/wp-content\/uploads\/2015\/02\/St\u00e4dte-der-Algarve-MartinStrattner-38.jpg\" alt=\"St\u00e4dte der Algarve-MartinStrattner-38\" width=\"600\" height=\"400\" srcset=\"http:\/\/www.martinstrattner.de\/fotoblog\/wp-content\/uploads\/2015\/02\/St\u00e4dte-der-Algarve-MartinStrattner-38.jpg 600w, http:\/\/www.martinstrattner.de\/fotoblog\/wp-content\/uploads\/2015\/02\/St\u00e4dte-der-Algarve-MartinStrattner-38-508x339.jpg 508w\" sizes=\"(max-width: 600px) 100vw, 600px\" \/> <img loading=\"lazy\" class=\"alignnone size-large wp-image-5100 aligncenter\" src=\"http:\/\/www.martinstrattner.de\/fotoblog\/wp-content\/uploads\/2015\/02\/St\u00e4dte-der-Algarve-MartinStrattner-39.jpg\" alt=\"St\u00e4dte der Algarve-MartinStrattner-39\" width=\"600\" height=\"900\" srcset=\"http:\/\/www.martinstrattner.de\/fotoblog\/wp-content\/uploads\/2015\/02\/St\u00e4dte-der-Algarve-MartinStrattner-39.jpg 600w, http:\/\/www.martinstrattner.de\/fotoblog\/wp-content\/uploads\/2015\/02\/St\u00e4dte-der-Algarve-MartinStrattner-39-508x762.jpg 508w\" sizes=\"(max-width: 600px) 100vw, 600px\" \/> <img loading=\"lazy\" class=\"alignnone size-large wp-image-5101 aligncenter\" src=\"http:\/\/www.martinstrattner.de\/fotoblog\/wp-content\/uploads\/2015\/02\/St\u00e4dte-der-Algarve-MartinStrattner-40.jpg\" alt=\"St\u00e4dte der Algarve-MartinStrattner-40\" width=\"600\" height=\"900\" srcset=\"http:\/\/www.martinstrattner.de\/fotoblog\/wp-content\/uploads\/2015\/02\/St\u00e4dte-der-Algarve-MartinStrattner-40.jpg 600w, http:\/\/www.martinstrattner.de\/fotoblog\/wp-content\/uploads\/2015\/02\/St\u00e4dte-der-Algarve-MartinStrattner-40-508x762.jpg 508w\" sizes=\"(max-width: 600px) 100vw, 600px\" \/> <img loading=\"lazy\" class=\"alignnone size-large wp-image-5102 aligncenter\" src=\"http:\/\/www.martinstrattner.de\/fotoblog\/wp-content\/uploads\/2015\/02\/St\u00e4dte-der-Algarve-MartinStrattner-42.jpg\" alt=\"St\u00e4dte der Algarve-MartinStrattner-42\" width=\"600\" height=\"400\" srcset=\"http:\/\/www.martinstrattner.de\/fotoblog\/wp-content\/uploads\/2015\/02\/St\u00e4dte-der-Algarve-MartinStrattner-42.jpg 600w, http:\/\/www.martinstrattner.de\/fotoblog\/wp-content\/uploads\/2015\/02\/St\u00e4dte-der-Algarve-MartinStrattner-42-508x339.jpg 508w\" sizes=\"(max-width: 600px) 100vw, 600px\" \/> <img loading=\"lazy\" class=\"alignnone size-large wp-image-5103 aligncenter\" src=\"http:\/\/www.martinstrattner.de\/fotoblog\/wp-content\/uploads\/2015\/02\/St\u00e4dte-der-Algarve-MartinStrattner-43.jpg\" alt=\"St\u00e4dte der Algarve-MartinStrattner-43\" width=\"600\" height=\"900\" srcset=\"http:\/\/www.martinstrattner.de\/fotoblog\/wp-content\/uploads\/2015\/02\/St\u00e4dte-der-Algarve-MartinStrattner-43.jpg 600w, http:\/\/www.martinstrattner.de\/fotoblog\/wp-content\/uploads\/2015\/02\/St\u00e4dte-der-Algarve-MartinStrattner-43-508x762.jpg 508w\" sizes=\"(max-width: 600px) 100vw, 600px\" \/> <img loading=\"lazy\" class=\"alignnone size-large wp-image-5104 aligncenter\" src=\"http:\/\/www.martinstrattner.de\/fotoblog\/wp-content\/uploads\/2015\/02\/St\u00e4dte-der-Algarve-MartinStrattner-44.jpg\" alt=\"St\u00e4dte der Algarve-MartinStrattner-44\" width=\"600\" height=\"900\" srcset=\"http:\/\/www.martinstrattner.de\/fotoblog\/wp-content\/uploads\/2015\/02\/St\u00e4dte-der-Algarve-MartinStrattner-44.jpg 600w, http:\/\/www.martinstrattner.de\/fotoblog\/wp-content\/uploads\/2015\/02\/St\u00e4dte-der-Algarve-MartinStrattner-44-508x762.jpg 508w\" sizes=\"(max-width: 600px) 100vw, 600px\" \/><\/p>\n<p>In Tavira war ich zuvor glaube ich noch nie. Laut Reisef\u00fchrern die Bringerstadt der S\u00fcdk\u00fcste. Auch hier, einmal kurz durchgelaufen. War in Ordnung, sieht teilweise sehr alt aus, was eigentlich sehr sch\u00f6n ist. Aber wer zuvor schon in Marvao war, den beeindruckt nichts mehr so schnell. \u00a0Danach wollten wir noch zu nem sch\u00f6nen\u00a0Wasserfall der in nen See st\u00fcrzt, wo man auch Baden kann \u2013 geh\u00f6rt hatte ich davon auf\u00a0\u00a0<a href=\"http:\/\/youtu.be\/VTVik7D566s?t=4m33s\">Youtube<\/a>\u00a0\u2013 fahren. Als wir ihn endlich gefunden hatten mussten wir leider feststellen, dass der Fluss vor kurzem wohl versiegt ist, und ausserdem alles um den See\u00a0abgebrannt.\u00a0Riesen Pleite.<\/p>\n<p><img loading=\"lazy\" class=\"alignnone size-large wp-image-5105 aligncenter\" src=\"http:\/\/www.martinstrattner.de\/fotoblog\/wp-content\/uploads\/2015\/02\/St\u00e4dte-der-Algarve-MartinStrattner-45.jpg\" alt=\"St\u00e4dte der Algarve-MartinStrattner-45\" width=\"600\" height=\"900\" srcset=\"http:\/\/www.martinstrattner.de\/fotoblog\/wp-content\/uploads\/2015\/02\/St\u00e4dte-der-Algarve-MartinStrattner-45.jpg 600w, http:\/\/www.martinstrattner.de\/fotoblog\/wp-content\/uploads\/2015\/02\/St\u00e4dte-der-Algarve-MartinStrattner-45-508x762.jpg 508w\" sizes=\"(max-width: 600px) 100vw, 600px\" \/> <img loading=\"lazy\" class=\"alignnone size-large wp-image-5106 aligncenter\" src=\"http:\/\/www.martinstrattner.de\/fotoblog\/wp-content\/uploads\/2015\/02\/St\u00e4dte-der-Algarve-MartinStrattner-46.jpg\" alt=\"St\u00e4dte der Algarve-MartinStrattner-46\" width=\"600\" height=\"400\" srcset=\"http:\/\/www.martinstrattner.de\/fotoblog\/wp-content\/uploads\/2015\/02\/St\u00e4dte-der-Algarve-MartinStrattner-46.jpg 600w, http:\/\/www.martinstrattner.de\/fotoblog\/wp-content\/uploads\/2015\/02\/St\u00e4dte-der-Algarve-MartinStrattner-46-508x339.jpg 508w\" sizes=\"(max-width: 600px) 100vw, 600px\" \/> <img loading=\"lazy\" class=\"alignnone size-large wp-image-5107 aligncenter\" src=\"http:\/\/www.martinstrattner.de\/fotoblog\/wp-content\/uploads\/2015\/02\/St\u00e4dte-der-Algarve-MartinStrattner-47.jpg\" alt=\"St\u00e4dte der Algarve-MartinStrattner-47\" width=\"600\" height=\"800\" srcset=\"http:\/\/www.martinstrattner.de\/fotoblog\/wp-content\/uploads\/2015\/02\/St\u00e4dte-der-Algarve-MartinStrattner-47.jpg 600w, http:\/\/www.martinstrattner.de\/fotoblog\/wp-content\/uploads\/2015\/02\/St\u00e4dte-der-Algarve-MartinStrattner-47-508x677.jpg 508w\" sizes=\"(max-width: 600px) 100vw, 600px\" \/> <img loading=\"lazy\" class=\"alignnone size-large wp-image-5108 aligncenter\" src=\"http:\/\/www.martinstrattner.de\/fotoblog\/wp-content\/uploads\/2015\/02\/St\u00e4dte-der-Algarve-MartinStrattner-48.jpg\" alt=\"St\u00e4dte der Algarve-MartinStrattner-48\" width=\"600\" height=\"400\" srcset=\"http:\/\/www.martinstrattner.de\/fotoblog\/wp-content\/uploads\/2015\/02\/St\u00e4dte-der-Algarve-MartinStrattner-48.jpg 600w, http:\/\/www.martinstrattner.de\/fotoblog\/wp-content\/uploads\/2015\/02\/St\u00e4dte-der-Algarve-MartinStrattner-48-508x339.jpg 508w\" sizes=\"(max-width: 600px) 100vw, 600px\" \/> <img loading=\"lazy\" class=\"alignnone size-large wp-image-5109 aligncenter\" src=\"http:\/\/www.martinstrattner.de\/fotoblog\/wp-content\/uploads\/2015\/02\/St\u00e4dte-der-Algarve-MartinStrattner-49.jpg\" alt=\"St\u00e4dte der Algarve-MartinStrattner-49\" width=\"600\" height=\"400\" srcset=\"http:\/\/www.martinstrattner.de\/fotoblog\/wp-content\/uploads\/2015\/02\/St\u00e4dte-der-Algarve-MartinStrattner-49.jpg 600w, http:\/\/www.martinstrattner.de\/fotoblog\/wp-content\/uploads\/2015\/02\/St\u00e4dte-der-Algarve-MartinStrattner-49-508x339.jpg 508w\" sizes=\"(max-width: 600px) 100vw, 600px\" \/> <img loading=\"lazy\" class=\"alignnone size-large wp-image-5110 aligncenter\" src=\"http:\/\/www.martinstrattner.de\/fotoblog\/wp-content\/uploads\/2015\/02\/St\u00e4dte-der-Algarve-MartinStrattner-50.jpg\" alt=\"St\u00e4dte der Algarve-MartinStrattner-50\" width=\"600\" height=\"400\" srcset=\"http:\/\/www.martinstrattner.de\/fotoblog\/wp-content\/uploads\/2015\/02\/St\u00e4dte-der-Algarve-MartinStrattner-50.jpg 600w, http:\/\/www.martinstrattner.de\/fotoblog\/wp-content\/uploads\/2015\/02\/St\u00e4dte-der-Algarve-MartinStrattner-50-508x339.jpg 508w\" sizes=\"(max-width: 600px) 100vw, 600px\" \/> <img loading=\"lazy\" class=\"alignnone size-large wp-image-5111 aligncenter\" src=\"http:\/\/www.martinstrattner.de\/fotoblog\/wp-content\/uploads\/2015\/02\/St\u00e4dte-der-Algarve-MartinStrattner-51.jpg\" alt=\"St\u00e4dte der Algarve-MartinStrattner-51\" width=\"600\" height=\"900\" srcset=\"http:\/\/www.martinstrattner.de\/fotoblog\/wp-content\/uploads\/2015\/02\/St\u00e4dte-der-Algarve-MartinStrattner-51.jpg 600w, http:\/\/www.martinstrattner.de\/fotoblog\/wp-content\/uploads\/2015\/02\/St\u00e4dte-der-Algarve-MartinStrattner-51-508x762.jpg 508w\" sizes=\"(max-width: 600px) 100vw, 600px\" \/> <img loading=\"lazy\" class=\"alignnone size-large wp-image-5112 aligncenter\" src=\"http:\/\/www.martinstrattner.de\/fotoblog\/wp-content\/uploads\/2015\/02\/St\u00e4dte-der-Algarve-MartinStrattner-52.jpg\" alt=\"St\u00e4dte der Algarve-MartinStrattner-52\" width=\"600\" height=\"400\" srcset=\"http:\/\/www.martinstrattner.de\/fotoblog\/wp-content\/uploads\/2015\/02\/St\u00e4dte-der-Algarve-MartinStrattner-52.jpg 600w, http:\/\/www.martinstrattner.de\/fotoblog\/wp-content\/uploads\/2015\/02\/St\u00e4dte-der-Algarve-MartinStrattner-52-508x339.jpg 508w\" sizes=\"(max-width: 600px) 100vw, 600px\" \/> <img loading=\"lazy\" class=\"alignnone size-large wp-image-5113 aligncenter\" src=\"http:\/\/www.martinstrattner.de\/fotoblog\/wp-content\/uploads\/2015\/02\/St\u00e4dte-der-Algarve-MartinStrattner-53.jpg\" alt=\"St\u00e4dte der Algarve-MartinStrattner-53\" width=\"600\" height=\"400\" srcset=\"http:\/\/www.martinstrattner.de\/fotoblog\/wp-content\/uploads\/2015\/02\/St\u00e4dte-der-Algarve-MartinStrattner-53.jpg 600w, http:\/\/www.martinstrattner.de\/fotoblog\/wp-content\/uploads\/2015\/02\/St\u00e4dte-der-Algarve-MartinStrattner-53-508x339.jpg 508w\" sizes=\"(max-width: 600px) 100vw, 600px\" \/> <img loading=\"lazy\" class=\"alignnone size-large wp-image-5114 aligncenter\" src=\"http:\/\/www.martinstrattner.de\/fotoblog\/wp-content\/uploads\/2015\/02\/St\u00e4dte-der-Algarve-MartinStrattner-54.jpg\" alt=\"St\u00e4dte der Algarve-MartinStrattner-54\" width=\"600\" height=\"400\" srcset=\"http:\/\/www.martinstrattner.de\/fotoblog\/wp-content\/uploads\/2015\/02\/St\u00e4dte-der-Algarve-MartinStrattner-54.jpg 600w, http:\/\/www.martinstrattner.de\/fotoblog\/wp-content\/uploads\/2015\/02\/St\u00e4dte-der-Algarve-MartinStrattner-54-508x339.jpg 508w\" sizes=\"(max-width: 600px) 100vw, 600px\" \/> <img loading=\"lazy\" class=\"alignnone size-large wp-image-5115 aligncenter\" src=\"http:\/\/www.martinstrattner.de\/fotoblog\/wp-content\/uploads\/2015\/02\/St\u00e4dte-der-Algarve-MartinStrattner-55.jpg\" alt=\"St\u00e4dte der Algarve-MartinStrattner-55\" width=\"600\" height=\"900\" srcset=\"http:\/\/www.martinstrattner.de\/fotoblog\/wp-content\/uploads\/2015\/02\/St\u00e4dte-der-Algarve-MartinStrattner-55.jpg 600w, http:\/\/www.martinstrattner.de\/fotoblog\/wp-content\/uploads\/2015\/02\/St\u00e4dte-der-Algarve-MartinStrattner-55-508x762.jpg 508w\" sizes=\"(max-width: 600px) 100vw, 600px\" \/> <img loading=\"lazy\" class=\"alignnone size-large wp-image-5116 aligncenter\" src=\"http:\/\/www.martinstrattner.de\/fotoblog\/wp-content\/uploads\/2015\/02\/St\u00e4dte-der-Algarve-MartinStrattner-56.jpg\" alt=\"St\u00e4dte der Algarve-MartinStrattner-56\" width=\"600\" height=\"400\" srcset=\"http:\/\/www.martinstrattner.de\/fotoblog\/wp-content\/uploads\/2015\/02\/St\u00e4dte-der-Algarve-MartinStrattner-56.jpg 600w, http:\/\/www.martinstrattner.de\/fotoblog\/wp-content\/uploads\/2015\/02\/St\u00e4dte-der-Algarve-MartinStrattner-56-508x339.jpg 508w\" sizes=\"(max-width: 600px) 100vw, 600px\" \/> <img loading=\"lazy\" class=\"alignnone size-large wp-image-5117 aligncenter\" src=\"http:\/\/www.martinstrattner.de\/fotoblog\/wp-content\/uploads\/2015\/02\/St\u00e4dte-der-Algarve-MartinStrattner-57.jpg\" alt=\"St\u00e4dte der Algarve-MartinStrattner-57\" width=\"600\" height=\"900\" srcset=\"http:\/\/www.martinstrattner.de\/fotoblog\/wp-content\/uploads\/2015\/02\/St\u00e4dte-der-Algarve-MartinStrattner-57.jpg 600w, http:\/\/www.martinstrattner.de\/fotoblog\/wp-content\/uploads\/2015\/02\/St\u00e4dte-der-Algarve-MartinStrattner-57-508x762.jpg 508w\" sizes=\"(max-width: 600px) 100vw, 600px\" \/> <img loading=\"lazy\" class=\"alignnone size-large wp-image-5118 aligncenter\" src=\"http:\/\/www.martinstrattner.de\/fotoblog\/wp-content\/uploads\/2015\/02\/St\u00e4dte-der-Algarve-MartinStrattner-58.jpg\" alt=\"St\u00e4dte der Algarve-MartinStrattner-58\" width=\"600\" height=\"400\" srcset=\"http:\/\/www.martinstrattner.de\/fotoblog\/wp-content\/uploads\/2015\/02\/St\u00e4dte-der-Algarve-MartinStrattner-58.jpg 600w, http:\/\/www.martinstrattner.de\/fotoblog\/wp-content\/uploads\/2015\/02\/St\u00e4dte-der-Algarve-MartinStrattner-58-508x339.jpg 508w\" sizes=\"(max-width: 600px) 100vw, 600px\" \/> <img loading=\"lazy\" class=\"alignnone size-large wp-image-5119 aligncenter\" src=\"http:\/\/www.martinstrattner.de\/fotoblog\/wp-content\/uploads\/2015\/02\/St\u00e4dte-der-Algarve-MartinStrattner-59.jpg\" alt=\"St\u00e4dte der Algarve-MartinStrattner-59\" width=\"600\" height=\"400\" srcset=\"http:\/\/www.martinstrattner.de\/fotoblog\/wp-content\/uploads\/2015\/02\/St\u00e4dte-der-Algarve-MartinStrattner-59.jpg 600w, http:\/\/www.martinstrattner.de\/fotoblog\/wp-content\/uploads\/2015\/02\/St\u00e4dte-der-Algarve-MartinStrattner-59-508x339.jpg 508w\" sizes=\"(max-width: 600px) 100vw, 600px\" \/><\/p>\n\n<!-- Facebook Like Button v1.9.6 BEGIN [http:\/\/blog.bottomlessinc.com] -->\n<fb:like href=\"http:\/\/www.martinstrattner.de\/fotoblog\/2015\/02\/staedte-der-algarve\/\" layout=\"button_count\" show_faces=\"false\" width=\"450\" action=\"like\" colorscheme=\"light\"><\/fb:like>\n<!-- Facebook Like Button END -->\n<\/div><\/div>","protected":false},"excerpt":{"rendered":"<p>3 St\u00e4dte in einem Post. Meine Erinnerung an Portim\u00e3o an der \u00f6stlichen Algarve waren haupts\u00e4chlich die an der Promenade unter der Br\u00fccke anlegenden Fischerboote und die Restaurants gleich daneben, in denen man den Fisch essen konnte. Zuvor hatte ich schon gelesen das w\u00e4re wohl im Rahmen der\u00a0Stadtversch\u00f6nerung alles beseitigt worden. Und ja, es ist nichts [&hellip;]<\/p>\n","protected":false},"author":1,"featured_media":5120,"comment_status":"open","ping_status":"open","sticky":false,"template":"","format":"standard","meta":{"spay_email":"","jetpack_publicize_message":""},"categories":[3,13,11,6,24],"tags":[],"jetpack_featured_media_url":"http:\/\/www.martinstrattner.de\/fotoblog\/wp-content\/uploads\/2015\/02\/Titel-St\u00e4dte-der-Algarve-MartinStrattner.jpg","jetpack_publicize_connections":[],"jetpack_shortlink":"https:\/\/wp.me\/p2qpVl-1jD","jetpack_sharing_enabled":true,"jetpack-related-posts":[],"_links":{"self":[{"href":"http:\/\/www.martinstrattner.de\/fotoblog\/wp-json\/wp\/v2\/posts\/5061"}],"collection":[{"href":"http:\/\/www.martinstrattner.de\/fotoblog\/wp-json\/wp\/v2\/posts"}],"about":[{"href":"http:\/\/www.martinstrattner.de\/fotoblog\/wp-json\/wp\/v2\/types\/post"}],"author":[{"embeddable":true,"href":"http:\/\/www.martinstrattner.de\/fotoblog\/wp-json\/wp\/v2\/users\/1"}],"replies":[{"embeddable":true,"href":"http:\/\/www.martinstrattner.de\/fotoblog\/wp-json\/wp\/v2\/comments?post=5061"}],"version-history":[{"count":14,"href":"http:\/\/www.martinstrattner.de\/fotoblog\/wp-json\/wp\/v2\/posts\/5061\/revisions"}],"predecessor-version":[{"id":5805,"href":"http:\/\/www.martinstrattner.de\/fotoblog\/wp-json\/wp\/v2\/posts\/5061\/revisions\/5805"}],"wp:featuredmedia":[{"embeddable":true,"href":"http:\/\/www.martinstrattner.de\/fotoblog\/wp-json\/wp\/v2\/media\/5120"}],"wp:attachment":[{"href":"http:\/\/www.martinstrattner.de\/fotoblog\/wp-json\/wp\/v2\/media?parent=5061"}],"wp:term":[{"taxonomy":"category","embeddable":true,"href":"http:\/\/www.martinstrattner.de\/fotoblog\/wp-json\/wp\/v2\/categories?post=5061"},{"taxonomy":"post_tag","embeddable":true,"href":"http:\/\/www.martinstrattner.de\/fotoblog\/wp-json\/wp\/v2\/tags?post=5061"}],"curies":[{"name":"wp","href":"https:\/\/api.w.org\/{rel}","templated":true}]}}