{"id":4589,"date":"2014-11-19T17:19:59","date_gmt":"2014-11-19T16:19:59","guid":{"rendered":"http:\/\/www.martinstrattner.de\/fotoblog\/?p=4589"},"modified":"2015-03-28T17:56:00","modified_gmt":"2015-03-28T16:56:00","slug":"es-regnet-bindfaeden-in-porto","status":"publish","type":"post","link":"http:\/\/www.martinstrattner.de\/fotoblog\/2014\/11\/es-regnet-bindfaeden-in-porto\/","title":{"rendered":"Es regnet Bindf\u00e4den in Porto"},"content":{"rendered":"<div id=\"dslc-theme-content\"><div id=\"dslc-theme-content-inner\"><p>Wir brechen fr\u00fchmorgens in Lissabon auf, und fahren zum Airport um unser Auto abzuholen. Wir bekommen nen neuen Clio, freuen uns, und drehen vor lauter Freude erst mal 3 Runden auf den immer gleichen Flughafenstra\u00dfen (oder vielleicht haben wir nur die Ausfahrt nicht gefunden. Drei mal).<\/p>\n<p>Es soll Richtung Porto gehen. Dort haben wir diesen einen Tag um alles zu sehen. Vorz\u00fcgliche Autobahnen, ein angenehmes Auto, ne lange Fahrt mit guter Musik. Passt.<\/p>\n<p><img loading=\"lazy\" class=\"alignnone size-large wp-image-4591 aligncenter\" src=\"http:\/\/www.martinstrattner.de\/fotoblog\/wp-content\/uploads\/2014\/11\/Porto-MartinStrattner-02.jpg\" alt=\"Porto-MartinStrattner-02\" width=\"600\" height=\"400\" \/><img loading=\"lazy\" class=\"alignnone size-large wp-image-4593 aligncenter\" src=\"http:\/\/www.martinstrattner.de\/fotoblog\/wp-content\/uploads\/2014\/11\/Porto-MartinStrattner-04.jpg\" alt=\"Porto-MartinStrattner-04\" width=\"600\" height=\"900\" srcset=\"http:\/\/www.martinstrattner.de\/fotoblog\/wp-content\/uploads\/2014\/11\/Porto-MartinStrattner-04.jpg 600w, http:\/\/www.martinstrattner.de\/fotoblog\/wp-content\/uploads\/2014\/11\/Porto-MartinStrattner-04-400x600.jpg 400w\" sizes=\"(max-width: 600px) 100vw, 600px\" \/><img loading=\"lazy\" class=\"alignnone size-large wp-image-4596 aligncenter\" src=\"http:\/\/www.martinstrattner.de\/fotoblog\/wp-content\/uploads\/2014\/11\/Porto-MartinStrattner-07.jpg\" alt=\"Porto-MartinStrattner-07\" width=\"600\" height=\"400\" \/> <img loading=\"lazy\" class=\"alignnone size-large wp-image-4597 aligncenter\" src=\"http:\/\/www.martinstrattner.de\/fotoblog\/wp-content\/uploads\/2014\/11\/Porto-MartinStrattner-08.jpg\" alt=\"Porto-MartinStrattner-08\" width=\"600\" height=\"400\" \/><\/p>\n<p>In Porto im zentralen Parkhaus das Auto abgestellt, (wir wollen keine Zeit verlieren) ist das Wetter leider noch schlechter als die schon schlechte Vorhersage. Es regnet nicht nur Bindf\u00e4den, sondern eigentlich wird hier gleich mit ganzen Garnkn\u00e4ueln geworfen. Insofern gut, weil die\u00a0vorher als &#8222;optional&#8220; gekennzeichnete Tour durch eine Portweinkellerer pl\u00f6tzlich auf Platz eins der ToDo-Liste rutscht. Weil mit Dach. Wir gehen also zu Sandemann. Recht interessant, eine Stunde im Trockenen, und anschlie\u00dfend zwei Portwein. Der Regen wird davon zwar nicht weniger, aber es f\u00fchlt sich besser an.<\/p>\n<p><img loading=\"lazy\" class=\"alignnone size-full wp-image-4590 aligncenter\" src=\"http:\/\/www.martinstrattner.de\/fotoblog\/wp-content\/uploads\/2014\/11\/Porto-MartinStrattner-01.jpg\" alt=\"Porto-MartinStrattner-01\" width=\"600\" height=\"400\" \/> <img loading=\"lazy\" class=\"alignnone size-large wp-image-4599 aligncenter\" src=\"http:\/\/www.martinstrattner.de\/fotoblog\/wp-content\/uploads\/2014\/11\/Porto-MartinStrattner-10.jpg\" alt=\"Porto-MartinStrattner-10\" width=\"600\" height=\"900\" srcset=\"http:\/\/www.martinstrattner.de\/fotoblog\/wp-content\/uploads\/2014\/11\/Porto-MartinStrattner-10.jpg 600w, http:\/\/www.martinstrattner.de\/fotoblog\/wp-content\/uploads\/2014\/11\/Porto-MartinStrattner-10-400x600.jpg 400w\" sizes=\"(max-width: 600px) 100vw, 600px\" \/> <img loading=\"lazy\" class=\"alignnone size-large wp-image-4600 aligncenter\" src=\"http:\/\/www.martinstrattner.de\/fotoblog\/wp-content\/uploads\/2014\/11\/Porto-MartinStrattner-11.jpg\" alt=\"Porto-MartinStrattner-11\" width=\"600\" height=\"900\" srcset=\"http:\/\/www.martinstrattner.de\/fotoblog\/wp-content\/uploads\/2014\/11\/Porto-MartinStrattner-11.jpg 600w, http:\/\/www.martinstrattner.de\/fotoblog\/wp-content\/uploads\/2014\/11\/Porto-MartinStrattner-11-400x600.jpg 400w\" sizes=\"(max-width: 600px) 100vw, 600px\" \/><img loading=\"lazy\" class=\"alignnone size-large wp-image-4602 aligncenter\" src=\"http:\/\/www.martinstrattner.de\/fotoblog\/wp-content\/uploads\/2014\/11\/Porto-MartinStrattner-13.jpg\" alt=\"Porto-MartinStrattner-13\" width=\"600\" height=\"400\" \/><img loading=\"lazy\" class=\"alignnone size-large wp-image-4604 aligncenter\" src=\"http:\/\/www.martinstrattner.de\/fotoblog\/wp-content\/uploads\/2014\/11\/Porto-MartinStrattner-15.jpg\" alt=\"Porto-MartinStrattner-15\" width=\"600\" height=\"900\" srcset=\"http:\/\/www.martinstrattner.de\/fotoblog\/wp-content\/uploads\/2014\/11\/Porto-MartinStrattner-15.jpg 600w, http:\/\/www.martinstrattner.de\/fotoblog\/wp-content\/uploads\/2014\/11\/Porto-MartinStrattner-15-400x600.jpg 400w\" sizes=\"(max-width: 600px) 100vw, 600px\" \/> <img loading=\"lazy\" class=\"alignnone size-large wp-image-4605 aligncenter\" src=\"http:\/\/www.martinstrattner.de\/fotoblog\/wp-content\/uploads\/2014\/11\/Porto-MartinStrattner-16.jpg\" alt=\"Porto-MartinStrattner-16\" width=\"600\" height=\"800\" srcset=\"http:\/\/www.martinstrattner.de\/fotoblog\/wp-content\/uploads\/2014\/11\/Porto-MartinStrattner-16.jpg 600w, http:\/\/www.martinstrattner.de\/fotoblog\/wp-content\/uploads\/2014\/11\/Porto-MartinStrattner-16-450x600.jpg 450w\" sizes=\"(max-width: 600px) 100vw, 600px\" \/> <img loading=\"lazy\" class=\"alignnone size-large wp-image-4606 aligncenter\" src=\"http:\/\/www.martinstrattner.de\/fotoblog\/wp-content\/uploads\/2014\/11\/Porto-MartinStrattner-17.jpg\" alt=\"Porto-MartinStrattner-17\" width=\"600\" height=\"400\" \/><\/p>\n<p>R\u00fcber \u00fcber DIE Br\u00fccke Portos, und auf der Stadtseite erstmal viele Stufen hoch<\/p>\n<p><img loading=\"lazy\" class=\"alignnone size-large wp-image-4608 aligncenter\" src=\"http:\/\/www.martinstrattner.de\/fotoblog\/wp-content\/uploads\/2014\/11\/Porto-MartinStrattner-19.jpg\" alt=\"Porto-MartinStrattner-19\" width=\"600\" height=\"900\" srcset=\"http:\/\/www.martinstrattner.de\/fotoblog\/wp-content\/uploads\/2014\/11\/Porto-MartinStrattner-19.jpg 600w, http:\/\/www.martinstrattner.de\/fotoblog\/wp-content\/uploads\/2014\/11\/Porto-MartinStrattner-19-400x600.jpg 400w\" sizes=\"(max-width: 600px) 100vw, 600px\" \/><img loading=\"lazy\" class=\"alignnone size-large wp-image-4610 aligncenter\" src=\"http:\/\/www.martinstrattner.de\/fotoblog\/wp-content\/uploads\/2014\/11\/Porto-MartinStrattner-21.jpg\" alt=\"Porto-MartinStrattner-21\" width=\"600\" height=\"900\" srcset=\"http:\/\/www.martinstrattner.de\/fotoblog\/wp-content\/uploads\/2014\/11\/Porto-MartinStrattner-21.jpg 600w, http:\/\/www.martinstrattner.de\/fotoblog\/wp-content\/uploads\/2014\/11\/Porto-MartinStrattner-21-400x600.jpg 400w\" sizes=\"(max-width: 600px) 100vw, 600px\" \/> <img loading=\"lazy\" class=\"alignnone size-large wp-image-4611 aligncenter\" src=\"http:\/\/www.martinstrattner.de\/fotoblog\/wp-content\/uploads\/2014\/11\/Porto-MartinStrattner-22.jpg\" alt=\"Porto-MartinStrattner-22\" width=\"600\" height=\"900\" srcset=\"http:\/\/www.martinstrattner.de\/fotoblog\/wp-content\/uploads\/2014\/11\/Porto-MartinStrattner-22.jpg 600w, http:\/\/www.martinstrattner.de\/fotoblog\/wp-content\/uploads\/2014\/11\/Porto-MartinStrattner-22-400x600.jpg 400w\" sizes=\"(max-width: 600px) 100vw, 600px\" \/> <img loading=\"lazy\" class=\"alignnone size-large wp-image-4612 aligncenter\" src=\"http:\/\/www.martinstrattner.de\/fotoblog\/wp-content\/uploads\/2014\/11\/Porto-MartinStrattner-23.jpg\" alt=\"Porto-MartinStrattner-23\" width=\"600\" height=\"900\" srcset=\"http:\/\/www.martinstrattner.de\/fotoblog\/wp-content\/uploads\/2014\/11\/Porto-MartinStrattner-23.jpg 600w, http:\/\/www.martinstrattner.de\/fotoblog\/wp-content\/uploads\/2014\/11\/Porto-MartinStrattner-23-400x600.jpg 400w\" sizes=\"(max-width: 600px) 100vw, 600px\" \/><img loading=\"lazy\" class=\"alignnone size-large wp-image-4615 aligncenter\" src=\"http:\/\/www.martinstrattner.de\/fotoblog\/wp-content\/uploads\/2014\/11\/Porto-MartinStrattner-26.jpg\" alt=\"Porto-MartinStrattner-26\" width=\"600\" height=\"450\" \/> <img loading=\"lazy\" class=\"alignnone size-large wp-image-4616 aligncenter\" src=\"http:\/\/www.martinstrattner.de\/fotoblog\/wp-content\/uploads\/2014\/11\/Porto-MartinStrattner-27.jpg\" alt=\"Porto-MartinStrattner-27\" width=\"600\" height=\"900\" srcset=\"http:\/\/www.martinstrattner.de\/fotoblog\/wp-content\/uploads\/2014\/11\/Porto-MartinStrattner-27.jpg 600w, http:\/\/www.martinstrattner.de\/fotoblog\/wp-content\/uploads\/2014\/11\/Porto-MartinStrattner-27-400x600.jpg 400w\" sizes=\"(max-width: 600px) 100vw, 600px\" \/><\/p>\n<p>Immer wieder wird der Regen so stark, dass man sich unterstellen muss. Die Anzahl der Touristen in der Stadt ist heute von der Zahl der Markisen begrenzt.<\/p>\n<p><img loading=\"lazy\" class=\"alignnone size-large wp-image-4617 aligncenter\" src=\"http:\/\/www.martinstrattner.de\/fotoblog\/wp-content\/uploads\/2014\/11\/Porto-MartinStrattner-28.jpg\" alt=\"Porto-MartinStrattner-28\" width=\"600\" height=\"900\" srcset=\"http:\/\/www.martinstrattner.de\/fotoblog\/wp-content\/uploads\/2014\/11\/Porto-MartinStrattner-28.jpg 600w, http:\/\/www.martinstrattner.de\/fotoblog\/wp-content\/uploads\/2014\/11\/Porto-MartinStrattner-28-400x600.jpg 400w\" sizes=\"(max-width: 600px) 100vw, 600px\" \/> <img loading=\"lazy\" class=\"alignnone size-large wp-image-4618 aligncenter\" src=\"http:\/\/www.martinstrattner.de\/fotoblog\/wp-content\/uploads\/2014\/11\/Porto-MartinStrattner-29.jpg\" alt=\"Porto-MartinStrattner-29\" width=\"600\" height=\"400\" \/><\/p>\n<p>Im Cafe Majestic schrieb Rowling angeblich nen Teil des ersten Harry Potter, au\u00dferdem ist es herrlich verschn\u00f6rkelt darin, und die hei\u00dfe Schokolade w\u00e4re selbst wenn Sie als Schokopudding verkauft w\u00fcrde noch m\u00e4chtig dickfl\u00fcssig und gehaltvoll.<\/p>\n<p><img loading=\"lazy\" class=\"alignnone size-large wp-image-4619 aligncenter\" src=\"http:\/\/www.martinstrattner.de\/fotoblog\/wp-content\/uploads\/2014\/11\/Porto-MartinStrattner-30.jpg\" alt=\"Porto-MartinStrattner-30\" width=\"600\" height=\"450\" \/> <img loading=\"lazy\" class=\"alignnone size-large wp-image-4620 aligncenter\" src=\"http:\/\/www.martinstrattner.de\/fotoblog\/wp-content\/uploads\/2014\/11\/Porto-MartinStrattner-31.jpg\" alt=\"Porto-MartinStrattner-31\" width=\"600\" height=\"400\" \/> <img loading=\"lazy\" class=\"alignnone size-large wp-image-4621 aligncenter\" src=\"http:\/\/www.martinstrattner.de\/fotoblog\/wp-content\/uploads\/2014\/11\/Porto-MartinStrattner-32.jpg\" alt=\"Porto-MartinStrattner-32\" width=\"600\" height=\"400\" \/> <img loading=\"lazy\" class=\"alignnone size-large wp-image-4622 aligncenter\" src=\"http:\/\/www.martinstrattner.de\/fotoblog\/wp-content\/uploads\/2014\/11\/Porto-MartinStrattner-33.jpg\" alt=\"Porto-MartinStrattner-33\" width=\"600\" height=\"450\" \/><img loading=\"lazy\" class=\"alignnone size-large wp-image-4624 aligncenter\" src=\"http:\/\/www.martinstrattner.de\/fotoblog\/wp-content\/uploads\/2014\/11\/Porto-MartinStrattner-35.jpg\" alt=\"Porto-MartinStrattner-35\" width=\"600\" height=\"900\" srcset=\"http:\/\/www.martinstrattner.de\/fotoblog\/wp-content\/uploads\/2014\/11\/Porto-MartinStrattner-35.jpg 600w, http:\/\/www.martinstrattner.de\/fotoblog\/wp-content\/uploads\/2014\/11\/Porto-MartinStrattner-35-400x600.jpg 400w\" sizes=\"(max-width: 600px) 100vw, 600px\" \/> <img loading=\"lazy\" class=\"alignnone size-large wp-image-4625 aligncenter\" src=\"http:\/\/www.martinstrattner.de\/fotoblog\/wp-content\/uploads\/2014\/11\/Porto-MartinStrattner-36.jpg\" alt=\"Porto-MartinStrattner-36\" width=\"600\" height=\"400\" \/> <img loading=\"lazy\" class=\"alignnone size-large wp-image-4626 aligncenter\" src=\"http:\/\/www.martinstrattner.de\/fotoblog\/wp-content\/uploads\/2014\/11\/Porto-MartinStrattner-37.jpg\" alt=\"Porto-MartinStrattner-37\" width=\"600\" height=\"400\" \/><img loading=\"lazy\" class=\"alignnone wp-image-4628 size-full aligncenter\" src=\"http:\/\/www.martinstrattner.de\/fotoblog\/wp-content\/uploads\/2014\/11\/Porto-MartinStrattner-39.jpg\" alt=\"Porto-MartinStrattner-39\" width=\"600\" height=\"400\" \/><\/p>\n<p>Der Platz an dem das Rathaus Portos steht. Wundervolle Fassaden, gro\u00dfer Prunk. Man m\u00f6chte meinen darauf kann und m\u00f6chten die Bewohner einer Stadt stolz sein. Man dreht sich um die Achse, und sieht an der anderen Seite des Platzes auch wundervolle H\u00e4user, aber kaputt. Verlassen, vor wohl nicht allzulanger Zeit. Dachst\u00fchle eingest\u00fcrzt, Scheiben zerbrochen, es regnet rein, und flie\u00dft am T\u00fcrspalt im Erdgeschoss wieder raus. Es tut mir im Herzen weh.<\/p>\n<p style=\"text-align: center;\"><img loading=\"lazy\" class=\"alignnone wp-image-4629 size-full\" src=\"http:\/\/www.martinstrattner.de\/fotoblog\/wp-content\/uploads\/2014\/11\/Porto-MartinStrattner-40.jpg\" alt=\"Porto-MartinStrattner-40\" width=\"600\" height=\"400\" \/> <img loading=\"lazy\" class=\"alignnone size-large wp-image-4630\" src=\"http:\/\/www.martinstrattner.de\/fotoblog\/wp-content\/uploads\/2014\/11\/Porto-MartinStrattner-41.jpg\" alt=\"Porto-MartinStrattner-41\" width=\"600\" height=\"400\" \/> <img loading=\"lazy\" class=\"alignnone size-large wp-image-4631\" src=\"http:\/\/www.martinstrattner.de\/fotoblog\/wp-content\/uploads\/2014\/11\/Porto-MartinStrattner-42.jpg\" alt=\"Porto-MartinStrattner-42\" width=\"600\" height=\"400\" \/> <img loading=\"lazy\" class=\"alignnone size-large wp-image-4632\" src=\"http:\/\/www.martinstrattner.de\/fotoblog\/wp-content\/uploads\/2014\/11\/Porto-MartinStrattner-43.jpg\" alt=\"Porto-MartinStrattner-43\" width=\"600\" height=\"900\" srcset=\"http:\/\/www.martinstrattner.de\/fotoblog\/wp-content\/uploads\/2014\/11\/Porto-MartinStrattner-43.jpg 600w, http:\/\/www.martinstrattner.de\/fotoblog\/wp-content\/uploads\/2014\/11\/Porto-MartinStrattner-43-400x600.jpg 400w\" sizes=\"(max-width: 600px) 100vw, 600px\" \/> <img loading=\"lazy\" class=\"alignnone size-large wp-image-4633\" src=\"http:\/\/www.martinstrattner.de\/fotoblog\/wp-content\/uploads\/2014\/11\/Porto-MartinStrattner-44.jpg\" alt=\"Porto-MartinStrattner-44\" width=\"600\" height=\"400\" \/><img loading=\"lazy\" class=\"alignnone size-large wp-image-4635\" src=\"http:\/\/www.martinstrattner.de\/fotoblog\/wp-content\/uploads\/2014\/11\/Porto-MartinStrattner-46.jpg\" alt=\"Porto-MartinStrattner-46\" width=\"600\" height=\"400\" \/> <img loading=\"lazy\" class=\"alignnone size-large wp-image-4636\" src=\"http:\/\/www.martinstrattner.de\/fotoblog\/wp-content\/uploads\/2014\/11\/Porto-MartinStrattner-47.jpg\" alt=\"Porto-MartinStrattner-47\" width=\"600\" height=\"900\" srcset=\"http:\/\/www.martinstrattner.de\/fotoblog\/wp-content\/uploads\/2014\/11\/Porto-MartinStrattner-47.jpg 600w, http:\/\/www.martinstrattner.de\/fotoblog\/wp-content\/uploads\/2014\/11\/Porto-MartinStrattner-47-400x600.jpg 400w\" sizes=\"(max-width: 600px) 100vw, 600px\" \/><\/p>\n<p>Sehr bergig ist es, wir gehen st\u00e4ndig rauf und runter.<\/p>\n<p><img loading=\"lazy\" class=\"alignnone size-large wp-image-4637 aligncenter\" src=\"http:\/\/www.martinstrattner.de\/fotoblog\/wp-content\/uploads\/2014\/11\/Porto-MartinStrattner-48.jpg\" alt=\"Porto-MartinStrattner-48\" width=\"600\" height=\"900\" srcset=\"http:\/\/www.martinstrattner.de\/fotoblog\/wp-content\/uploads\/2014\/11\/Porto-MartinStrattner-48.jpg 600w, http:\/\/www.martinstrattner.de\/fotoblog\/wp-content\/uploads\/2014\/11\/Porto-MartinStrattner-48-400x600.jpg 400w\" sizes=\"(max-width: 600px) 100vw, 600px\" \/> <img loading=\"lazy\" class=\"alignnone size-large wp-image-4638 aligncenter\" src=\"http:\/\/www.martinstrattner.de\/fotoblog\/wp-content\/uploads\/2014\/11\/Porto-MartinStrattner-49.jpg\" alt=\"Porto-MartinStrattner-49\" width=\"600\" height=\"400\" \/><img loading=\"lazy\" class=\"alignnone size-large wp-image-4640 aligncenter\" src=\"http:\/\/www.martinstrattner.de\/fotoblog\/wp-content\/uploads\/2014\/11\/Porto-MartinStrattner-51.jpg\" alt=\"Porto-MartinStrattner-51\" width=\"600\" height=\"400\" \/> <img loading=\"lazy\" class=\"alignnone size-large wp-image-4641 aligncenter\" src=\"http:\/\/www.martinstrattner.de\/fotoblog\/wp-content\/uploads\/2014\/11\/Porto-MartinStrattner-52.jpg\" alt=\"Porto-MartinStrattner-52\" width=\"600\" height=\"400\" \/><\/p>\n<p>Seht ihr den Schleier mittig \u00a0auf dem Bild oben? Mein immer-drauf-Objektiv hat hier aufgegeben. Der viele Regen hat irgendwie seinen Weg rein gefunden. Ich konnte es nicht mehr verwenden, ab jetzt also nur noch Aufnahmen mit dem Tele.<\/p>\n<p><img loading=\"lazy\" class=\"alignnone size-large wp-image-4642 aligncenter\" src=\"http:\/\/www.martinstrattner.de\/fotoblog\/wp-content\/uploads\/2014\/11\/Porto-MartinStrattner-53.jpg\" alt=\"Porto-MartinStrattner-53\" width=\"600\" height=\"400\" \/> <img loading=\"lazy\" class=\"alignnone size-large wp-image-4643 aligncenter\" src=\"http:\/\/www.martinstrattner.de\/fotoblog\/wp-content\/uploads\/2014\/11\/Porto-MartinStrattner-54.jpg\" alt=\"Porto-MartinStrattner-54\" width=\"600\" height=\"900\" srcset=\"http:\/\/www.martinstrattner.de\/fotoblog\/wp-content\/uploads\/2014\/11\/Porto-MartinStrattner-54.jpg 600w, http:\/\/www.martinstrattner.de\/fotoblog\/wp-content\/uploads\/2014\/11\/Porto-MartinStrattner-54-400x600.jpg 400w\" sizes=\"(max-width: 600px) 100vw, 600px\" \/><img loading=\"lazy\" class=\"alignnone size-large wp-image-4645 aligncenter\" src=\"http:\/\/www.martinstrattner.de\/fotoblog\/wp-content\/uploads\/2014\/11\/Porto-MartinStrattner-56.jpg\" alt=\"Porto-MartinStrattner-56\" width=\"600\" height=\"400\" \/><img loading=\"lazy\" class=\"alignnone size-large wp-image-4647 aligncenter\" src=\"http:\/\/www.martinstrattner.de\/fotoblog\/wp-content\/uploads\/2014\/11\/Porto-MartinStrattner-58.jpg\" alt=\"Porto-MartinStrattner-58\" width=\"600\" height=\"400\" \/><img loading=\"lazy\" class=\"alignnone size-large wp-image-4650 aligncenter\" src=\"http:\/\/www.martinstrattner.de\/fotoblog\/wp-content\/uploads\/2014\/11\/Porto-MartinStrattner-61.jpg\" alt=\"Porto-MartinStrattner-61\" width=\"600\" height=\"400\" \/><\/p>\n<p><img loading=\"lazy\" class=\"alignnone size-large wp-image-4651 aligncenter\" src=\"http:\/\/www.martinstrattner.de\/fotoblog\/wp-content\/uploads\/2014\/11\/Porto-MartinStrattner-62.jpg\" alt=\"Porto-MartinStrattner-62\" width=\"600\" height=\"400\" \/> <img loading=\"lazy\" class=\"alignnone size-large wp-image-4652 aligncenter\" src=\"http:\/\/www.martinstrattner.de\/fotoblog\/wp-content\/uploads\/2014\/11\/Porto-MartinStrattner-63.jpg\" alt=\"Porto-MartinStrattner-63\" width=\"600\" height=\"900\" srcset=\"http:\/\/www.martinstrattner.de\/fotoblog\/wp-content\/uploads\/2014\/11\/Porto-MartinStrattner-63.jpg 600w, http:\/\/www.martinstrattner.de\/fotoblog\/wp-content\/uploads\/2014\/11\/Porto-MartinStrattner-63-400x600.jpg 400w\" sizes=\"(max-width: 600px) 100vw, 600px\" \/><\/p>\n<p>Wir sind irgendwann auf dem h\u00f6chsten Punkt der Stadt, sehen von oben die Schiffe die den Portwein fahren, die verschachtelten Gassen, und nat\u00fcrlich die kaputten D\u00e4cher. Und leider, so traurig das ist, so sch\u00f6n sieht es aus. Dieses leicht kaputte, unperfekte, zuf\u00e4llige.<\/p>\n<p><img loading=\"lazy\" class=\"alignnone size-large wp-image-4653 aligncenter\" src=\"http:\/\/www.martinstrattner.de\/fotoblog\/wp-content\/uploads\/2014\/11\/Porto-MartinStrattner-64.jpg\" alt=\"Porto-MartinStrattner-64\" width=\"600\" height=\"400\" \/> <img loading=\"lazy\" class=\"alignnone size-large wp-image-4654 aligncenter\" src=\"http:\/\/www.martinstrattner.de\/fotoblog\/wp-content\/uploads\/2014\/11\/Porto-MartinStrattner-65.jpg\" alt=\"Porto-MartinStrattner-65\" width=\"600\" height=\"900\" srcset=\"http:\/\/www.martinstrattner.de\/fotoblog\/wp-content\/uploads\/2014\/11\/Porto-MartinStrattner-65.jpg 600w, http:\/\/www.martinstrattner.de\/fotoblog\/wp-content\/uploads\/2014\/11\/Porto-MartinStrattner-65-400x600.jpg 400w\" sizes=\"(max-width: 600px) 100vw, 600px\" \/> <img loading=\"lazy\" class=\"alignnone size-large wp-image-4655 aligncenter\" src=\"http:\/\/www.martinstrattner.de\/fotoblog\/wp-content\/uploads\/2014\/11\/Porto-MartinStrattner-66.jpg\" alt=\"Porto-MartinStrattner-66\" width=\"600\" height=\"900\" srcset=\"http:\/\/www.martinstrattner.de\/fotoblog\/wp-content\/uploads\/2014\/11\/Porto-MartinStrattner-66.jpg 600w, http:\/\/www.martinstrattner.de\/fotoblog\/wp-content\/uploads\/2014\/11\/Porto-MartinStrattner-66-400x600.jpg 400w\" sizes=\"(max-width: 600px) 100vw, 600px\" \/> <img loading=\"lazy\" class=\"alignnone size-large wp-image-4656 aligncenter\" src=\"http:\/\/www.martinstrattner.de\/fotoblog\/wp-content\/uploads\/2014\/11\/Porto-MartinStrattner-67.jpg\" alt=\"Porto-MartinStrattner-67\" width=\"600\" height=\"400\" \/><img loading=\"lazy\" class=\"alignnone size-large wp-image-4658 aligncenter\" src=\"http:\/\/www.martinstrattner.de\/fotoblog\/wp-content\/uploads\/2014\/11\/Porto-MartinStrattner-69.jpg\" alt=\"Porto-MartinStrattner-69\" width=\"600\" height=\"900\" srcset=\"http:\/\/www.martinstrattner.de\/fotoblog\/wp-content\/uploads\/2014\/11\/Porto-MartinStrattner-69.jpg 600w, http:\/\/www.martinstrattner.de\/fotoblog\/wp-content\/uploads\/2014\/11\/Porto-MartinStrattner-69-400x600.jpg 400w\" sizes=\"(max-width: 600px) 100vw, 600px\" \/> <img loading=\"lazy\" class=\"alignnone size-large wp-image-4659 aligncenter\" src=\"http:\/\/www.martinstrattner.de\/fotoblog\/wp-content\/uploads\/2014\/11\/Porto-MartinStrattner-70.jpg\" alt=\"Porto-MartinStrattner-70\" width=\"600\" height=\"400\" \/><\/p>\n<p>Zur\u00fcck zum Auto. Und raus aus dem Parkhaus. DACHTEN WIR. Praktisch war unser Urlaub hier rum. DACHTEN WIR dann 10 Minuten, in denen\u00a0wir vergeblich die Ausfahrt suchten, aber nur die Einfahrt fanden. Auf Verdacht sind wir irgendwann einfach immer weiter hoch gefahren. Ganz oben, auf dem befahrbaren Dach, ca. 40 Meter \u00fcber der Einfahrt der Garage dann die Ausfahrt. Welche trotzdem ebenerdig raus geht. Faszinierend.<\/p>\n<p>Die anschlie\u00dfende Fahrt zur\u00fcck nach Coimbra (dort steht unser Hotel f\u00fcr die Nacht) ist unglaublich anstrengend. Den langen Tag in den Beinen, st\u00e4ndig drei Liter Wasser auf der Frontscheibe, und die Bef\u00fcrchtung, dass der Regen jetzt auch die n\u00e4chsten Tage nicht endet.<\/p>\n<p>Und zum Abschluss die Frage: an welchem Tag waren wir in Porto? Erlaubtes Hilfsmittel: Das Niederschlagsdiagramm von Porto.<\/p>\n<p><img loading=\"lazy\" class=\" wp-image-4669 aligncenter\" src=\"http:\/\/www.martinstrattner.de\/fotoblog\/wp-content\/uploads\/2014\/11\/Niederschlag-Porto.png\" alt=\"Niederschlag Porto\" width=\"600\" height=\"334\" srcset=\"http:\/\/www.martinstrattner.de\/fotoblog\/wp-content\/uploads\/2014\/11\/Niederschlag-Porto.png 975w, http:\/\/www.martinstrattner.de\/fotoblog\/wp-content\/uploads\/2014\/11\/Niederschlag-Porto-600x333.png 600w, http:\/\/www.martinstrattner.de\/fotoblog\/wp-content\/uploads\/2014\/11\/Niederschlag-Porto-800x444.png 800w\" sizes=\"(max-width: 600px) 100vw, 600px\" \/><\/p>\n\n<!-- Facebook Like Button v1.9.6 BEGIN [http:\/\/blog.bottomlessinc.com] -->\n<fb:like href=\"http:\/\/www.martinstrattner.de\/fotoblog\/2014\/11\/es-regnet-bindfaeden-in-porto\/\" layout=\"button_count\" show_faces=\"false\" width=\"450\" action=\"like\" colorscheme=\"light\"><\/fb:like>\n<!-- Facebook Like Button END -->\n<\/div><\/div>","protected":false},"excerpt":{"rendered":"<p>Wir brechen fr\u00fchmorgens in Lissabon auf, und fahren zum Airport um unser Auto abzuholen. Wir bekommen nen neuen Clio, freuen uns, und drehen vor lauter Freude erst mal 3 Runden auf den immer gleichen Flughafenstra\u00dfen (oder vielleicht haben wir nur die Ausfahrt nicht gefunden. Drei mal). Es soll Richtung Porto gehen. Dort haben wir diesen [&hellip;]<\/p>\n","protected":false},"author":1,"featured_media":4662,"comment_status":"open","ping_status":"open","sticky":false,"template":"","format":"standard","meta":{"spay_email":"","jetpack_publicize_message":""},"categories":[3,15,13,11,6,12,7],"tags":[],"jetpack_featured_media_url":"http:\/\/www.martinstrattner.de\/fotoblog\/wp-content\/uploads\/2014\/11\/Titel-Porto-MartinStrattner-2.jpg","jetpack_publicize_connections":[],"jetpack_shortlink":"https:\/\/wp.me\/p2qpVl-1c1","jetpack_sharing_enabled":true,"jetpack-related-posts":[],"_links":{"self":[{"href":"http:\/\/www.martinstrattner.de\/fotoblog\/wp-json\/wp\/v2\/posts\/4589"}],"collection":[{"href":"http:\/\/www.martinstrattner.de\/fotoblog\/wp-json\/wp\/v2\/posts"}],"about":[{"href":"http:\/\/www.martinstrattner.de\/fotoblog\/wp-json\/wp\/v2\/types\/post"}],"author":[{"embeddable":true,"href":"http:\/\/www.martinstrattner.de\/fotoblog\/wp-json\/wp\/v2\/users\/1"}],"replies":[{"embeddable":true,"href":"http:\/\/www.martinstrattner.de\/fotoblog\/wp-json\/wp\/v2\/comments?post=4589"}],"version-history":[{"count":10,"href":"http:\/\/www.martinstrattner.de\/fotoblog\/wp-json\/wp\/v2\/posts\/4589\/revisions"}],"predecessor-version":[{"id":5611,"href":"http:\/\/www.martinstrattner.de\/fotoblog\/wp-json\/wp\/v2\/posts\/4589\/revisions\/5611"}],"wp:featuredmedia":[{"embeddable":true,"href":"http:\/\/www.martinstrattner.de\/fotoblog\/wp-json\/wp\/v2\/media\/4662"}],"wp:attachment":[{"href":"http:\/\/www.martinstrattner.de\/fotoblog\/wp-json\/wp\/v2\/media?parent=4589"}],"wp:term":[{"taxonomy":"category","embeddable":true,"href":"http:\/\/www.martinstrattner.de\/fotoblog\/wp-json\/wp\/v2\/categories?post=4589"},{"taxonomy":"post_tag","embeddable":true,"href":"http:\/\/www.martinstrattner.de\/fotoblog\/wp-json\/wp\/v2\/tags?post=4589"}],"curies":[{"name":"wp","href":"https:\/\/api.w.org\/{rel}","templated":true}]}}