{"id":431,"date":"2012-06-22T15:42:00","date_gmt":"2012-06-22T13:42:00","guid":{"rendered":"http:\/\/www.martinstrattner.de\/fotoblog\/?p=431"},"modified":"2015-03-29T10:08:52","modified_gmt":"2015-03-29T09:08:52","slug":"tag-4-in-london","status":"publish","type":"post","link":"http:\/\/www.martinstrattner.de\/fotoblog\/2012\/06\/tag-4-in-london\/","title":{"rendered":"Tag 4 in (London)"},"content":{"rendered":"<div id=\"dslc-theme-content\"><div id=\"dslc-theme-content-inner\"><p style=\"text-align: center;\">Und wieder ging es in der Fr\u00fch auf zu einem Markt. In diesem Fall der Camden Market.<\/p>\n<p style=\"text-align: center;\"><img loading=\"lazy\" class=\"alignnone size-full wp-image-448\" title=\"20120610-MartinStrattner-01\" src=\"http:\/\/www.martinstrattner.de\/fotoblog\/wp-content\/uploads\/2012\/06\/20120610-MartinStrattner-01.jpg\" alt=\"\" width=\"600\" height=\"450\" srcset=\"http:\/\/www.martinstrattner.de\/fotoblog\/wp-content\/uploads\/2012\/06\/20120610-MartinStrattner-01.jpg 600w, http:\/\/www.martinstrattner.de\/fotoblog\/wp-content\/uploads\/2012\/06\/20120610-MartinStrattner-01-288x216.jpg 288w, http:\/\/www.martinstrattner.de\/fotoblog\/wp-content\/uploads\/2012\/06\/20120610-MartinStrattner-01-494x370.jpg 494w\" sizes=\"(max-width: 600px) 100vw, 600px\" \/><img loading=\"lazy\" class=\"alignnone size-full wp-image-449\" title=\"20120610-MartinStrattner-02\" src=\"http:\/\/www.martinstrattner.de\/fotoblog\/wp-content\/uploads\/2012\/06\/20120610-MartinStrattner-02.jpg\" alt=\"\" width=\"600\" height=\"450\" srcset=\"http:\/\/www.martinstrattner.de\/fotoblog\/wp-content\/uploads\/2012\/06\/20120610-MartinStrattner-02.jpg 600w, http:\/\/www.martinstrattner.de\/fotoblog\/wp-content\/uploads\/2012\/06\/20120610-MartinStrattner-02-288x216.jpg 288w, http:\/\/www.martinstrattner.de\/fotoblog\/wp-content\/uploads\/2012\/06\/20120610-MartinStrattner-02-494x370.jpg 494w\" sizes=\"(max-width: 600px) 100vw, 600px\" \/><img loading=\"lazy\" class=\"alignnone size-full wp-image-450\" title=\"20120610-MartinStrattner-03\" src=\"http:\/\/www.martinstrattner.de\/fotoblog\/wp-content\/uploads\/2012\/06\/20120610-MartinStrattner-03.jpg\" alt=\"\" width=\"600\" height=\"450\" srcset=\"http:\/\/www.martinstrattner.de\/fotoblog\/wp-content\/uploads\/2012\/06\/20120610-MartinStrattner-03.jpg 600w, http:\/\/www.martinstrattner.de\/fotoblog\/wp-content\/uploads\/2012\/06\/20120610-MartinStrattner-03-288x216.jpg 288w, http:\/\/www.martinstrattner.de\/fotoblog\/wp-content\/uploads\/2012\/06\/20120610-MartinStrattner-03-494x370.jpg 494w\" sizes=\"(max-width: 600px) 100vw, 600px\" \/><img loading=\"lazy\" class=\"alignnone size-full wp-image-451\" title=\"20120610-MartinStrattner-04\" src=\"http:\/\/www.martinstrattner.de\/fotoblog\/wp-content\/uploads\/2012\/06\/20120610-MartinStrattner-04.jpg\" alt=\"\" width=\"600\" height=\"450\" srcset=\"http:\/\/www.martinstrattner.de\/fotoblog\/wp-content\/uploads\/2012\/06\/20120610-MartinStrattner-04.jpg 600w, http:\/\/www.martinstrattner.de\/fotoblog\/wp-content\/uploads\/2012\/06\/20120610-MartinStrattner-04-288x216.jpg 288w, http:\/\/www.martinstrattner.de\/fotoblog\/wp-content\/uploads\/2012\/06\/20120610-MartinStrattner-04-494x370.jpg 494w\" sizes=\"(max-width: 600px) 100vw, 600px\" \/><img loading=\"lazy\" class=\"alignnone size-full wp-image-452\" title=\"20120610-MartinStrattner-05\" src=\"http:\/\/www.martinstrattner.de\/fotoblog\/wp-content\/uploads\/2012\/06\/20120610-MartinStrattner-05.jpg\" alt=\"\" width=\"600\" height=\"450\" srcset=\"http:\/\/www.martinstrattner.de\/fotoblog\/wp-content\/uploads\/2012\/06\/20120610-MartinStrattner-05.jpg 600w, http:\/\/www.martinstrattner.de\/fotoblog\/wp-content\/uploads\/2012\/06\/20120610-MartinStrattner-05-288x216.jpg 288w, http:\/\/www.martinstrattner.de\/fotoblog\/wp-content\/uploads\/2012\/06\/20120610-MartinStrattner-05-494x370.jpg 494w\" sizes=\"(max-width: 600px) 100vw, 600px\" \/><img loading=\"lazy\" class=\"alignnone size-full wp-image-453\" title=\"20120610-MartinStrattner-06\" src=\"http:\/\/www.martinstrattner.de\/fotoblog\/wp-content\/uploads\/2012\/06\/20120610-MartinStrattner-06.jpg\" alt=\"\" width=\"600\" height=\"450\" srcset=\"http:\/\/www.martinstrattner.de\/fotoblog\/wp-content\/uploads\/2012\/06\/20120610-MartinStrattner-06.jpg 600w, http:\/\/www.martinstrattner.de\/fotoblog\/wp-content\/uploads\/2012\/06\/20120610-MartinStrattner-06-288x216.jpg 288w, http:\/\/www.martinstrattner.de\/fotoblog\/wp-content\/uploads\/2012\/06\/20120610-MartinStrattner-06-494x370.jpg 494w\" sizes=\"(max-width: 600px) 100vw, 600px\" \/><\/p>\n<p style=\"text-align: center;\">Wir wollten auch hier wieder fr\u00fchst\u00fccken w\u00e4hrend wir \u00fcber den Markt schlendern. Das Erste was wir bekamen war eine T\u00fcte mit vielen kleinen Teig-Ufos. Vor unseren Augen in einer hei\u00dfen ziemlich rustikal aussehenden Metallform herausgebackene, wie Kaiserschmarrn schmeckende und mit wei\u00dfer Schokolade und Erbeeren \u00fcbergossene Kalorien-Schweinereien. Sehr gut. Daf\u00fcr war der Cr\u00eape den wir danach essen wollten so schlecht, dass er in die M\u00fclltonne musste.<\/p>\n<p style=\"text-align: center;\"><img loading=\"lazy\" class=\"alignnone size-full wp-image-454\" title=\"20120610-MartinStrattner-07\" src=\"http:\/\/www.martinstrattner.de\/fotoblog\/wp-content\/uploads\/2012\/06\/20120610-MartinStrattner-07.jpg\" alt=\"\" width=\"600\" height=\"450\" srcset=\"http:\/\/www.martinstrattner.de\/fotoblog\/wp-content\/uploads\/2012\/06\/20120610-MartinStrattner-07.jpg 600w, http:\/\/www.martinstrattner.de\/fotoblog\/wp-content\/uploads\/2012\/06\/20120610-MartinStrattner-07-288x216.jpg 288w, http:\/\/www.martinstrattner.de\/fotoblog\/wp-content\/uploads\/2012\/06\/20120610-MartinStrattner-07-494x370.jpg 494w\" sizes=\"(max-width: 600px) 100vw, 600px\" \/><img loading=\"lazy\" class=\"alignnone size-full wp-image-455\" title=\"20120610-MartinStrattner-08\" src=\"http:\/\/www.martinstrattner.de\/fotoblog\/wp-content\/uploads\/2012\/06\/20120610-MartinStrattner-08.jpg\" alt=\"\" width=\"600\" height=\"450\" srcset=\"http:\/\/www.martinstrattner.de\/fotoblog\/wp-content\/uploads\/2012\/06\/20120610-MartinStrattner-08.jpg 600w, http:\/\/www.martinstrattner.de\/fotoblog\/wp-content\/uploads\/2012\/06\/20120610-MartinStrattner-08-288x216.jpg 288w, http:\/\/www.martinstrattner.de\/fotoblog\/wp-content\/uploads\/2012\/06\/20120610-MartinStrattner-08-494x370.jpg 494w\" sizes=\"(max-width: 600px) 100vw, 600px\" \/><img loading=\"lazy\" class=\"alignnone size-full wp-image-432\" title=\"20120610-MartinStrattner-09\" src=\"http:\/\/www.martinstrattner.de\/fotoblog\/wp-content\/uploads\/2012\/06\/20120610-MartinStrattner-09.jpg\" alt=\"\" width=\"600\" height=\"450\" srcset=\"http:\/\/www.martinstrattner.de\/fotoblog\/wp-content\/uploads\/2012\/06\/20120610-MartinStrattner-09.jpg 600w, http:\/\/www.martinstrattner.de\/fotoblog\/wp-content\/uploads\/2012\/06\/20120610-MartinStrattner-09-288x216.jpg 288w, http:\/\/www.martinstrattner.de\/fotoblog\/wp-content\/uploads\/2012\/06\/20120610-MartinStrattner-09-494x370.jpg 494w\" sizes=\"(max-width: 600px) 100vw, 600px\" \/><\/p>\n<p style=\"text-align: center;\">Wie schon gesagt, wir hatten in den ersten Tagen ordentlich Zeit gut gemacht. Also durfte ich mir die &#8222;HMS Belfast&#8220; ansehen. Ein 70 Jahre altes Museums-Kriegsschiff auf der Themse, neben der Tower-Bridge. Mindestens genauso beeindruckend wie das Schiff und die Technik an sich war die Museums-Umsetzung. Man kommt \u00fcberall rein, jedes Teil ist beschriftet, und mit Figuren und einer Menge Requisiten ist das Leben auf dem Schiff gut nachgebildet. Empfehlenswert.<\/p>\n<p style=\"text-align: center;\"><img loading=\"lazy\" class=\"alignnone size-full wp-image-447\" title=\"20120608-MartinStrattner-10\" src=\"http:\/\/www.martinstrattner.de\/fotoblog\/wp-content\/uploads\/2012\/06\/20120608-MartinStrattner-102.jpg\" alt=\"\" width=\"600\" height=\"400\" srcset=\"http:\/\/www.martinstrattner.de\/fotoblog\/wp-content\/uploads\/2012\/06\/20120608-MartinStrattner-102.jpg 600w, http:\/\/www.martinstrattner.de\/fotoblog\/wp-content\/uploads\/2012\/06\/20120608-MartinStrattner-102-288x192.jpg 288w, http:\/\/www.martinstrattner.de\/fotoblog\/wp-content\/uploads\/2012\/06\/20120608-MartinStrattner-102-494x329.jpg 494w\" sizes=\"(max-width: 600px) 100vw, 600px\" \/><img loading=\"lazy\" class=\"alignnone size-full wp-image-433\" title=\"20120610-MartinStrattner-11\" src=\"http:\/\/www.martinstrattner.de\/fotoblog\/wp-content\/uploads\/2012\/06\/20120610-MartinStrattner-11.jpg\" alt=\"\" width=\"600\" height=\"800\" srcset=\"http:\/\/www.martinstrattner.de\/fotoblog\/wp-content\/uploads\/2012\/06\/20120610-MartinStrattner-11.jpg 600w, http:\/\/www.martinstrattner.de\/fotoblog\/wp-content\/uploads\/2012\/06\/20120610-MartinStrattner-11-216x288.jpg 216w, http:\/\/www.martinstrattner.de\/fotoblog\/wp-content\/uploads\/2012\/06\/20120610-MartinStrattner-11-370x494.jpg 370w, http:\/\/www.martinstrattner.de\/fotoblog\/wp-content\/uploads\/2012\/06\/20120610-MartinStrattner-11-450x600.jpg 450w\" sizes=\"(max-width: 600px) 100vw, 600px\" \/><img loading=\"lazy\" class=\"alignnone size-full wp-image-445\" title=\"_DSF2919\" src=\"http:\/\/www.martinstrattner.de\/fotoblog\/wp-content\/uploads\/2012\/06\/DSF2919.jpg\" alt=\"\" width=\"600\" height=\"450\" srcset=\"http:\/\/www.martinstrattner.de\/fotoblog\/wp-content\/uploads\/2012\/06\/DSF2919.jpg 600w, http:\/\/www.martinstrattner.de\/fotoblog\/wp-content\/uploads\/2012\/06\/DSF2919-288x216.jpg 288w, http:\/\/www.martinstrattner.de\/fotoblog\/wp-content\/uploads\/2012\/06\/DSF2919-494x370.jpg 494w\" sizes=\"(max-width: 600px) 100vw, 600px\" \/><\/p>\n<p style=\"text-align: center;\">Nat\u00fcrlich, das tollste war f\u00fcr mich der Maschinenraum. :) Sogar <a href=\"www.herbstkind.com\">Doris<\/a> hat sich glaub ich nicht gelangweilt. War allerdings von meiner Aufregung am\u00fcsiert, und hat dieses Bild geschossen.<\/p>\n<p style=\"text-align: center;\"><img loading=\"lazy\" class=\"alignnone size-full wp-image-434\" title=\"20120610-MartinStrattner-12\" src=\"http:\/\/www.martinstrattner.de\/fotoblog\/wp-content\/uploads\/2012\/06\/20120610-MartinStrattner-12.jpg\" alt=\"\" width=\"600\" height=\"450\" srcset=\"http:\/\/www.martinstrattner.de\/fotoblog\/wp-content\/uploads\/2012\/06\/20120610-MartinStrattner-12.jpg 600w, http:\/\/www.martinstrattner.de\/fotoblog\/wp-content\/uploads\/2012\/06\/20120610-MartinStrattner-12-288x216.jpg 288w, http:\/\/www.martinstrattner.de\/fotoblog\/wp-content\/uploads\/2012\/06\/20120610-MartinStrattner-12-494x370.jpg 494w\" sizes=\"(max-width: 600px) 100vw, 600px\" \/><img loading=\"lazy\" class=\"alignnone size-full wp-image-435\" title=\"20120610-MartinStrattner-13\" src=\"http:\/\/www.martinstrattner.de\/fotoblog\/wp-content\/uploads\/2012\/06\/20120610-MartinStrattner-13.jpg\" alt=\"\" width=\"600\" height=\"450\" srcset=\"http:\/\/www.martinstrattner.de\/fotoblog\/wp-content\/uploads\/2012\/06\/20120610-MartinStrattner-13.jpg 600w, http:\/\/www.martinstrattner.de\/fotoblog\/wp-content\/uploads\/2012\/06\/20120610-MartinStrattner-13-288x216.jpg 288w, http:\/\/www.martinstrattner.de\/fotoblog\/wp-content\/uploads\/2012\/06\/20120610-MartinStrattner-13-494x370.jpg 494w\" sizes=\"(max-width: 600px) 100vw, 600px\" \/><\/p>\n<p style=\"text-align: center;\">Auf dem folgenden Bild ist ein Prominenter versteckt.<\/p>\n<p style=\"text-align: center;\"><img loading=\"lazy\" class=\"alignnone size-full wp-image-436\" title=\"20120610-MartinStrattner-14\" src=\"http:\/\/www.martinstrattner.de\/fotoblog\/wp-content\/uploads\/2012\/06\/20120610-MartinStrattner-14.jpg\" alt=\"\" width=\"600\" height=\"397\" srcset=\"http:\/\/www.martinstrattner.de\/fotoblog\/wp-content\/uploads\/2012\/06\/20120610-MartinStrattner-14.jpg 600w, http:\/\/www.martinstrattner.de\/fotoblog\/wp-content\/uploads\/2012\/06\/20120610-MartinStrattner-14-288x190.jpg 288w, http:\/\/www.martinstrattner.de\/fotoblog\/wp-content\/uploads\/2012\/06\/20120610-MartinStrattner-14-494x326.jpg 494w\" sizes=\"(max-width: 600px) 100vw, 600px\" \/><\/p>\n<p style=\"text-align: center;\">Richtig. Borat.<\/p>\n<p style=\"text-align: center;\"><img loading=\"lazy\" class=\"alignnone size-full wp-image-437\" title=\"20120610-MartinStrattner-15\" src=\"http:\/\/www.martinstrattner.de\/fotoblog\/wp-content\/uploads\/2012\/06\/20120610-MartinStrattner-15.jpg\" alt=\"\" width=\"600\" height=\"450\" srcset=\"http:\/\/www.martinstrattner.de\/fotoblog\/wp-content\/uploads\/2012\/06\/20120610-MartinStrattner-15.jpg 600w, http:\/\/www.martinstrattner.de\/fotoblog\/wp-content\/uploads\/2012\/06\/20120610-MartinStrattner-15-288x216.jpg 288w, http:\/\/www.martinstrattner.de\/fotoblog\/wp-content\/uploads\/2012\/06\/20120610-MartinStrattner-15-494x370.jpg 494w\" sizes=\"(max-width: 600px) 100vw, 600px\" \/><\/p>\n<p style=\"text-align: center;\">Und hier noch ein Prominenter. Harry und ein Freund schauen zwei M\u00e4dchen hinterher. St\u00e4ndig beobachtet von\u00a0Paparazzi.<\/p>\n<p style=\"text-align: center;\"><img loading=\"lazy\" class=\"alignnone  wp-image-439\" title=\"20120610-MartinStrattner-17\" src=\"http:\/\/www.martinstrattner.de\/fotoblog\/wp-content\/uploads\/2012\/06\/20120610-MartinStrattner-17-288x216.jpg\" alt=\"\" width=\"233\" height=\"175\" srcset=\"http:\/\/www.martinstrattner.de\/fotoblog\/wp-content\/uploads\/2012\/06\/20120610-MartinStrattner-17-288x216.jpg 288w, http:\/\/www.martinstrattner.de\/fotoblog\/wp-content\/uploads\/2012\/06\/20120610-MartinStrattner-17-494x370.jpg 494w, http:\/\/www.martinstrattner.de\/fotoblog\/wp-content\/uploads\/2012\/06\/20120610-MartinStrattner-17.jpg 600w\" sizes=\"(max-width: 233px) 100vw, 233px\" \/>\u00a0 <img loading=\"lazy\" class=\"alignnone  wp-image-438\" title=\"20120610-MartinStrattner-16\" src=\"http:\/\/www.martinstrattner.de\/fotoblog\/wp-content\/uploads\/2012\/06\/20120610-MartinStrattner-16-288x216.jpg\" alt=\"\" width=\"233\" height=\"175\" srcset=\"http:\/\/www.martinstrattner.de\/fotoblog\/wp-content\/uploads\/2012\/06\/20120610-MartinStrattner-16-288x216.jpg 288w, http:\/\/www.martinstrattner.de\/fotoblog\/wp-content\/uploads\/2012\/06\/20120610-MartinStrattner-16-494x370.jpg 494w, http:\/\/www.martinstrattner.de\/fotoblog\/wp-content\/uploads\/2012\/06\/20120610-MartinStrattner-16.jpg 600w\" sizes=\"(max-width: 233px) 100vw, 233px\" \/><\/p>\n<p style=\"text-align: center;\"><img loading=\"lazy\" class=\"alignnone size-full wp-image-440\" title=\"20120610-MartinStrattner-18\" src=\"http:\/\/www.martinstrattner.de\/fotoblog\/wp-content\/uploads\/2012\/06\/20120610-MartinStrattner-18.jpg\" alt=\"\" width=\"600\" height=\"450\" srcset=\"http:\/\/www.martinstrattner.de\/fotoblog\/wp-content\/uploads\/2012\/06\/20120610-MartinStrattner-18.jpg 600w, http:\/\/www.martinstrattner.de\/fotoblog\/wp-content\/uploads\/2012\/06\/20120610-MartinStrattner-18-288x216.jpg 288w, http:\/\/www.martinstrattner.de\/fotoblog\/wp-content\/uploads\/2012\/06\/20120610-MartinStrattner-18-494x370.jpg 494w\" sizes=\"(max-width: 600px) 100vw, 600px\" \/><\/p>\n<p style=\"text-align: center;\">Weil wir rund um das Kronjubil\u00e4um der Queen in London waren, war die ganze Stadt auf&#8217;s heftigste beflagt (oder ist das immer so?). Ich hatte jedenfalls st\u00e4ndig das Gef\u00fchl, eine Stimme im Kopf zu haben die sehr laut, immer wenn man vergessen k\u00f6nnte wo man sich befindet, schreit: &#8222;United Kingdom, United Kingdom, UNITED KINGDOM, UUUUNIIIITED KIIIINGDOOOOM!!!&#8220;<\/p>\n<p><img loading=\"lazy\" class=\"alignnone size-full wp-image-441 aligncenter\" title=\"20120610-MartinStrattner-19\" src=\"http:\/\/www.martinstrattner.de\/fotoblog\/wp-content\/uploads\/2012\/06\/20120610-MartinStrattner-19.jpg\" alt=\"\" width=\"600\" height=\"450\" srcset=\"http:\/\/www.martinstrattner.de\/fotoblog\/wp-content\/uploads\/2012\/06\/20120610-MartinStrattner-19.jpg 600w, http:\/\/www.martinstrattner.de\/fotoblog\/wp-content\/uploads\/2012\/06\/20120610-MartinStrattner-19-288x216.jpg 288w, http:\/\/www.martinstrattner.de\/fotoblog\/wp-content\/uploads\/2012\/06\/20120610-MartinStrattner-19-494x370.jpg 494w\" sizes=\"(max-width: 600px) 100vw, 600px\" \/><\/p>\n\n<!-- Facebook Like Button v1.9.6 BEGIN [http:\/\/blog.bottomlessinc.com] -->\n<fb:like href=\"http:\/\/www.martinstrattner.de\/fotoblog\/2012\/06\/tag-4-in-london\/\" layout=\"button_count\" show_faces=\"false\" width=\"450\" action=\"like\" colorscheme=\"light\"><\/fb:like>\n<!-- Facebook Like Button END -->\n<\/div><\/div>","protected":false},"excerpt":{"rendered":"<p>Und wieder ging es in der Fr\u00fch auf zu einem Markt. In diesem Fall der Camden Market. Wir wollten auch hier wieder fr\u00fchst\u00fccken w\u00e4hrend wir \u00fcber den Markt schlendern. Das Erste was wir bekamen war eine T\u00fcte mit vielen kleinen Teig-Ufos. Vor unseren Augen in einer hei\u00dfen ziemlich rustikal aussehenden Metallform herausgebackene, wie Kaiserschmarrn schmeckende [&hellip;]<\/p>\n","protected":false},"author":1,"featured_media":444,"comment_status":"open","ping_status":"open","sticky":false,"template":"","format":"standard","meta":{"spay_email":"","jetpack_publicize_message":""},"categories":[3,13,12,7],"tags":[],"jetpack_featured_media_url":"http:\/\/www.martinstrattner.de\/fotoblog\/wp-content\/uploads\/2012\/06\/Titel-120610-MartinStrattner.jpg","jetpack_publicize_connections":[],"jetpack_shortlink":"https:\/\/wp.me\/p2qpVl-6X","jetpack_sharing_enabled":true,"jetpack-related-posts":[],"_links":{"self":[{"href":"http:\/\/www.martinstrattner.de\/fotoblog\/wp-json\/wp\/v2\/posts\/431"}],"collection":[{"href":"http:\/\/www.martinstrattner.de\/fotoblog\/wp-json\/wp\/v2\/posts"}],"about":[{"href":"http:\/\/www.martinstrattner.de\/fotoblog\/wp-json\/wp\/v2\/types\/post"}],"author":[{"embeddable":true,"href":"http:\/\/www.martinstrattner.de\/fotoblog\/wp-json\/wp\/v2\/users\/1"}],"replies":[{"embeddable":true,"href":"http:\/\/www.martinstrattner.de\/fotoblog\/wp-json\/wp\/v2\/comments?post=431"}],"version-history":[{"count":17,"href":"http:\/\/www.martinstrattner.de\/fotoblog\/wp-json\/wp\/v2\/posts\/431\/revisions"}],"predecessor-version":[{"id":5742,"href":"http:\/\/www.martinstrattner.de\/fotoblog\/wp-json\/wp\/v2\/posts\/431\/revisions\/5742"}],"wp:featuredmedia":[{"embeddable":true,"href":"http:\/\/www.martinstrattner.de\/fotoblog\/wp-json\/wp\/v2\/media\/444"}],"wp:attachment":[{"href":"http:\/\/www.martinstrattner.de\/fotoblog\/wp-json\/wp\/v2\/media?parent=431"}],"wp:term":[{"taxonomy":"category","embeddable":true,"href":"http:\/\/www.martinstrattner.de\/fotoblog\/wp-json\/wp\/v2\/categories?post=431"},{"taxonomy":"post_tag","embeddable":true,"href":"http:\/\/www.martinstrattner.de\/fotoblog\/wp-json\/wp\/v2\/tags?post=431"}],"curies":[{"name":"wp","href":"https:\/\/api.w.org\/{rel}","templated":true}]}}