{"id":3659,"date":"2014-05-17T15:23:56","date_gmt":"2014-05-17T14:23:56","guid":{"rendered":"http:\/\/www.martinstrattner.de\/fotoblog\/?p=3659"},"modified":"2015-03-28T18:15:18","modified_gmt":"2015-03-28T17:15:18","slug":"das-tribeca-grand-hotel-in-new-york-2","status":"publish","type":"post","link":"http:\/\/www.martinstrattner.de\/fotoblog\/2014\/05\/das-tribeca-grand-hotel-in-new-york-2\/","title":{"rendered":"Das Tribeca Grand Hotel in (New York)"},"content":{"rendered":"<div id=\"dslc-theme-content\"><div id=\"dslc-theme-content-inner\"><p>Vor einen Urlaub hat der liebe Gott die Suche nach ein Hotel gesetzt. Ja, man kann nat\u00fcrlich immer auch erst an Ort und Stelle eine Unterkunft suchen. Aber nicht wenn man in der Nacht zu Fu\u00df, mit 40 Kilo Gep\u00e4ck und zur Weihnachts-\/Silvesterzeit in New York \u2013 nie ist es\u00a0beliebter \u2013 \u00fcbernachten m\u00f6chte. Wir haben uns also weit vor dem Urlaub hingesetzt und gesucht. Ich hasse das. Nach einem halben Tag bei Kajak, booking.de und Konsorten hatten wir dann ein Hotel gefunden. Zentral in Manhattan, gute Bewertung und stornierbar \u2013 weil noch mit dem Hintergedanken dieses viele Geld vielleicht doch nur teilweise auszugeben, dann aber f\u00fcr eine air b&#8217;n&#8217;b Unterkunft.<\/p>\n<p>Haben wir nicht gemacht. Es blieb das Hotel. Auch weil wir im Laufe der Zeit ahnten, dass wir ein Wahnsinns-Schn\u00e4pchen gemacht hatten. Wir hatten zum richtigen Zeitpunkt gebucht, die Preise stiegen am Schluss um \u00fcber 50 Prozent an.<\/p>\n<p>F\u00fcr meine geliebte iPhone App &#8222;<a href=\"http:\/\/www.cool-cities.de\/new-york\">Cool Cities: New York<\/a>&#8220; ist das\u00a0<a href=\"http:\/\/www.tribecagrand.com\">Tribeca Grand<\/a>\u00a0eines der beiden Hotels in denen man n\u00e4chtigen m\u00f6chte wenn es denn Tribeca sein darf. Sie spricht von &#8222;h\u00f6chste Kategorie, luxuri\u00f6s&#8220; und einem atemberaubenden Innenraum der bernsteinfarben in den Himmel steigend Ehrfurcht erweckt. Das Dekor ist von Frank Lloyd Wright inspiriert, der ja wohl n Knaller ist, wer m\u00f6chte nicht in\u00a0<a href=\"http:\/\/en.wikipedia.org\/wiki\/Fallingwater\">Fallingwater<\/a>\u00a0wohnen, oder ist fasziniert von den Formen des\u00a0<a href=\"http:\/\/www.martinstrattner.de\/fotoblog\/wp-content\/uploads\/2012\/09\/20120822-MartinStrattner-18.jpg\">Guggenheim-Museums<\/a>.<\/p>\n<p><a href=\"http:\/\/www.martinstrattner.de\/fotoblog\/wp-content\/uploads\/2014\/05\/TribecaGrand-MartinStrattner-20.jpg\"><img loading=\"lazy\" class=\"alignnone size-full wp-image-3682 aligncenter\" src=\"http:\/\/www.martinstrattner.de\/fotoblog\/wp-content\/uploads\/2014\/05\/TribecaGrand-MartinStrattner-21.jpg\" alt=\"TribecaGrand-MartinStrattner-21\" width=\"600\" height=\"900\" srcset=\"http:\/\/www.martinstrattner.de\/fotoblog\/wp-content\/uploads\/2014\/05\/TribecaGrand-MartinStrattner-21.jpg 600w, http:\/\/www.martinstrattner.de\/fotoblog\/wp-content\/uploads\/2014\/05\/TribecaGrand-MartinStrattner-21-192x288.jpg 192w, http:\/\/www.martinstrattner.de\/fotoblog\/wp-content\/uploads\/2014\/05\/TribecaGrand-MartinStrattner-21-329x494.jpg 329w, http:\/\/www.martinstrattner.de\/fotoblog\/wp-content\/uploads\/2014\/05\/TribecaGrand-MartinStrattner-21-400x600.jpg 400w\" sizes=\"(max-width: 600px) 100vw, 600px\" \/><img loading=\"lazy\" class=\"alignnone size-full wp-image-3681 aligncenter\" src=\"http:\/\/www.martinstrattner.de\/fotoblog\/wp-content\/uploads\/2014\/05\/TribecaGrand-MartinStrattner-20.jpg\" alt=\"TribecaGrand-MartinStrattner-20\" width=\"600\" height=\"450\" srcset=\"http:\/\/www.martinstrattner.de\/fotoblog\/wp-content\/uploads\/2014\/05\/TribecaGrand-MartinStrattner-20.jpg 600w, http:\/\/www.martinstrattner.de\/fotoblog\/wp-content\/uploads\/2014\/05\/TribecaGrand-MartinStrattner-20-288x216.jpg 288w, http:\/\/www.martinstrattner.de\/fotoblog\/wp-content\/uploads\/2014\/05\/TribecaGrand-MartinStrattner-20-494x370.jpg 494w\" sizes=\"(max-width: 600px) 100vw, 600px\" \/><\/a><\/p>\n<p>Als wir einchecken werden wir \u00e4u\u00dferst nett mit einem Champagner begr\u00fc\u00dft. Dann bekommen wir ein sch\u00f6nes Upgrade, deutlich gr\u00f6\u00dferer Raum. Und im Hotelzimmer erwarten uns Macaroons. Grandios.<\/p>\n<p><a href=\"http:\/\/www.martinstrattner.de\/fotoblog\/wp-content\/uploads\/2014\/05\/TribecaGrand-MartinStrattner-01.jpg\"><img loading=\"lazy\" class=\"alignnone size-full wp-image-3669 aligncenter\" src=\"http:\/\/www.martinstrattner.de\/fotoblog\/wp-content\/uploads\/2014\/05\/TribecaGrand-MartinStrattner-08.jpg\" alt=\"TribecaGrand-MartinStrattner-08\" width=\"600\" height=\"400\" srcset=\"http:\/\/www.martinstrattner.de\/fotoblog\/wp-content\/uploads\/2014\/05\/TribecaGrand-MartinStrattner-08.jpg 600w, http:\/\/www.martinstrattner.de\/fotoblog\/wp-content\/uploads\/2014\/05\/TribecaGrand-MartinStrattner-08-288x192.jpg 288w, http:\/\/www.martinstrattner.de\/fotoblog\/wp-content\/uploads\/2014\/05\/TribecaGrand-MartinStrattner-08-494x329.jpg 494w\" sizes=\"(max-width: 600px) 100vw, 600px\" \/><img loading=\"lazy\" class=\"alignnone size-full wp-image-3662 aligncenter\" src=\"http:\/\/www.martinstrattner.de\/fotoblog\/wp-content\/uploads\/2014\/05\/TribecaGrand-MartinStrattner-01.jpg\" alt=\"TribecaGrand-MartinStrattner-01\" width=\"600\" height=\"900\" srcset=\"http:\/\/www.martinstrattner.de\/fotoblog\/wp-content\/uploads\/2014\/05\/TribecaGrand-MartinStrattner-01.jpg 600w, http:\/\/www.martinstrattner.de\/fotoblog\/wp-content\/uploads\/2014\/05\/TribecaGrand-MartinStrattner-01-192x288.jpg 192w, http:\/\/www.martinstrattner.de\/fotoblog\/wp-content\/uploads\/2014\/05\/TribecaGrand-MartinStrattner-01-329x494.jpg 329w, http:\/\/www.martinstrattner.de\/fotoblog\/wp-content\/uploads\/2014\/05\/TribecaGrand-MartinStrattner-01-400x600.jpg 400w\" sizes=\"(max-width: 600px) 100vw, 600px\" \/><\/a> <a href=\"http:\/\/www.martinstrattner.de\/fotoblog\/wp-content\/uploads\/2014\/05\/TribecaGrand-MartinStrattner-02.jpg\"><img loading=\"lazy\" class=\" size-full wp-image-3663 aligncenter\" src=\"http:\/\/www.martinstrattner.de\/fotoblog\/wp-content\/uploads\/2014\/05\/TribecaGrand-MartinStrattner-02.jpg\" alt=\"TribecaGrand-MartinStrattner-02\" width=\"600\" height=\"400\" srcset=\"http:\/\/www.martinstrattner.de\/fotoblog\/wp-content\/uploads\/2014\/05\/TribecaGrand-MartinStrattner-02.jpg 600w, http:\/\/www.martinstrattner.de\/fotoblog\/wp-content\/uploads\/2014\/05\/TribecaGrand-MartinStrattner-02-288x192.jpg 288w, http:\/\/www.martinstrattner.de\/fotoblog\/wp-content\/uploads\/2014\/05\/TribecaGrand-MartinStrattner-02-494x329.jpg 494w\" sizes=\"(max-width: 600px) 100vw, 600px\" \/><\/a> <a href=\"http:\/\/www.martinstrattner.de\/fotoblog\/wp-content\/uploads\/2014\/05\/TribecaGrand-MartinStrattner-03.jpg\"><img loading=\"lazy\" class=\" size-full wp-image-3664 aligncenter\" src=\"http:\/\/www.martinstrattner.de\/fotoblog\/wp-content\/uploads\/2014\/05\/TribecaGrand-MartinStrattner-03.jpg\" alt=\"TribecaGrand-MartinStrattner-03\" width=\"600\" height=\"900\" srcset=\"http:\/\/www.martinstrattner.de\/fotoblog\/wp-content\/uploads\/2014\/05\/TribecaGrand-MartinStrattner-03.jpg 600w, http:\/\/www.martinstrattner.de\/fotoblog\/wp-content\/uploads\/2014\/05\/TribecaGrand-MartinStrattner-03-192x288.jpg 192w, http:\/\/www.martinstrattner.de\/fotoblog\/wp-content\/uploads\/2014\/05\/TribecaGrand-MartinStrattner-03-329x494.jpg 329w, http:\/\/www.martinstrattner.de\/fotoblog\/wp-content\/uploads\/2014\/05\/TribecaGrand-MartinStrattner-03-400x600.jpg 400w\" sizes=\"(max-width: 600px) 100vw, 600px\" \/><\/a> <a href=\"http:\/\/www.martinstrattner.de\/fotoblog\/wp-content\/uploads\/2014\/05\/TribecaGrand-MartinStrattner-04.jpg\"><img loading=\"lazy\" class=\" size-full wp-image-3665 aligncenter\" src=\"http:\/\/www.martinstrattner.de\/fotoblog\/wp-content\/uploads\/2014\/05\/TribecaGrand-MartinStrattner-04.jpg\" alt=\"TribecaGrand-MartinStrattner-04\" width=\"600\" height=\"900\" srcset=\"http:\/\/www.martinstrattner.de\/fotoblog\/wp-content\/uploads\/2014\/05\/TribecaGrand-MartinStrattner-04.jpg 600w, http:\/\/www.martinstrattner.de\/fotoblog\/wp-content\/uploads\/2014\/05\/TribecaGrand-MartinStrattner-04-192x288.jpg 192w, http:\/\/www.martinstrattner.de\/fotoblog\/wp-content\/uploads\/2014\/05\/TribecaGrand-MartinStrattner-04-329x494.jpg 329w, http:\/\/www.martinstrattner.de\/fotoblog\/wp-content\/uploads\/2014\/05\/TribecaGrand-MartinStrattner-04-400x600.jpg 400w\" sizes=\"(max-width: 600px) 100vw, 600px\" \/><\/a><a href=\"http:\/\/www.martinstrattner.de\/fotoblog\/wp-content\/uploads\/2014\/05\/TribecaGrand-MartinStrattner-06.jpg\"><img loading=\"lazy\" class=\" size-full wp-image-3667 aligncenter\" src=\"http:\/\/www.martinstrattner.de\/fotoblog\/wp-content\/uploads\/2014\/05\/TribecaGrand-MartinStrattner-06.jpg\" alt=\"TribecaGrand-MartinStrattner-06\" width=\"600\" height=\"900\" srcset=\"http:\/\/www.martinstrattner.de\/fotoblog\/wp-content\/uploads\/2014\/05\/TribecaGrand-MartinStrattner-06.jpg 600w, http:\/\/www.martinstrattner.de\/fotoblog\/wp-content\/uploads\/2014\/05\/TribecaGrand-MartinStrattner-06-192x288.jpg 192w, http:\/\/www.martinstrattner.de\/fotoblog\/wp-content\/uploads\/2014\/05\/TribecaGrand-MartinStrattner-06-329x494.jpg 329w, http:\/\/www.martinstrattner.de\/fotoblog\/wp-content\/uploads\/2014\/05\/TribecaGrand-MartinStrattner-06-400x600.jpg 400w\" sizes=\"(max-width: 600px) 100vw, 600px\" \/><\/a> <a href=\"http:\/\/www.martinstrattner.de\/fotoblog\/wp-content\/uploads\/2014\/05\/TribecaGrand-MartinStrattner-07.jpg\"><img loading=\"lazy\" class=\" size-full wp-image-3668 aligncenter\" src=\"http:\/\/www.martinstrattner.de\/fotoblog\/wp-content\/uploads\/2014\/05\/TribecaGrand-MartinStrattner-07.jpg\" alt=\"TribecaGrand-MartinStrattner-07\" width=\"600\" height=\"400\" srcset=\"http:\/\/www.martinstrattner.de\/fotoblog\/wp-content\/uploads\/2014\/05\/TribecaGrand-MartinStrattner-07.jpg 600w, http:\/\/www.martinstrattner.de\/fotoblog\/wp-content\/uploads\/2014\/05\/TribecaGrand-MartinStrattner-07-288x192.jpg 288w, http:\/\/www.martinstrattner.de\/fotoblog\/wp-content\/uploads\/2014\/05\/TribecaGrand-MartinStrattner-07-494x329.jpg 494w\" sizes=\"(max-width: 600px) 100vw, 600px\" \/><\/a><a href=\"http:\/\/www.martinstrattner.de\/fotoblog\/wp-content\/uploads\/2014\/05\/TribecaGrand-MartinStrattner-10.jpg\"><img loading=\"lazy\" class=\" size-full wp-image-3671 aligncenter\" src=\"http:\/\/www.martinstrattner.de\/fotoblog\/wp-content\/uploads\/2014\/05\/TribecaGrand-MartinStrattner-10.jpg\" alt=\"TribecaGrand-MartinStrattner-10\" width=\"600\" height=\"400\" srcset=\"http:\/\/www.martinstrattner.de\/fotoblog\/wp-content\/uploads\/2014\/05\/TribecaGrand-MartinStrattner-10.jpg 600w, http:\/\/www.martinstrattner.de\/fotoblog\/wp-content\/uploads\/2014\/05\/TribecaGrand-MartinStrattner-10-288x192.jpg 288w, http:\/\/www.martinstrattner.de\/fotoblog\/wp-content\/uploads\/2014\/05\/TribecaGrand-MartinStrattner-10-494x329.jpg 494w\" sizes=\"(max-width: 600px) 100vw, 600px\" \/><\/a><a href=\"http:\/\/www.martinstrattner.de\/fotoblog\/wp-content\/uploads\/2014\/05\/TribecaGrand-MartinStrattner-12.jpg\"><img loading=\"lazy\" class=\" size-full wp-image-3673 aligncenter\" src=\"http:\/\/www.martinstrattner.de\/fotoblog\/wp-content\/uploads\/2014\/05\/TribecaGrand-MartinStrattner-12.jpg\" alt=\"TribecaGrand-MartinStrattner-12\" width=\"600\" height=\"900\" srcset=\"http:\/\/www.martinstrattner.de\/fotoblog\/wp-content\/uploads\/2014\/05\/TribecaGrand-MartinStrattner-12.jpg 600w, http:\/\/www.martinstrattner.de\/fotoblog\/wp-content\/uploads\/2014\/05\/TribecaGrand-MartinStrattner-12-192x288.jpg 192w, http:\/\/www.martinstrattner.de\/fotoblog\/wp-content\/uploads\/2014\/05\/TribecaGrand-MartinStrattner-12-329x494.jpg 329w, http:\/\/www.martinstrattner.de\/fotoblog\/wp-content\/uploads\/2014\/05\/TribecaGrand-MartinStrattner-12-400x600.jpg 400w\" sizes=\"(max-width: 600px) 100vw, 600px\" \/><\/a><a href=\"http:\/\/www.martinstrattner.de\/fotoblog\/wp-content\/uploads\/2014\/05\/TribecaGrand-MartinStrattner-09.jpg\"><img loading=\"lazy\" class=\" size-full wp-image-3670 aligncenter\" src=\"http:\/\/www.martinstrattner.de\/fotoblog\/wp-content\/uploads\/2014\/05\/TribecaGrand-MartinStrattner-09.jpg\" alt=\"TribecaGrand-MartinStrattner-09\" width=\"600\" height=\"400\" srcset=\"http:\/\/www.martinstrattner.de\/fotoblog\/wp-content\/uploads\/2014\/05\/TribecaGrand-MartinStrattner-09.jpg 600w, http:\/\/www.martinstrattner.de\/fotoblog\/wp-content\/uploads\/2014\/05\/TribecaGrand-MartinStrattner-09-288x192.jpg 288w, http:\/\/www.martinstrattner.de\/fotoblog\/wp-content\/uploads\/2014\/05\/TribecaGrand-MartinStrattner-09-494x329.jpg 494w\" sizes=\"(max-width: 600px) 100vw, 600px\" \/><\/a><a href=\"http:\/\/www.martinstrattner.de\/fotoblog\/wp-content\/uploads\/2014\/05\/TribecaGrand-MartinStrattner-16.jpg\"><img loading=\"lazy\" class=\" size-full wp-image-3677 aligncenter\" src=\"http:\/\/www.martinstrattner.de\/fotoblog\/wp-content\/uploads\/2014\/05\/TribecaGrand-MartinStrattner-16.jpg\" alt=\"TribecaGrand-MartinStrattner-16\" width=\"600\" height=\"400\" srcset=\"http:\/\/www.martinstrattner.de\/fotoblog\/wp-content\/uploads\/2014\/05\/TribecaGrand-MartinStrattner-16.jpg 600w, http:\/\/www.martinstrattner.de\/fotoblog\/wp-content\/uploads\/2014\/05\/TribecaGrand-MartinStrattner-16-288x192.jpg 288w, http:\/\/www.martinstrattner.de\/fotoblog\/wp-content\/uploads\/2014\/05\/TribecaGrand-MartinStrattner-16-494x329.jpg 494w\" sizes=\"(max-width: 600px) 100vw, 600px\" \/><\/a><a href=\"http:\/\/www.martinstrattner.de\/fotoblog\/wp-content\/uploads\/2014\/05\/TribecaGrand-MartinStrattner-18.jpg\"><img loading=\"lazy\" class=\" size-full wp-image-3679 aligncenter\" src=\"http:\/\/www.martinstrattner.de\/fotoblog\/wp-content\/uploads\/2014\/05\/TribecaGrand-MartinStrattner-18.jpg\" alt=\"TribecaGrand-MartinStrattner-18\" width=\"600\" height=\"900\" srcset=\"http:\/\/www.martinstrattner.de\/fotoblog\/wp-content\/uploads\/2014\/05\/TribecaGrand-MartinStrattner-18.jpg 600w, http:\/\/www.martinstrattner.de\/fotoblog\/wp-content\/uploads\/2014\/05\/TribecaGrand-MartinStrattner-18-192x288.jpg 192w, http:\/\/www.martinstrattner.de\/fotoblog\/wp-content\/uploads\/2014\/05\/TribecaGrand-MartinStrattner-18-329x494.jpg 329w, http:\/\/www.martinstrattner.de\/fotoblog\/wp-content\/uploads\/2014\/05\/TribecaGrand-MartinStrattner-18-400x600.jpg 400w\" sizes=\"(max-width: 600px) 100vw, 600px\" \/><\/a><a href=\"http:\/\/www.martinstrattner.de\/fotoblog\/wp-content\/uploads\/2014\/05\/TribecaGrand-MartinStrattner-21.jpg\"><img loading=\"lazy\" class=\" size-full wp-image-3676 aligncenter\" src=\"http:\/\/www.martinstrattner.de\/fotoblog\/wp-content\/uploads\/2014\/05\/TribecaGrand-MartinStrattner-15.jpg\" alt=\"TribecaGrand-MartinStrattner-15\" width=\"600\" height=\"176\" srcset=\"http:\/\/www.martinstrattner.de\/fotoblog\/wp-content\/uploads\/2014\/05\/TribecaGrand-MartinStrattner-15.jpg 600w, http:\/\/www.martinstrattner.de\/fotoblog\/wp-content\/uploads\/2014\/05\/TribecaGrand-MartinStrattner-15-288x84.jpg 288w, http:\/\/www.martinstrattner.de\/fotoblog\/wp-content\/uploads\/2014\/05\/TribecaGrand-MartinStrattner-15-494x144.jpg 494w\" sizes=\"(max-width: 600px) 100vw, 600px\" \/><\/a><a href=\"http:\/\/www.martinstrattner.de\/fotoblog\/wp-content\/uploads\/2014\/05\/TribecaGrand-MartinStrattner-22.jpg\"><img loading=\"lazy\" class=\"alignnone size-full wp-image-3680 aligncenter\" src=\"http:\/\/www.martinstrattner.de\/fotoblog\/wp-content\/uploads\/2014\/05\/TribecaGrand-MartinStrattner-19.jpg\" alt=\"TribecaGrand-MartinStrattner-19\" width=\"600\" height=\"900\" srcset=\"http:\/\/www.martinstrattner.de\/fotoblog\/wp-content\/uploads\/2014\/05\/TribecaGrand-MartinStrattner-19.jpg 600w, http:\/\/www.martinstrattner.de\/fotoblog\/wp-content\/uploads\/2014\/05\/TribecaGrand-MartinStrattner-19-192x288.jpg 192w, http:\/\/www.martinstrattner.de\/fotoblog\/wp-content\/uploads\/2014\/05\/TribecaGrand-MartinStrattner-19-329x494.jpg 329w, http:\/\/www.martinstrattner.de\/fotoblog\/wp-content\/uploads\/2014\/05\/TribecaGrand-MartinStrattner-19-400x600.jpg 400w\" sizes=\"(max-width: 600px) 100vw, 600px\" \/><\/a><\/p>\n<p>Was wir leider erst danach gelesen haben, das Hotel bietet auch f\u00fcr jedes Zimmer ein\u00a0Goldfischglas auf Bestellung:<\/p>\n<p><em>&#8222;Pet Goldfish<\/em><\/p>\n<p><em> Goldfish have been a part of the Tribeca Grand room experience to welcome guests since the day the property opened in 2000. To make your stay more enjoyable, goldfish can be provided for the duration of your visit on request at no additional charge.&#8220;<\/em><\/p>\n\n<!-- Facebook Like Button v1.9.6 BEGIN [http:\/\/blog.bottomlessinc.com] -->\n<fb:like href=\"http:\/\/www.martinstrattner.de\/fotoblog\/2014\/05\/das-tribeca-grand-hotel-in-new-york-2\/\" layout=\"button_count\" show_faces=\"false\" width=\"450\" action=\"like\" colorscheme=\"light\"><\/fb:like>\n<!-- Facebook Like Button END -->\n<\/div><\/div>","protected":false},"excerpt":{"rendered":"<p>Vor einen Urlaub hat der liebe Gott die Suche nach ein Hotel gesetzt. Ja, man kann nat\u00fcrlich immer auch erst an Ort und Stelle eine Unterkunft suchen. Aber nicht wenn man in der Nacht zu Fu\u00df, mit 40 Kilo Gep\u00e4ck und zur Weihnachts-\/Silvesterzeit in New York \u2013 nie ist es\u00a0beliebter \u2013 \u00fcbernachten m\u00f6chte. Wir haben [&hellip;]<\/p>\n","protected":false},"author":1,"featured_media":3660,"comment_status":"open","ping_status":"open","sticky":false,"template":"","format":"standard","meta":{"spay_email":"","jetpack_publicize_message":""},"categories":[3,15,13,6],"tags":[],"jetpack_featured_media_url":"http:\/\/www.martinstrattner.de\/fotoblog\/wp-content\/uploads\/2014\/05\/Titel-TribecaGrand-MartinStrattner-2.jpg","jetpack_publicize_connections":[],"jetpack_shortlink":"https:\/\/wp.me\/p2qpVl-X1","jetpack_sharing_enabled":true,"jetpack-related-posts":[],"_links":{"self":[{"href":"http:\/\/www.martinstrattner.de\/fotoblog\/wp-json\/wp\/v2\/posts\/3659"}],"collection":[{"href":"http:\/\/www.martinstrattner.de\/fotoblog\/wp-json\/wp\/v2\/posts"}],"about":[{"href":"http:\/\/www.martinstrattner.de\/fotoblog\/wp-json\/wp\/v2\/types\/post"}],"author":[{"embeddable":true,"href":"http:\/\/www.martinstrattner.de\/fotoblog\/wp-json\/wp\/v2\/users\/1"}],"replies":[{"embeddable":true,"href":"http:\/\/www.martinstrattner.de\/fotoblog\/wp-json\/wp\/v2\/comments?post=3659"}],"version-history":[{"count":5,"href":"http:\/\/www.martinstrattner.de\/fotoblog\/wp-json\/wp\/v2\/posts\/3659\/revisions"}],"predecessor-version":[{"id":5625,"href":"http:\/\/www.martinstrattner.de\/fotoblog\/wp-json\/wp\/v2\/posts\/3659\/revisions\/5625"}],"wp:featuredmedia":[{"embeddable":true,"href":"http:\/\/www.martinstrattner.de\/fotoblog\/wp-json\/wp\/v2\/media\/3660"}],"wp:attachment":[{"href":"http:\/\/www.martinstrattner.de\/fotoblog\/wp-json\/wp\/v2\/media?parent=3659"}],"wp:term":[{"taxonomy":"category","embeddable":true,"href":"http:\/\/www.martinstrattner.de\/fotoblog\/wp-json\/wp\/v2\/categories?post=3659"},{"taxonomy":"post_tag","embeddable":true,"href":"http:\/\/www.martinstrattner.de\/fotoblog\/wp-json\/wp\/v2\/tags?post=3659"}],"curies":[{"name":"wp","href":"https:\/\/api.w.org\/{rel}","templated":true}]}}