{"id":318,"date":"2012-06-17T14:35:35","date_gmt":"2012-06-17T12:35:35","guid":{"rendered":"http:\/\/www.martinstrattner.de\/fotoblog\/?p=318"},"modified":"2015-03-29T09:20:04","modified_gmt":"2015-03-29T08:20:04","slug":"tag-1-in-london","status":"publish","type":"post","link":"http:\/\/www.martinstrattner.de\/fotoblog\/2012\/06\/tag-1-in-london\/","title":{"rendered":"Tag 1 in (London)"},"content":{"rendered":"<div id=\"dslc-theme-content\"><div id=\"dslc-theme-content-inner\"><p style=\"text-align: center;\">Ein verl\u00e4ngertes Wochenende in London mit Doris. Und den Kameras.<\/p>\n<p style=\"text-align: center;\"><img loading=\"lazy\" class=\"alignnone size-full wp-image-319\" title=\"20120607-MartinStrattner-01\" src=\"http:\/\/www.martinstrattner.de\/fotoblog\/wp-content\/uploads\/2012\/06\/20120607-MartinStrattner-01.jpg\" alt=\"\" width=\"600\" height=\"450\" srcset=\"http:\/\/www.martinstrattner.de\/fotoblog\/wp-content\/uploads\/2012\/06\/20120607-MartinStrattner-01.jpg 600w, http:\/\/www.martinstrattner.de\/fotoblog\/wp-content\/uploads\/2012\/06\/20120607-MartinStrattner-01-288x216.jpg 288w, http:\/\/www.martinstrattner.de\/fotoblog\/wp-content\/uploads\/2012\/06\/20120607-MartinStrattner-01-494x370.jpg 494w\" sizes=\"(max-width: 600px) 100vw, 600px\" \/><img loading=\"lazy\" class=\"alignnone size-full wp-image-320\" title=\"20120607-MartinStrattner-02\" src=\"http:\/\/www.martinstrattner.de\/fotoblog\/wp-content\/uploads\/2012\/06\/20120607-MartinStrattner-02.jpg\" alt=\"\" width=\"600\" height=\"450\" srcset=\"http:\/\/www.martinstrattner.de\/fotoblog\/wp-content\/uploads\/2012\/06\/20120607-MartinStrattner-02.jpg 600w, http:\/\/www.martinstrattner.de\/fotoblog\/wp-content\/uploads\/2012\/06\/20120607-MartinStrattner-02-288x216.jpg 288w, http:\/\/www.martinstrattner.de\/fotoblog\/wp-content\/uploads\/2012\/06\/20120607-MartinStrattner-02-494x370.jpg 494w\" sizes=\"(max-width: 600px) 100vw, 600px\" \/><\/p>\n<p style=\"text-align: center;\">Das war so ziemlich das erste was ich von Zentrum Londons sah. Sch\u00f6n. Wasser, Br\u00fccken, Skyline. Zu Anfang gleich eine Schifffahrt auf der Themse, so hat man schon mal einen \u00dcberblick. Und ich bin nicht mehr ganz so hibbelig weil ich mich nicht auskenne.<\/p>\n<p style=\"text-align: center;\"><img loading=\"lazy\" class=\"alignnone size-full wp-image-321\" title=\"20120607-MartinStrattner-03\" src=\"http:\/\/www.martinstrattner.de\/fotoblog\/wp-content\/uploads\/2012\/06\/20120607-MartinStrattner-03.jpg\" alt=\"\" width=\"600\" height=\"450\" srcset=\"http:\/\/www.martinstrattner.de\/fotoblog\/wp-content\/uploads\/2012\/06\/20120607-MartinStrattner-03.jpg 600w, http:\/\/www.martinstrattner.de\/fotoblog\/wp-content\/uploads\/2012\/06\/20120607-MartinStrattner-03-288x216.jpg 288w, http:\/\/www.martinstrattner.de\/fotoblog\/wp-content\/uploads\/2012\/06\/20120607-MartinStrattner-03-494x370.jpg 494w\" sizes=\"(max-width: 600px) 100vw, 600px\" \/><img loading=\"lazy\" class=\"alignnone size-full wp-image-367\" title=\"20120607-MartinStrattner-30\" src=\"http:\/\/www.martinstrattner.de\/fotoblog\/wp-content\/uploads\/2012\/06\/20120607-MartinStrattner-30.jpg\" alt=\"\" width=\"600\" height=\"450\" srcset=\"http:\/\/www.martinstrattner.de\/fotoblog\/wp-content\/uploads\/2012\/06\/20120607-MartinStrattner-30.jpg 600w, http:\/\/www.martinstrattner.de\/fotoblog\/wp-content\/uploads\/2012\/06\/20120607-MartinStrattner-30-288x216.jpg 288w, http:\/\/www.martinstrattner.de\/fotoblog\/wp-content\/uploads\/2012\/06\/20120607-MartinStrattner-30-494x370.jpg 494w\" sizes=\"(max-width: 600px) 100vw, 600px\" \/><img loading=\"lazy\" class=\"alignnone size-full wp-image-323\" title=\"20120607-MartinStrattner-05\" src=\"http:\/\/www.martinstrattner.de\/fotoblog\/wp-content\/uploads\/2012\/06\/20120607-MartinStrattner-05.jpg\" alt=\"\" width=\"600\" height=\"450\" srcset=\"http:\/\/www.martinstrattner.de\/fotoblog\/wp-content\/uploads\/2012\/06\/20120607-MartinStrattner-05.jpg 600w, http:\/\/www.martinstrattner.de\/fotoblog\/wp-content\/uploads\/2012\/06\/20120607-MartinStrattner-05-288x216.jpg 288w, http:\/\/www.martinstrattner.de\/fotoblog\/wp-content\/uploads\/2012\/06\/20120607-MartinStrattner-05-494x370.jpg 494w\" sizes=\"(max-width: 600px) 100vw, 600px\" \/><\/p>\n<p style=\"text-align: center;\">Man k\u00f6nnte ja in jede Gasse hineingehen und sicher total Interessantes entdecken. Aber erstmal m\u00fcssen wir zu den Klassikern. Daf\u00fcr haben wir einen perfekten 5-Tage-Plan erarbeitet :) Und dieser erste halbe Tag soll uns erstmal einen \u00dcberblick verschaffen.<\/p>\n<p style=\"text-align: center;\"><img loading=\"lazy\" class=\"alignnone size-full wp-image-324\" title=\"20120607-MartinStrattner-06\" src=\"http:\/\/www.martinstrattner.de\/fotoblog\/wp-content\/uploads\/2012\/06\/20120607-MartinStrattner-06.jpg\" alt=\"\" width=\"600\" height=\"450\" srcset=\"http:\/\/www.martinstrattner.de\/fotoblog\/wp-content\/uploads\/2012\/06\/20120607-MartinStrattner-06.jpg 600w, http:\/\/www.martinstrattner.de\/fotoblog\/wp-content\/uploads\/2012\/06\/20120607-MartinStrattner-06-288x216.jpg 288w, http:\/\/www.martinstrattner.de\/fotoblog\/wp-content\/uploads\/2012\/06\/20120607-MartinStrattner-06-494x370.jpg 494w\" sizes=\"(max-width: 600px) 100vw, 600px\" \/><img loading=\"lazy\" class=\"alignnone size-full wp-image-325\" title=\"20120607-MartinStrattner-07\" src=\"http:\/\/www.martinstrattner.de\/fotoblog\/wp-content\/uploads\/2012\/06\/20120607-MartinStrattner-07.jpg\" alt=\"\" width=\"600\" height=\"450\" srcset=\"http:\/\/www.martinstrattner.de\/fotoblog\/wp-content\/uploads\/2012\/06\/20120607-MartinStrattner-07.jpg 600w, http:\/\/www.martinstrattner.de\/fotoblog\/wp-content\/uploads\/2012\/06\/20120607-MartinStrattner-07-288x216.jpg 288w, http:\/\/www.martinstrattner.de\/fotoblog\/wp-content\/uploads\/2012\/06\/20120607-MartinStrattner-07-494x370.jpg 494w\" sizes=\"(max-width: 600px) 100vw, 600px\" \/><img loading=\"lazy\" class=\"alignnone size-full wp-image-326\" title=\"20120607-MartinStrattner-08\" src=\"http:\/\/www.martinstrattner.de\/fotoblog\/wp-content\/uploads\/2012\/06\/20120607-MartinStrattner-08.jpg\" alt=\"\" width=\"600\" height=\"450\" srcset=\"http:\/\/www.martinstrattner.de\/fotoblog\/wp-content\/uploads\/2012\/06\/20120607-MartinStrattner-08.jpg 600w, http:\/\/www.martinstrattner.de\/fotoblog\/wp-content\/uploads\/2012\/06\/20120607-MartinStrattner-08-288x216.jpg 288w, http:\/\/www.martinstrattner.de\/fotoblog\/wp-content\/uploads\/2012\/06\/20120607-MartinStrattner-08-494x370.jpg 494w\" sizes=\"(max-width: 600px) 100vw, 600px\" \/><\/p>\n<p style=\"text-align: center;\">Man siehts, es war nicht allzu warm, und konnte immerzu regen.<\/p>\n<p style=\"text-align: center;\"><img loading=\"lazy\" class=\"alignnone size-full wp-image-327\" title=\"20120607-MartinStrattner-09\" src=\"http:\/\/www.martinstrattner.de\/fotoblog\/wp-content\/uploads\/2012\/06\/20120607-MartinStrattner-09.jpg\" alt=\"\" width=\"600\" height=\"800\" srcset=\"http:\/\/www.martinstrattner.de\/fotoblog\/wp-content\/uploads\/2012\/06\/20120607-MartinStrattner-09.jpg 600w, http:\/\/www.martinstrattner.de\/fotoblog\/wp-content\/uploads\/2012\/06\/20120607-MartinStrattner-09-216x288.jpg 216w, http:\/\/www.martinstrattner.de\/fotoblog\/wp-content\/uploads\/2012\/06\/20120607-MartinStrattner-09-370x494.jpg 370w, http:\/\/www.martinstrattner.de\/fotoblog\/wp-content\/uploads\/2012\/06\/20120607-MartinStrattner-09-450x600.jpg 450w\" sizes=\"(max-width: 600px) 100vw, 600px\" \/><img loading=\"lazy\" class=\"alignnone size-full wp-image-328\" title=\"20120607-MartinStrattner-10\" src=\"http:\/\/www.martinstrattner.de\/fotoblog\/wp-content\/uploads\/2012\/06\/20120607-MartinStrattner-10.jpg\" alt=\"\" width=\"600\" height=\"800\" srcset=\"http:\/\/www.martinstrattner.de\/fotoblog\/wp-content\/uploads\/2012\/06\/20120607-MartinStrattner-10.jpg 600w, http:\/\/www.martinstrattner.de\/fotoblog\/wp-content\/uploads\/2012\/06\/20120607-MartinStrattner-10-216x288.jpg 216w, http:\/\/www.martinstrattner.de\/fotoblog\/wp-content\/uploads\/2012\/06\/20120607-MartinStrattner-10-370x494.jpg 370w, http:\/\/www.martinstrattner.de\/fotoblog\/wp-content\/uploads\/2012\/06\/20120607-MartinStrattner-10-450x600.jpg 450w\" sizes=\"(max-width: 600px) 100vw, 600px\" \/><img loading=\"lazy\" class=\"alignnone size-full wp-image-329\" title=\"20120607-MartinStrattner-11\" src=\"http:\/\/www.martinstrattner.de\/fotoblog\/wp-content\/uploads\/2012\/06\/20120607-MartinStrattner-11.jpg\" alt=\"\" width=\"600\" height=\"450\" srcset=\"http:\/\/www.martinstrattner.de\/fotoblog\/wp-content\/uploads\/2012\/06\/20120607-MartinStrattner-11.jpg 600w, http:\/\/www.martinstrattner.de\/fotoblog\/wp-content\/uploads\/2012\/06\/20120607-MartinStrattner-11-288x216.jpg 288w, http:\/\/www.martinstrattner.de\/fotoblog\/wp-content\/uploads\/2012\/06\/20120607-MartinStrattner-11-494x370.jpg 494w\" sizes=\"(max-width: 600px) 100vw, 600px\" \/><img loading=\"lazy\" class=\"alignnone size-full wp-image-330\" title=\"20120607-MartinStrattner-12\" src=\"http:\/\/www.martinstrattner.de\/fotoblog\/wp-content\/uploads\/2012\/06\/20120607-MartinStrattner-12.jpg\" alt=\"\" width=\"600\" height=\"450\" srcset=\"http:\/\/www.martinstrattner.de\/fotoblog\/wp-content\/uploads\/2012\/06\/20120607-MartinStrattner-12.jpg 600w, http:\/\/www.martinstrattner.de\/fotoblog\/wp-content\/uploads\/2012\/06\/20120607-MartinStrattner-12-288x216.jpg 288w, http:\/\/www.martinstrattner.de\/fotoblog\/wp-content\/uploads\/2012\/06\/20120607-MartinStrattner-12-494x370.jpg 494w\" sizes=\"(max-width: 600px) 100vw, 600px\" \/><img loading=\"lazy\" class=\"alignnone size-full wp-image-331\" title=\"20120607-MartinStrattner-13\" src=\"http:\/\/www.martinstrattner.de\/fotoblog\/wp-content\/uploads\/2012\/06\/20120607-MartinStrattner-13.jpg\" alt=\"\" width=\"600\" height=\"450\" srcset=\"http:\/\/www.martinstrattner.de\/fotoblog\/wp-content\/uploads\/2012\/06\/20120607-MartinStrattner-13.jpg 600w, http:\/\/www.martinstrattner.de\/fotoblog\/wp-content\/uploads\/2012\/06\/20120607-MartinStrattner-13-288x216.jpg 288w, http:\/\/www.martinstrattner.de\/fotoblog\/wp-content\/uploads\/2012\/06\/20120607-MartinStrattner-13-494x370.jpg 494w\" sizes=\"(max-width: 600px) 100vw, 600px\" \/><img loading=\"lazy\" class=\"alignnone size-full wp-image-332\" title=\"20120607-MartinStrattner-14\" src=\"http:\/\/www.martinstrattner.de\/fotoblog\/wp-content\/uploads\/2012\/06\/20120607-MartinStrattner-14.jpg\" alt=\"\" width=\"600\" height=\"400\" srcset=\"http:\/\/www.martinstrattner.de\/fotoblog\/wp-content\/uploads\/2012\/06\/20120607-MartinStrattner-14.jpg 600w, http:\/\/www.martinstrattner.de\/fotoblog\/wp-content\/uploads\/2012\/06\/20120607-MartinStrattner-14-288x192.jpg 288w, http:\/\/www.martinstrattner.de\/fotoblog\/wp-content\/uploads\/2012\/06\/20120607-MartinStrattner-14-494x329.jpg 494w\" sizes=\"(max-width: 600px) 100vw, 600px\" \/><img loading=\"lazy\" class=\"alignnone size-full wp-image-375\" title=\"_DSF2560\" src=\"http:\/\/www.martinstrattner.de\/fotoblog\/wp-content\/uploads\/2012\/06\/DSF25601.jpg\" alt=\"\" width=\"600\" height=\"450\" srcset=\"http:\/\/www.martinstrattner.de\/fotoblog\/wp-content\/uploads\/2012\/06\/DSF25601.jpg 600w, http:\/\/www.martinstrattner.de\/fotoblog\/wp-content\/uploads\/2012\/06\/DSF25601-288x216.jpg 288w, http:\/\/www.martinstrattner.de\/fotoblog\/wp-content\/uploads\/2012\/06\/DSF25601-494x370.jpg 494w\" sizes=\"(max-width: 600px) 100vw, 600px\" \/><\/p>\n<p style=\"text-align: center;\">Voller Einsatz. Das Bild ist von <a href=\"www.herbstkind.com\">Doris<\/a>.<\/p>\n<p style=\"text-align: center;\"><img loading=\"lazy\" class=\"alignnone size-full wp-image-333\" title=\"20120607-MartinStrattner-15\" src=\"http:\/\/www.martinstrattner.de\/fotoblog\/wp-content\/uploads\/2012\/06\/20120607-MartinStrattner-15.jpg\" alt=\"\" width=\"600\" height=\"900\" srcset=\"http:\/\/www.martinstrattner.de\/fotoblog\/wp-content\/uploads\/2012\/06\/20120607-MartinStrattner-15.jpg 600w, http:\/\/www.martinstrattner.de\/fotoblog\/wp-content\/uploads\/2012\/06\/20120607-MartinStrattner-15-192x288.jpg 192w, http:\/\/www.martinstrattner.de\/fotoblog\/wp-content\/uploads\/2012\/06\/20120607-MartinStrattner-15-329x494.jpg 329w, http:\/\/www.martinstrattner.de\/fotoblog\/wp-content\/uploads\/2012\/06\/20120607-MartinStrattner-15-400x600.jpg 400w\" sizes=\"(max-width: 600px) 100vw, 600px\" \/><img loading=\"lazy\" class=\"alignnone size-full wp-image-334\" title=\"20120607-MartinStrattner-16\" src=\"http:\/\/www.martinstrattner.de\/fotoblog\/wp-content\/uploads\/2012\/06\/20120607-MartinStrattner-16.jpg\" alt=\"\" width=\"600\" height=\"800\" srcset=\"http:\/\/www.martinstrattner.de\/fotoblog\/wp-content\/uploads\/2012\/06\/20120607-MartinStrattner-16.jpg 600w, http:\/\/www.martinstrattner.de\/fotoblog\/wp-content\/uploads\/2012\/06\/20120607-MartinStrattner-16-216x288.jpg 216w, http:\/\/www.martinstrattner.de\/fotoblog\/wp-content\/uploads\/2012\/06\/20120607-MartinStrattner-16-370x494.jpg 370w, http:\/\/www.martinstrattner.de\/fotoblog\/wp-content\/uploads\/2012\/06\/20120607-MartinStrattner-16-450x600.jpg 450w\" sizes=\"(max-width: 600px) 100vw, 600px\" \/><img loading=\"lazy\" class=\"alignnone size-full wp-image-335\" title=\"20120607-MartinStrattner-17\" src=\"http:\/\/www.martinstrattner.de\/fotoblog\/wp-content\/uploads\/2012\/06\/20120607-MartinStrattner-17.jpg\" alt=\"\" width=\"600\" height=\"450\" srcset=\"http:\/\/www.martinstrattner.de\/fotoblog\/wp-content\/uploads\/2012\/06\/20120607-MartinStrattner-17.jpg 600w, http:\/\/www.martinstrattner.de\/fotoblog\/wp-content\/uploads\/2012\/06\/20120607-MartinStrattner-17-288x216.jpg 288w, http:\/\/www.martinstrattner.de\/fotoblog\/wp-content\/uploads\/2012\/06\/20120607-MartinStrattner-17-494x370.jpg 494w\" sizes=\"(max-width: 600px) 100vw, 600px\" \/><\/p>\n<p style=\"text-align: center;\">Auf dem Landweg, im Doppeldeckerbus, gings zur\u00fcck. Einmal quer durch London.<\/p>\n<p><img loading=\"lazy\" class=\"alignnone size-full wp-image-336 aligncenter\" title=\"20120607-MartinStrattner-18\" src=\"http:\/\/www.martinstrattner.de\/fotoblog\/wp-content\/uploads\/2012\/06\/20120607-MartinStrattner-18.jpg\" alt=\"\" width=\"600\" height=\"800\" srcset=\"http:\/\/www.martinstrattner.de\/fotoblog\/wp-content\/uploads\/2012\/06\/20120607-MartinStrattner-18.jpg 600w, http:\/\/www.martinstrattner.de\/fotoblog\/wp-content\/uploads\/2012\/06\/20120607-MartinStrattner-18-216x288.jpg 216w, http:\/\/www.martinstrattner.de\/fotoblog\/wp-content\/uploads\/2012\/06\/20120607-MartinStrattner-18-370x494.jpg 370w, http:\/\/www.martinstrattner.de\/fotoblog\/wp-content\/uploads\/2012\/06\/20120607-MartinStrattner-18-450x600.jpg 450w\" sizes=\"(max-width: 600px) 100vw, 600px\" \/><img loading=\"lazy\" class=\"alignnone size-full wp-image-337 aligncenter\" title=\"20120607-MartinStrattner-19\" src=\"http:\/\/www.martinstrattner.de\/fotoblog\/wp-content\/uploads\/2012\/06\/20120607-MartinStrattner-19.jpg\" alt=\"\" width=\"600\" height=\"450\" srcset=\"http:\/\/www.martinstrattner.de\/fotoblog\/wp-content\/uploads\/2012\/06\/20120607-MartinStrattner-19.jpg 600w, http:\/\/www.martinstrattner.de\/fotoblog\/wp-content\/uploads\/2012\/06\/20120607-MartinStrattner-19-288x216.jpg 288w, http:\/\/www.martinstrattner.de\/fotoblog\/wp-content\/uploads\/2012\/06\/20120607-MartinStrattner-19-494x370.jpg 494w\" sizes=\"(max-width: 600px) 100vw, 600px\" \/><\/p>\n\n<!-- Facebook Like Button v1.9.6 BEGIN [http:\/\/blog.bottomlessinc.com] -->\n<fb:like href=\"http:\/\/www.martinstrattner.de\/fotoblog\/2012\/06\/tag-1-in-london\/\" layout=\"button_count\" show_faces=\"false\" width=\"450\" action=\"like\" colorscheme=\"light\"><\/fb:like>\n<!-- Facebook Like Button END -->\n<\/div><\/div>","protected":false},"excerpt":{"rendered":"<p>Ein verl\u00e4ngertes Wochenende in London mit Doris. Und den Kameras. Das war so ziemlich das erste was ich von Zentrum Londons sah. Sch\u00f6n. Wasser, Br\u00fccken, Skyline. Zu Anfang gleich eine Schifffahrt auf der Themse, so hat man schon mal einen \u00dcberblick. Und ich bin nicht mehr ganz so hibbelig weil ich mich nicht auskenne. Man [&hellip;]<\/p>\n","protected":false},"author":1,"featured_media":338,"comment_status":"open","ping_status":"open","sticky":false,"template":"","format":"standard","meta":{"spay_email":"","jetpack_publicize_message":""},"categories":[3,13,12,7],"tags":[],"jetpack_featured_media_url":"http:\/\/www.martinstrattner.de\/fotoblog\/wp-content\/uploads\/2012\/06\/Titel-120607-MartinStrattner.jpg","jetpack_publicize_connections":[],"jetpack_shortlink":"https:\/\/wp.me\/p2qpVl-58","jetpack_sharing_enabled":true,"jetpack-related-posts":[],"_links":{"self":[{"href":"http:\/\/www.martinstrattner.de\/fotoblog\/wp-json\/wp\/v2\/posts\/318"}],"collection":[{"href":"http:\/\/www.martinstrattner.de\/fotoblog\/wp-json\/wp\/v2\/posts"}],"about":[{"href":"http:\/\/www.martinstrattner.de\/fotoblog\/wp-json\/wp\/v2\/types\/post"}],"author":[{"embeddable":true,"href":"http:\/\/www.martinstrattner.de\/fotoblog\/wp-json\/wp\/v2\/users\/1"}],"replies":[{"embeddable":true,"href":"http:\/\/www.martinstrattner.de\/fotoblog\/wp-json\/wp\/v2\/comments?post=318"}],"version-history":[{"count":7,"href":"http:\/\/www.martinstrattner.de\/fotoblog\/wp-json\/wp\/v2\/posts\/318\/revisions"}],"predecessor-version":[{"id":5735,"href":"http:\/\/www.martinstrattner.de\/fotoblog\/wp-json\/wp\/v2\/posts\/318\/revisions\/5735"}],"wp:featuredmedia":[{"embeddable":true,"href":"http:\/\/www.martinstrattner.de\/fotoblog\/wp-json\/wp\/v2\/media\/338"}],"wp:attachment":[{"href":"http:\/\/www.martinstrattner.de\/fotoblog\/wp-json\/wp\/v2\/media?parent=318"}],"wp:term":[{"taxonomy":"category","embeddable":true,"href":"http:\/\/www.martinstrattner.de\/fotoblog\/wp-json\/wp\/v2\/categories?post=318"},{"taxonomy":"post_tag","embeddable":true,"href":"http:\/\/www.martinstrattner.de\/fotoblog\/wp-json\/wp\/v2\/tags?post=318"}],"curies":[{"name":"wp","href":"https:\/\/api.w.org\/{rel}","templated":true}]}}