{"id":2572,"date":"2014-02-06T21:38:51","date_gmt":"2014-02-06T20:38:51","guid":{"rendered":"http:\/\/www.martinstrattner.de\/fotoblog\/?p=2572"},"modified":"2016-04-27T13:57:44","modified_gmt":"2016-04-27T12:57:44","slug":"ochos-rios-karibik","status":"publish","type":"post","link":"http:\/\/www.martinstrattner.de\/fotoblog\/2014\/02\/ochos-rios-karibik\/","title":{"rendered":"Ochos Rios (Karibik)"},"content":{"rendered":"<div id=\"dslc-theme-content\"><div id=\"dslc-theme-content-inner\"><p style=\"text-align: center;\">Der erste Tag der Kreuzfahrt ist ein Tag auf See. Was gut ist, weil ich so genug Gelegenheit habe die Umgebung \u2014 also das Schiff\u00a0\u2014 zu erkunden. Ich mag es \u00fcberhaupt nicht wenn ich mich wo nicht auskenne, aber jeden Winkel kennen m\u00f6chte weil er spannend sein k\u00f6nnte. Mir noch unbekannte Freizeitparks sind das Schlimmste.<\/p>\n<p style=\"text-align: center;\">Ein ganzer Tag also, zum Entspannen, Lesen, am Pool liegen, F\u00fc\u00dfe ins Wasser halten. Den eigentlich nicht so schwachen Wind bemerkt man nicht an Deck, weil das Schiff mit \u00e4hnlicher Geschwindigkeit in die gleiche Richtung f\u00e4hrt.<\/p>\n<p style=\"text-align: center;\"><a href=\"http:\/\/www.martinstrattner.de\/fotoblog\/wp-content\/uploads\/2014\/02\/Ochos_Rios-MartinStrattner-01.jpg\"><br \/>\n<img loading=\"lazy\" class=\"alignnone size-full wp-image-2573\" src=\"http:\/\/www.martinstrattner.de\/fotoblog\/wp-content\/uploads\/2014\/02\/Ochos_Rios-MartinStrattner-01.jpg\" alt=\"Ochos_Rios-MartinStrattner-01\" width=\"600\" height=\"800\" srcset=\"http:\/\/www.martinstrattner.de\/fotoblog\/wp-content\/uploads\/2014\/02\/Ochos_Rios-MartinStrattner-01.jpg 600w, http:\/\/www.martinstrattner.de\/fotoblog\/wp-content\/uploads\/2014\/02\/Ochos_Rios-MartinStrattner-01-216x288.jpg 216w, http:\/\/www.martinstrattner.de\/fotoblog\/wp-content\/uploads\/2014\/02\/Ochos_Rios-MartinStrattner-01-370x494.jpg 370w, http:\/\/www.martinstrattner.de\/fotoblog\/wp-content\/uploads\/2014\/02\/Ochos_Rios-MartinStrattner-01-450x600.jpg 450w\" sizes=\"(max-width: 600px) 100vw, 600px\" \/><\/a> <a href=\"http:\/\/www.martinstrattner.de\/fotoblog\/wp-content\/uploads\/2014\/02\/Ochos_Rios-MartinStrattner-02.jpg\"><img loading=\"lazy\" class=\"alignnone size-full wp-image-2574\" src=\"http:\/\/www.martinstrattner.de\/fotoblog\/wp-content\/uploads\/2014\/02\/Ochos_Rios-MartinStrattner-02.jpg\" alt=\"Ochos_Rios-MartinStrattner-02\" width=\"600\" height=\"450\" srcset=\"http:\/\/www.martinstrattner.de\/fotoblog\/wp-content\/uploads\/2014\/02\/Ochos_Rios-MartinStrattner-02.jpg 600w, http:\/\/www.martinstrattner.de\/fotoblog\/wp-content\/uploads\/2014\/02\/Ochos_Rios-MartinStrattner-02-288x216.jpg 288w, http:\/\/www.martinstrattner.de\/fotoblog\/wp-content\/uploads\/2014\/02\/Ochos_Rios-MartinStrattner-02-494x370.jpg 494w\" sizes=\"(max-width: 600px) 100vw, 600px\" \/><\/a> <a href=\"http:\/\/www.martinstrattner.de\/fotoblog\/wp-content\/uploads\/2014\/02\/Ochos_Rios-MartinStrattner-03.jpg\"><img loading=\"lazy\" class=\"alignnone size-full wp-image-2575\" src=\"http:\/\/www.martinstrattner.de\/fotoblog\/wp-content\/uploads\/2014\/02\/Ochos_Rios-MartinStrattner-03.jpg\" alt=\"Ochos_Rios-MartinStrattner-03\" width=\"600\" height=\"400\" srcset=\"http:\/\/www.martinstrattner.de\/fotoblog\/wp-content\/uploads\/2014\/02\/Ochos_Rios-MartinStrattner-03.jpg 600w, http:\/\/www.martinstrattner.de\/fotoblog\/wp-content\/uploads\/2014\/02\/Ochos_Rios-MartinStrattner-03-288x192.jpg 288w, http:\/\/www.martinstrattner.de\/fotoblog\/wp-content\/uploads\/2014\/02\/Ochos_Rios-MartinStrattner-03-494x329.jpg 494w\" sizes=\"(max-width: 600px) 100vw, 600px\" \/><\/a> <a href=\"http:\/\/www.martinstrattner.de\/fotoblog\/wp-content\/uploads\/2014\/02\/Ochos_Rios-MartinStrattner-04.jpg\"><img loading=\"lazy\" class=\"alignnone size-full wp-image-2576\" src=\"http:\/\/www.martinstrattner.de\/fotoblog\/wp-content\/uploads\/2014\/02\/Ochos_Rios-MartinStrattner-04.jpg\" alt=\"Ochos_Rios-MartinStrattner-04\" width=\"600\" height=\"400\" srcset=\"http:\/\/www.martinstrattner.de\/fotoblog\/wp-content\/uploads\/2014\/02\/Ochos_Rios-MartinStrattner-04.jpg 600w, http:\/\/www.martinstrattner.de\/fotoblog\/wp-content\/uploads\/2014\/02\/Ochos_Rios-MartinStrattner-04-288x192.jpg 288w, http:\/\/www.martinstrattner.de\/fotoblog\/wp-content\/uploads\/2014\/02\/Ochos_Rios-MartinStrattner-04-494x329.jpg 494w\" sizes=\"(max-width: 600px) 100vw, 600px\" \/><\/a><\/p>\n<p style=\"text-align: center;\">Das war schonmal sch\u00f6n. Am Abend begeistert mich die Technik der B\u00fchne. Sowieso, die Technik, das reine Vorhandensein von Allem und Jedem\u00a0und die Logistik die das alles am laufen h\u00e4lt sind toll.<\/p>\n<p style=\"text-align: center;\">Als wir fr\u00fch aufwachen und an Deck gehen sind wir vor der K\u00fcste Jamaikas, Ochos Rios. Ein grandioser Sonnenaufgang. Und das Gef\u00fchl, dass es jetzt richtig losgeht.<\/p>\n<p style=\"text-align: center;\"><a href=\"http:\/\/www.martinstrattner.de\/fotoblog\/wp-content\/uploads\/2014\/02\/Ochos_Rios-MartinStrattner-06.jpg\"><img loading=\"lazy\" class=\"alignnone size-full wp-image-2578\" src=\"http:\/\/www.martinstrattner.de\/fotoblog\/wp-content\/uploads\/2014\/02\/Ochos_Rios-MartinStrattner-06.jpg\" alt=\"Ochos_Rios-MartinStrattner-06\" width=\"600\" height=\"400\" srcset=\"http:\/\/www.martinstrattner.de\/fotoblog\/wp-content\/uploads\/2014\/02\/Ochos_Rios-MartinStrattner-06.jpg 600w, http:\/\/www.martinstrattner.de\/fotoblog\/wp-content\/uploads\/2014\/02\/Ochos_Rios-MartinStrattner-06-288x192.jpg 288w, http:\/\/www.martinstrattner.de\/fotoblog\/wp-content\/uploads\/2014\/02\/Ochos_Rios-MartinStrattner-06-494x329.jpg 494w\" sizes=\"(max-width: 600px) 100vw, 600px\" \/><\/a> <a href=\"http:\/\/www.martinstrattner.de\/fotoblog\/wp-content\/uploads\/2014\/02\/Ochos_Rios-MartinStrattner-07.jpg\"><img loading=\"lazy\" class=\"alignnone size-full wp-image-2579\" src=\"http:\/\/www.martinstrattner.de\/fotoblog\/wp-content\/uploads\/2014\/02\/Ochos_Rios-MartinStrattner-07.jpg\" alt=\"Ochos_Rios-MartinStrattner-07\" width=\"600\" height=\"400\" srcset=\"http:\/\/www.martinstrattner.de\/fotoblog\/wp-content\/uploads\/2014\/02\/Ochos_Rios-MartinStrattner-07.jpg 600w, http:\/\/www.martinstrattner.de\/fotoblog\/wp-content\/uploads\/2014\/02\/Ochos_Rios-MartinStrattner-07-288x192.jpg 288w, http:\/\/www.martinstrattner.de\/fotoblog\/wp-content\/uploads\/2014\/02\/Ochos_Rios-MartinStrattner-07-494x329.jpg 494w\" sizes=\"(max-width: 600px) 100vw, 600px\" \/><\/a> <a href=\"http:\/\/www.martinstrattner.de\/fotoblog\/wp-content\/uploads\/2014\/02\/Ochos_Rios-MartinStrattner-08.jpg\"><img loading=\"lazy\" class=\"alignnone size-full wp-image-2580\" src=\"http:\/\/www.martinstrattner.de\/fotoblog\/wp-content\/uploads\/2014\/02\/Ochos_Rios-MartinStrattner-08.jpg\" alt=\"Only the Ocean\" width=\"600\" height=\"900\" srcset=\"http:\/\/www.martinstrattner.de\/fotoblog\/wp-content\/uploads\/2014\/02\/Ochos_Rios-MartinStrattner-08.jpg 600w, http:\/\/www.martinstrattner.de\/fotoblog\/wp-content\/uploads\/2014\/02\/Ochos_Rios-MartinStrattner-08-192x288.jpg 192w, http:\/\/www.martinstrattner.de\/fotoblog\/wp-content\/uploads\/2014\/02\/Ochos_Rios-MartinStrattner-08-329x494.jpg 329w, http:\/\/www.martinstrattner.de\/fotoblog\/wp-content\/uploads\/2014\/02\/Ochos_Rios-MartinStrattner-08-400x600.jpg 400w\" sizes=\"(max-width: 600px) 100vw, 600px\" \/><\/a> <a href=\"http:\/\/www.martinstrattner.de\/fotoblog\/wp-content\/uploads\/2014\/02\/Ochos_Rios-MartinStrattner-09.jpg\"><img loading=\"lazy\" class=\"alignnone size-full wp-image-2581\" src=\"http:\/\/www.martinstrattner.de\/fotoblog\/wp-content\/uploads\/2014\/02\/Ochos_Rios-MartinStrattner-09.jpg\" alt=\"far away\" width=\"600\" height=\"400\" srcset=\"http:\/\/www.martinstrattner.de\/fotoblog\/wp-content\/uploads\/2014\/02\/Ochos_Rios-MartinStrattner-09.jpg 600w, http:\/\/www.martinstrattner.de\/fotoblog\/wp-content\/uploads\/2014\/02\/Ochos_Rios-MartinStrattner-09-288x192.jpg 288w, http:\/\/www.martinstrattner.de\/fotoblog\/wp-content\/uploads\/2014\/02\/Ochos_Rios-MartinStrattner-09-494x329.jpg 494w\" sizes=\"(max-width: 600px) 100vw, 600px\" \/><\/a> <a href=\"http:\/\/www.martinstrattner.de\/fotoblog\/wp-content\/uploads\/2014\/02\/Ochos_Rios-MartinStrattner-10.jpg\"><img loading=\"lazy\" class=\"alignnone size-full wp-image-2582\" src=\"http:\/\/www.martinstrattner.de\/fotoblog\/wp-content\/uploads\/2014\/02\/Ochos_Rios-MartinStrattner-10.jpg\" alt=\"Ochos_Rios-MartinStrattner-10\" width=\"600\" height=\"400\" srcset=\"http:\/\/www.martinstrattner.de\/fotoblog\/wp-content\/uploads\/2014\/02\/Ochos_Rios-MartinStrattner-10.jpg 600w, http:\/\/www.martinstrattner.de\/fotoblog\/wp-content\/uploads\/2014\/02\/Ochos_Rios-MartinStrattner-10-288x192.jpg 288w, http:\/\/www.martinstrattner.de\/fotoblog\/wp-content\/uploads\/2014\/02\/Ochos_Rios-MartinStrattner-10-494x329.jpg 494w\" sizes=\"(max-width: 600px) 100vw, 600px\" \/><\/a><a href=\"http:\/\/www.martinstrattner.de\/fotoblog\/wp-content\/uploads\/2014\/02\/Ochos_Rios-MartinStrattner-12.jpg\"><img loading=\"lazy\" class=\"alignnone size-full wp-image-2584\" src=\"http:\/\/www.martinstrattner.de\/fotoblog\/wp-content\/uploads\/2014\/02\/Ochos_Rios-MartinStrattner-12.jpg\" alt=\"Ochos_Rios-MartinStrattner-12\" width=\"600\" height=\"900\" srcset=\"http:\/\/www.martinstrattner.de\/fotoblog\/wp-content\/uploads\/2014\/02\/Ochos_Rios-MartinStrattner-12.jpg 600w, http:\/\/www.martinstrattner.de\/fotoblog\/wp-content\/uploads\/2014\/02\/Ochos_Rios-MartinStrattner-12-192x288.jpg 192w, http:\/\/www.martinstrattner.de\/fotoblog\/wp-content\/uploads\/2014\/02\/Ochos_Rios-MartinStrattner-12-329x494.jpg 329w, http:\/\/www.martinstrattner.de\/fotoblog\/wp-content\/uploads\/2014\/02\/Ochos_Rios-MartinStrattner-12-400x600.jpg 400w\" sizes=\"(max-width: 600px) 100vw, 600px\" \/><\/a> <a href=\"http:\/\/www.martinstrattner.de\/fotoblog\/wp-content\/uploads\/2014\/02\/Ochos_Rios-MartinStrattner-13.jpg\"><img loading=\"lazy\" class=\"alignnone size-full wp-image-2585\" src=\"http:\/\/www.martinstrattner.de\/fotoblog\/wp-content\/uploads\/2014\/02\/Ochos_Rios-MartinStrattner-13.jpg\" alt=\"Ochos_Rios-MartinStrattner-13\" width=\"600\" height=\"900\" srcset=\"http:\/\/www.martinstrattner.de\/fotoblog\/wp-content\/uploads\/2014\/02\/Ochos_Rios-MartinStrattner-13.jpg 600w, http:\/\/www.martinstrattner.de\/fotoblog\/wp-content\/uploads\/2014\/02\/Ochos_Rios-MartinStrattner-13-192x288.jpg 192w, http:\/\/www.martinstrattner.de\/fotoblog\/wp-content\/uploads\/2014\/02\/Ochos_Rios-MartinStrattner-13-329x494.jpg 329w, http:\/\/www.martinstrattner.de\/fotoblog\/wp-content\/uploads\/2014\/02\/Ochos_Rios-MartinStrattner-13-400x600.jpg 400w\" sizes=\"(max-width: 600px) 100vw, 600px\" \/><\/a> <a href=\"http:\/\/www.martinstrattner.de\/fotoblog\/wp-content\/uploads\/2014\/02\/Ochos_Rios-MartinStrattner-14.jpg\"><img loading=\"lazy\" class=\"alignnone size-full wp-image-2586\" src=\"http:\/\/www.martinstrattner.de\/fotoblog\/wp-content\/uploads\/2014\/02\/Ochos_Rios-MartinStrattner-14.jpg\" alt=\"Ochos_Rios-MartinStrattner-14\" width=\"600\" height=\"450\" srcset=\"http:\/\/www.martinstrattner.de\/fotoblog\/wp-content\/uploads\/2014\/02\/Ochos_Rios-MartinStrattner-14.jpg 600w, http:\/\/www.martinstrattner.de\/fotoblog\/wp-content\/uploads\/2014\/02\/Ochos_Rios-MartinStrattner-14-288x216.jpg 288w, http:\/\/www.martinstrattner.de\/fotoblog\/wp-content\/uploads\/2014\/02\/Ochos_Rios-MartinStrattner-14-494x370.jpg 494w\" sizes=\"(max-width: 600px) 100vw, 600px\" \/><\/a> <a href=\"http:\/\/www.martinstrattner.de\/fotoblog\/wp-content\/uploads\/2014\/02\/Ochos_Rios-MartinStrattner-15.jpg\"><img loading=\"lazy\" class=\"alignnone size-full wp-image-2587\" src=\"http:\/\/www.martinstrattner.de\/fotoblog\/wp-content\/uploads\/2014\/02\/Ochos_Rios-MartinStrattner-15.jpg\" alt=\"Ochos_Rios-MartinStrattner-15\" width=\"600\" height=\"800\" srcset=\"http:\/\/www.martinstrattner.de\/fotoblog\/wp-content\/uploads\/2014\/02\/Ochos_Rios-MartinStrattner-15.jpg 600w, http:\/\/www.martinstrattner.de\/fotoblog\/wp-content\/uploads\/2014\/02\/Ochos_Rios-MartinStrattner-15-216x288.jpg 216w, http:\/\/www.martinstrattner.de\/fotoblog\/wp-content\/uploads\/2014\/02\/Ochos_Rios-MartinStrattner-15-370x494.jpg 370w, http:\/\/www.martinstrattner.de\/fotoblog\/wp-content\/uploads\/2014\/02\/Ochos_Rios-MartinStrattner-15-450x600.jpg 450w\" sizes=\"(max-width: 600px) 100vw, 600px\" \/><\/a><\/p>\n<p style=\"text-align: center;\">Wir gehen von Bord. Ein wenig vor der K\u00fcste schnorcheln. Und werden gen\u00f6tigt diese gelben Westen anzuziehen. Was einerseits ein wenig l\u00e4cherlich ist. Andererseits war ich auch schon mal beim Tauchen, und wir haben zwei Taucher im Wasser vergessen und sind weggefahren. Also vielleicht doch besser so.<\/p>\n<p style=\"text-align: center;\"><a href=\"http:\/\/www.martinstrattner.de\/fotoblog\/wp-content\/uploads\/2014\/02\/Ochos_Rios-MartinStrattner-16.jpg\"><img loading=\"lazy\" class=\"alignnone size-full wp-image-2588\" src=\"http:\/\/www.martinstrattner.de\/fotoblog\/wp-content\/uploads\/2014\/02\/Ochos_Rios-MartinStrattner-16.jpg\" alt=\"Ochos_Rios-MartinStrattner-16\" width=\"600\" height=\"450\" srcset=\"http:\/\/www.martinstrattner.de\/fotoblog\/wp-content\/uploads\/2014\/02\/Ochos_Rios-MartinStrattner-16.jpg 600w, http:\/\/www.martinstrattner.de\/fotoblog\/wp-content\/uploads\/2014\/02\/Ochos_Rios-MartinStrattner-16-288x216.jpg 288w, http:\/\/www.martinstrattner.de\/fotoblog\/wp-content\/uploads\/2014\/02\/Ochos_Rios-MartinStrattner-16-494x370.jpg 494w\" sizes=\"(max-width: 600px) 100vw, 600px\" \/><\/a> <a href=\"http:\/\/www.martinstrattner.de\/fotoblog\/wp-content\/uploads\/2014\/02\/Ochos_Rios-MartinStrattner-17.jpg\"><img loading=\"lazy\" class=\"alignnone size-full wp-image-2589\" src=\"http:\/\/www.martinstrattner.de\/fotoblog\/wp-content\/uploads\/2014\/02\/Ochos_Rios-MartinStrattner-17.jpg\" alt=\"Ochos_Rios-MartinStrattner-17\" width=\"599\" height=\"169\" srcset=\"http:\/\/www.martinstrattner.de\/fotoblog\/wp-content\/uploads\/2014\/02\/Ochos_Rios-MartinStrattner-17.jpg 599w, http:\/\/www.martinstrattner.de\/fotoblog\/wp-content\/uploads\/2014\/02\/Ochos_Rios-MartinStrattner-17-288x81.jpg 288w, http:\/\/www.martinstrattner.de\/fotoblog\/wp-content\/uploads\/2014\/02\/Ochos_Rios-MartinStrattner-17-494x139.jpg 494w\" sizes=\"(max-width: 599px) 100vw, 599px\" \/><\/a> <a href=\"http:\/\/www.martinstrattner.de\/fotoblog\/wp-content\/uploads\/2014\/02\/Ochos_Rios-MartinStrattner-18.jpg\"><img loading=\"lazy\" class=\"alignnone size-full wp-image-2590\" src=\"http:\/\/www.martinstrattner.de\/fotoblog\/wp-content\/uploads\/2014\/02\/Ochos_Rios-MartinStrattner-18.jpg\" alt=\"Ochos_Rios-MartinStrattner-18\" width=\"600\" height=\"450\" srcset=\"http:\/\/www.martinstrattner.de\/fotoblog\/wp-content\/uploads\/2014\/02\/Ochos_Rios-MartinStrattner-18.jpg 600w, http:\/\/www.martinstrattner.de\/fotoblog\/wp-content\/uploads\/2014\/02\/Ochos_Rios-MartinStrattner-18-288x216.jpg 288w, http:\/\/www.martinstrattner.de\/fotoblog\/wp-content\/uploads\/2014\/02\/Ochos_Rios-MartinStrattner-18-494x370.jpg 494w\" sizes=\"(max-width: 600px) 100vw, 600px\" \/><\/a> <a href=\"http:\/\/www.martinstrattner.de\/fotoblog\/wp-content\/uploads\/2014\/02\/Ochos_Rios-MartinStrattner-19.jpg\"><img loading=\"lazy\" class=\"alignnone size-full wp-image-2591\" src=\"http:\/\/www.martinstrattner.de\/fotoblog\/wp-content\/uploads\/2014\/02\/Ochos_Rios-MartinStrattner-19.jpg\" alt=\"Ochos_Rios-MartinStrattner-19\" width=\"600\" height=\"450\" srcset=\"http:\/\/www.martinstrattner.de\/fotoblog\/wp-content\/uploads\/2014\/02\/Ochos_Rios-MartinStrattner-19.jpg 600w, http:\/\/www.martinstrattner.de\/fotoblog\/wp-content\/uploads\/2014\/02\/Ochos_Rios-MartinStrattner-19-288x216.jpg 288w, http:\/\/www.martinstrattner.de\/fotoblog\/wp-content\/uploads\/2014\/02\/Ochos_Rios-MartinStrattner-19-494x370.jpg 494w\" sizes=\"(max-width: 600px) 100vw, 600px\" \/><\/a> <a href=\"http:\/\/www.martinstrattner.de\/fotoblog\/wp-content\/uploads\/2014\/02\/Ochos_Rios-MartinStrattner-20.jpg\"><img loading=\"lazy\" class=\"alignnone size-full wp-image-2592\" src=\"http:\/\/www.martinstrattner.de\/fotoblog\/wp-content\/uploads\/2014\/02\/Ochos_Rios-MartinStrattner-20.jpg\" alt=\"Ochos_Rios-MartinStrattner-20\" width=\"600\" height=\"450\" srcset=\"http:\/\/www.martinstrattner.de\/fotoblog\/wp-content\/uploads\/2014\/02\/Ochos_Rios-MartinStrattner-20.jpg 600w, http:\/\/www.martinstrattner.de\/fotoblog\/wp-content\/uploads\/2014\/02\/Ochos_Rios-MartinStrattner-20-288x216.jpg 288w, http:\/\/www.martinstrattner.de\/fotoblog\/wp-content\/uploads\/2014\/02\/Ochos_Rios-MartinStrattner-20-494x370.jpg 494w\" sizes=\"(max-width: 600px) 100vw, 600px\" \/><\/a> <a href=\"http:\/\/www.martinstrattner.de\/fotoblog\/wp-content\/uploads\/2014\/02\/Ochos_Rios-MartinStrattner-21.jpg\"><img loading=\"lazy\" class=\"alignnone size-full wp-image-2593\" src=\"http:\/\/www.martinstrattner.de\/fotoblog\/wp-content\/uploads\/2014\/02\/Ochos_Rios-MartinStrattner-21.jpg\" alt=\"Ochos_Rios-MartinStrattner-21\" width=\"600\" height=\"450\" srcset=\"http:\/\/www.martinstrattner.de\/fotoblog\/wp-content\/uploads\/2014\/02\/Ochos_Rios-MartinStrattner-21.jpg 600w, http:\/\/www.martinstrattner.de\/fotoblog\/wp-content\/uploads\/2014\/02\/Ochos_Rios-MartinStrattner-21-288x216.jpg 288w, http:\/\/www.martinstrattner.de\/fotoblog\/wp-content\/uploads\/2014\/02\/Ochos_Rios-MartinStrattner-21-494x370.jpg 494w\" sizes=\"(max-width: 600px) 100vw, 600px\" \/><\/a> <a href=\"http:\/\/www.martinstrattner.de\/fotoblog\/wp-content\/uploads\/2014\/02\/Ochos_Rios-MartinStrattner-22.jpg\"><img loading=\"lazy\" class=\"alignnone size-full wp-image-2594\" src=\"http:\/\/www.martinstrattner.de\/fotoblog\/wp-content\/uploads\/2014\/02\/Ochos_Rios-MartinStrattner-22.jpg\" alt=\"Ochos_Rios-MartinStrattner-22\" width=\"600\" height=\"400\" srcset=\"http:\/\/www.martinstrattner.de\/fotoblog\/wp-content\/uploads\/2014\/02\/Ochos_Rios-MartinStrattner-22.jpg 600w, http:\/\/www.martinstrattner.de\/fotoblog\/wp-content\/uploads\/2014\/02\/Ochos_Rios-MartinStrattner-22-288x192.jpg 288w, http:\/\/www.martinstrattner.de\/fotoblog\/wp-content\/uploads\/2014\/02\/Ochos_Rios-MartinStrattner-22-494x329.jpg 494w\" sizes=\"(max-width: 600px) 100vw, 600px\" \/><\/a><\/p>\n<p style=\"text-align: center;\">Weiter mit dem kleinen Tauchboot \u00a0zu den Wasserf\u00e4llen. Da war ich eigentlich skeptisch. Ich dachte die k\u00f6nnen so fantastisch nicht sein, sondern sind halt in der N\u00e4he des Anlegeplatzes, und in Ermangelung echter Fantastizit\u00e4ten fahren Sie uns jetzt hier her.<\/p>\n<p style=\"text-align: center;\">Falsch. War grandios.<\/p>\n<p style=\"text-align: center;\"><a href=\"http:\/\/www.martinstrattner.de\/fotoblog\/wp-content\/uploads\/2014\/02\/Ochos_Rios-MartinStrattner-23.jpg\"><img loading=\"lazy\" class=\"alignnone size-full wp-image-2595\" src=\"http:\/\/www.martinstrattner.de\/fotoblog\/wp-content\/uploads\/2014\/02\/Ochos_Rios-MartinStrattner-23.jpg\" alt=\"Ochos_Rios-MartinStrattner-23\" width=\"600\" height=\"450\" srcset=\"http:\/\/www.martinstrattner.de\/fotoblog\/wp-content\/uploads\/2014\/02\/Ochos_Rios-MartinStrattner-23.jpg 600w, http:\/\/www.martinstrattner.de\/fotoblog\/wp-content\/uploads\/2014\/02\/Ochos_Rios-MartinStrattner-23-288x216.jpg 288w, http:\/\/www.martinstrattner.de\/fotoblog\/wp-content\/uploads\/2014\/02\/Ochos_Rios-MartinStrattner-23-494x370.jpg 494w\" sizes=\"(max-width: 600px) 100vw, 600px\" \/><\/a> <a href=\"http:\/\/www.martinstrattner.de\/fotoblog\/wp-content\/uploads\/2014\/02\/Ochos_Rios-MartinStrattner-24.jpg\"><img loading=\"lazy\" class=\"alignnone size-full wp-image-2596\" src=\"http:\/\/www.martinstrattner.de\/fotoblog\/wp-content\/uploads\/2014\/02\/Ochos_Rios-MartinStrattner-24.jpg\" alt=\"Ochos_Rios-MartinStrattner-24\" width=\"600\" height=\"450\" srcset=\"http:\/\/www.martinstrattner.de\/fotoblog\/wp-content\/uploads\/2014\/02\/Ochos_Rios-MartinStrattner-24.jpg 600w, http:\/\/www.martinstrattner.de\/fotoblog\/wp-content\/uploads\/2014\/02\/Ochos_Rios-MartinStrattner-24-288x216.jpg 288w, http:\/\/www.martinstrattner.de\/fotoblog\/wp-content\/uploads\/2014\/02\/Ochos_Rios-MartinStrattner-24-494x370.jpg 494w\" sizes=\"(max-width: 600px) 100vw, 600px\" \/><\/a> <a href=\"http:\/\/www.martinstrattner.de\/fotoblog\/wp-content\/uploads\/2014\/02\/Ochos_Rios-MartinStrattner-25.jpg\"><img loading=\"lazy\" class=\"alignnone size-full wp-image-2597\" src=\"http:\/\/www.martinstrattner.de\/fotoblog\/wp-content\/uploads\/2014\/02\/Ochos_Rios-MartinStrattner-25.jpg\" alt=\"Ochos_Rios-MartinStrattner-25\" width=\"600\" height=\"450\" srcset=\"http:\/\/www.martinstrattner.de\/fotoblog\/wp-content\/uploads\/2014\/02\/Ochos_Rios-MartinStrattner-25.jpg 600w, http:\/\/www.martinstrattner.de\/fotoblog\/wp-content\/uploads\/2014\/02\/Ochos_Rios-MartinStrattner-25-288x216.jpg 288w, http:\/\/www.martinstrattner.de\/fotoblog\/wp-content\/uploads\/2014\/02\/Ochos_Rios-MartinStrattner-25-494x370.jpg 494w\" sizes=\"(max-width: 600px) 100vw, 600px\" \/><\/a> <a href=\"http:\/\/www.martinstrattner.de\/fotoblog\/wp-content\/uploads\/2014\/02\/Ochos_Rios-MartinStrattner-26.jpg\"><img loading=\"lazy\" class=\"alignnone size-full wp-image-2598\" src=\"http:\/\/www.martinstrattner.de\/fotoblog\/wp-content\/uploads\/2014\/02\/Ochos_Rios-MartinStrattner-26.jpg\" alt=\"Ochos_Rios-MartinStrattner-26\" width=\"600\" height=\"450\" srcset=\"http:\/\/www.martinstrattner.de\/fotoblog\/wp-content\/uploads\/2014\/02\/Ochos_Rios-MartinStrattner-26.jpg 600w, http:\/\/www.martinstrattner.de\/fotoblog\/wp-content\/uploads\/2014\/02\/Ochos_Rios-MartinStrattner-26-288x216.jpg 288w, http:\/\/www.martinstrattner.de\/fotoblog\/wp-content\/uploads\/2014\/02\/Ochos_Rios-MartinStrattner-26-494x370.jpg 494w\" sizes=\"(max-width: 600px) 100vw, 600px\" \/><\/a> <a href=\"http:\/\/www.martinstrattner.de\/fotoblog\/wp-content\/uploads\/2014\/02\/Ochos_Rios-MartinStrattner-27.jpg\"><img loading=\"lazy\" class=\"alignnone size-full wp-image-2599\" src=\"http:\/\/www.martinstrattner.de\/fotoblog\/wp-content\/uploads\/2014\/02\/Ochos_Rios-MartinStrattner-27.jpg\" alt=\"Ochos_Rios-MartinStrattner-27\" width=\"600\" height=\"450\" srcset=\"http:\/\/www.martinstrattner.de\/fotoblog\/wp-content\/uploads\/2014\/02\/Ochos_Rios-MartinStrattner-27.jpg 600w, http:\/\/www.martinstrattner.de\/fotoblog\/wp-content\/uploads\/2014\/02\/Ochos_Rios-MartinStrattner-27-288x216.jpg 288w, http:\/\/www.martinstrattner.de\/fotoblog\/wp-content\/uploads\/2014\/02\/Ochos_Rios-MartinStrattner-27-494x370.jpg 494w\" sizes=\"(max-width: 600px) 100vw, 600px\" \/><\/a> <a href=\"http:\/\/www.martinstrattner.de\/fotoblog\/wp-content\/uploads\/2014\/02\/Ochos_Rios-MartinStrattner-28.jpg\"><img loading=\"lazy\" class=\"alignnone size-full wp-image-2600\" src=\"http:\/\/www.martinstrattner.de\/fotoblog\/wp-content\/uploads\/2014\/02\/Ochos_Rios-MartinStrattner-28.jpg\" alt=\"Ochos_Rios-MartinStrattner-28\" width=\"600\" height=\"450\" srcset=\"http:\/\/www.martinstrattner.de\/fotoblog\/wp-content\/uploads\/2014\/02\/Ochos_Rios-MartinStrattner-28.jpg 600w, http:\/\/www.martinstrattner.de\/fotoblog\/wp-content\/uploads\/2014\/02\/Ochos_Rios-MartinStrattner-28-288x216.jpg 288w, http:\/\/www.martinstrattner.de\/fotoblog\/wp-content\/uploads\/2014\/02\/Ochos_Rios-MartinStrattner-28-494x370.jpg 494w\" sizes=\"(max-width: 600px) 100vw, 600px\" \/><\/a> <a href=\"http:\/\/www.martinstrattner.de\/fotoblog\/wp-content\/uploads\/2014\/02\/Ochos_Rios-MartinStrattner-29.jpg\"><img loading=\"lazy\" class=\"alignnone size-full wp-image-2601\" src=\"http:\/\/www.martinstrattner.de\/fotoblog\/wp-content\/uploads\/2014\/02\/Ochos_Rios-MartinStrattner-29.jpg\" alt=\"Ochos_Rios-MartinStrattner-29\" width=\"600\" height=\"800\" srcset=\"http:\/\/www.martinstrattner.de\/fotoblog\/wp-content\/uploads\/2014\/02\/Ochos_Rios-MartinStrattner-29.jpg 600w, http:\/\/www.martinstrattner.de\/fotoblog\/wp-content\/uploads\/2014\/02\/Ochos_Rios-MartinStrattner-29-216x288.jpg 216w, http:\/\/www.martinstrattner.de\/fotoblog\/wp-content\/uploads\/2014\/02\/Ochos_Rios-MartinStrattner-29-370x494.jpg 370w, http:\/\/www.martinstrattner.de\/fotoblog\/wp-content\/uploads\/2014\/02\/Ochos_Rios-MartinStrattner-29-450x600.jpg 450w\" sizes=\"(max-width: 600px) 100vw, 600px\" \/><\/a> <a href=\"http:\/\/www.martinstrattner.de\/fotoblog\/wp-content\/uploads\/2014\/02\/Ochos_Rios-MartinStrattner-30.jpg\"><img loading=\"lazy\" class=\"alignnone size-full wp-image-2602\" src=\"http:\/\/www.martinstrattner.de\/fotoblog\/wp-content\/uploads\/2014\/02\/Ochos_Rios-MartinStrattner-30.jpg\" alt=\"Ochos_Rios-MartinStrattner-30\" width=\"600\" height=\"800\" srcset=\"http:\/\/www.martinstrattner.de\/fotoblog\/wp-content\/uploads\/2014\/02\/Ochos_Rios-MartinStrattner-30.jpg 600w, http:\/\/www.martinstrattner.de\/fotoblog\/wp-content\/uploads\/2014\/02\/Ochos_Rios-MartinStrattner-30-216x288.jpg 216w, http:\/\/www.martinstrattner.de\/fotoblog\/wp-content\/uploads\/2014\/02\/Ochos_Rios-MartinStrattner-30-370x494.jpg 370w, http:\/\/www.martinstrattner.de\/fotoblog\/wp-content\/uploads\/2014\/02\/Ochos_Rios-MartinStrattner-30-450x600.jpg 450w\" sizes=\"(max-width: 600px) 100vw, 600px\" \/><\/a><a href=\"http:\/\/www.martinstrattner.de\/fotoblog\/wp-content\/uploads\/2014\/02\/Ochos_Rios-MartinStrattner-32.jpg\"><img loading=\"lazy\" class=\"alignnone size-full wp-image-2604\" src=\"http:\/\/www.martinstrattner.de\/fotoblog\/wp-content\/uploads\/2014\/02\/Ochos_Rios-MartinStrattner-32.jpg\" alt=\"Ochos_Rios-MartinStrattner-32\" width=\"600\" height=\"450\" srcset=\"http:\/\/www.martinstrattner.de\/fotoblog\/wp-content\/uploads\/2014\/02\/Ochos_Rios-MartinStrattner-32.jpg 600w, http:\/\/www.martinstrattner.de\/fotoblog\/wp-content\/uploads\/2014\/02\/Ochos_Rios-MartinStrattner-32-288x216.jpg 288w, http:\/\/www.martinstrattner.de\/fotoblog\/wp-content\/uploads\/2014\/02\/Ochos_Rios-MartinStrattner-32-494x370.jpg 494w\" sizes=\"(max-width: 600px) 100vw, 600px\" \/><\/a> <a href=\"http:\/\/www.martinstrattner.de\/fotoblog\/wp-content\/uploads\/2014\/02\/Ochos_Rios-MartinStrattner-33.jpg\"><img loading=\"lazy\" class=\"alignnone size-full wp-image-2605\" src=\"http:\/\/www.martinstrattner.de\/fotoblog\/wp-content\/uploads\/2014\/02\/Ochos_Rios-MartinStrattner-33.jpg\" alt=\"Ochos_Rios-MartinStrattner-33\" width=\"600\" height=\"450\" srcset=\"http:\/\/www.martinstrattner.de\/fotoblog\/wp-content\/uploads\/2014\/02\/Ochos_Rios-MartinStrattner-33.jpg 600w, http:\/\/www.martinstrattner.de\/fotoblog\/wp-content\/uploads\/2014\/02\/Ochos_Rios-MartinStrattner-33-288x216.jpg 288w, http:\/\/www.martinstrattner.de\/fotoblog\/wp-content\/uploads\/2014\/02\/Ochos_Rios-MartinStrattner-33-494x370.jpg 494w\" sizes=\"(max-width: 600px) 100vw, 600px\" \/><\/a> <a href=\"http:\/\/www.martinstrattner.de\/fotoblog\/wp-content\/uploads\/2014\/02\/Ochos_Rios-MartinStrattner-34.jpg\"><img loading=\"lazy\" class=\"alignnone size-full wp-image-2606\" src=\"http:\/\/www.martinstrattner.de\/fotoblog\/wp-content\/uploads\/2014\/02\/Ochos_Rios-MartinStrattner-34.jpg\" alt=\"Ochos_Rios-MartinStrattner-34\" width=\"600\" height=\"450\" srcset=\"http:\/\/www.martinstrattner.de\/fotoblog\/wp-content\/uploads\/2014\/02\/Ochos_Rios-MartinStrattner-34.jpg 600w, http:\/\/www.martinstrattner.de\/fotoblog\/wp-content\/uploads\/2014\/02\/Ochos_Rios-MartinStrattner-34-288x216.jpg 288w, http:\/\/www.martinstrattner.de\/fotoblog\/wp-content\/uploads\/2014\/02\/Ochos_Rios-MartinStrattner-34-494x370.jpg 494w\" sizes=\"(max-width: 600px) 100vw, 600px\" \/><\/a> <a href=\"http:\/\/www.martinstrattner.de\/fotoblog\/wp-content\/uploads\/2014\/02\/Ochos_Rios-MartinStrattner-35.jpg\"><img loading=\"lazy\" class=\"alignnone size-full wp-image-2607\" src=\"http:\/\/www.martinstrattner.de\/fotoblog\/wp-content\/uploads\/2014\/02\/Ochos_Rios-MartinStrattner-35.jpg\" alt=\"Ochos_Rios-MartinStrattner-35\" width=\"600\" height=\"450\" srcset=\"http:\/\/www.martinstrattner.de\/fotoblog\/wp-content\/uploads\/2014\/02\/Ochos_Rios-MartinStrattner-35.jpg 600w, http:\/\/www.martinstrattner.de\/fotoblog\/wp-content\/uploads\/2014\/02\/Ochos_Rios-MartinStrattner-35-288x216.jpg 288w, http:\/\/www.martinstrattner.de\/fotoblog\/wp-content\/uploads\/2014\/02\/Ochos_Rios-MartinStrattner-35-494x370.jpg 494w\" sizes=\"(max-width: 600px) 100vw, 600px\" \/><\/a> <a href=\"http:\/\/www.martinstrattner.de\/fotoblog\/wp-content\/uploads\/2014\/02\/Ochos_Rios-MartinStrattner-36.jpg\"><img loading=\"lazy\" class=\"alignnone size-full wp-image-2608\" src=\"http:\/\/www.martinstrattner.de\/fotoblog\/wp-content\/uploads\/2014\/02\/Ochos_Rios-MartinStrattner-36.jpg\" alt=\"Ochos_Rios-MartinStrattner-36\" width=\"600\" height=\"450\" srcset=\"http:\/\/www.martinstrattner.de\/fotoblog\/wp-content\/uploads\/2014\/02\/Ochos_Rios-MartinStrattner-36.jpg 600w, http:\/\/www.martinstrattner.de\/fotoblog\/wp-content\/uploads\/2014\/02\/Ochos_Rios-MartinStrattner-36-288x216.jpg 288w, http:\/\/www.martinstrattner.de\/fotoblog\/wp-content\/uploads\/2014\/02\/Ochos_Rios-MartinStrattner-36-494x370.jpg 494w\" sizes=\"(max-width: 600px) 100vw, 600px\" \/><\/a> <a href=\"http:\/\/www.martinstrattner.de\/fotoblog\/wp-content\/uploads\/2014\/02\/Ochos_Rios-MartinStrattner-37.jpg\"><img loading=\"lazy\" class=\"alignnone size-full wp-image-2609\" src=\"http:\/\/www.martinstrattner.de\/fotoblog\/wp-content\/uploads\/2014\/02\/Ochos_Rios-MartinStrattner-37.jpg\" alt=\"Ochos_Rios-MartinStrattner-37\" width=\"600\" height=\"450\" srcset=\"http:\/\/www.martinstrattner.de\/fotoblog\/wp-content\/uploads\/2014\/02\/Ochos_Rios-MartinStrattner-37.jpg 600w, http:\/\/www.martinstrattner.de\/fotoblog\/wp-content\/uploads\/2014\/02\/Ochos_Rios-MartinStrattner-37-288x216.jpg 288w, http:\/\/www.martinstrattner.de\/fotoblog\/wp-content\/uploads\/2014\/02\/Ochos_Rios-MartinStrattner-37-494x370.jpg 494w\" sizes=\"(max-width: 600px) 100vw, 600px\" \/><\/a> <a href=\"http:\/\/www.martinstrattner.de\/fotoblog\/wp-content\/uploads\/2014\/02\/Ochos_Rios-MartinStrattner-38.jpg\"><img loading=\"lazy\" class=\"alignnone size-full wp-image-2610\" src=\"http:\/\/www.martinstrattner.de\/fotoblog\/wp-content\/uploads\/2014\/02\/Ochos_Rios-MartinStrattner-38.jpg\" alt=\"Ochos_Rios-MartinStrattner-38\" width=\"600\" height=\"450\" srcset=\"http:\/\/www.martinstrattner.de\/fotoblog\/wp-content\/uploads\/2014\/02\/Ochos_Rios-MartinStrattner-38.jpg 600w, http:\/\/www.martinstrattner.de\/fotoblog\/wp-content\/uploads\/2014\/02\/Ochos_Rios-MartinStrattner-38-288x216.jpg 288w, http:\/\/www.martinstrattner.de\/fotoblog\/wp-content\/uploads\/2014\/02\/Ochos_Rios-MartinStrattner-38-494x370.jpg 494w\" sizes=\"(max-width: 600px) 100vw, 600px\" \/><\/a><\/p>\n<p style=\"text-align: center;\">Im Folgenden zu sehen: Hightech, zum Leih-Preis von 4 Dollar. Und mit der Optik und der Haptik von billigem Plastikramsch. Aber es ist mir absolut unerkl\u00e4rlich wie es dem Hersteller dieser magischen Wunderschuhe gelungen ist, dass es m\u00f6glich ist, mit ihnen (ohne darf man nicht) glitschige schleimige und von extrem schnellem Wasser umsp\u00fclte Felsen in irrwitzigen Winkeln zu betreten und keinen Millimeter abzugleiten. Oktopus-Technik.<\/p>\n<p style=\"text-align: center;\"><a href=\"http:\/\/www.martinstrattner.de\/fotoblog\/wp-content\/uploads\/2014\/02\/Ochos_Rios-MartinStrattner-39.jpg\"><img loading=\"lazy\" class=\"alignnone size-full wp-image-2611\" src=\"http:\/\/www.martinstrattner.de\/fotoblog\/wp-content\/uploads\/2014\/02\/Ochos_Rios-MartinStrattner-39.jpg\" alt=\"Ochos_Rios-MartinStrattner-39\" width=\"600\" height=\"450\" srcset=\"http:\/\/www.martinstrattner.de\/fotoblog\/wp-content\/uploads\/2014\/02\/Ochos_Rios-MartinStrattner-39.jpg 600w, http:\/\/www.martinstrattner.de\/fotoblog\/wp-content\/uploads\/2014\/02\/Ochos_Rios-MartinStrattner-39-288x216.jpg 288w, http:\/\/www.martinstrattner.de\/fotoblog\/wp-content\/uploads\/2014\/02\/Ochos_Rios-MartinStrattner-39-494x370.jpg 494w\" sizes=\"(max-width: 600px) 100vw, 600px\" \/><\/a> <a href=\"http:\/\/www.martinstrattner.de\/fotoblog\/wp-content\/uploads\/2014\/02\/Ochos_Rios-MartinStrattner-40.jpg\"><img loading=\"lazy\" class=\"alignnone size-full wp-image-2612\" src=\"http:\/\/www.martinstrattner.de\/fotoblog\/wp-content\/uploads\/2014\/02\/Ochos_Rios-MartinStrattner-40.jpg\" alt=\"Ochos_Rios-MartinStrattner-40\" width=\"600\" height=\"450\" srcset=\"http:\/\/www.martinstrattner.de\/fotoblog\/wp-content\/uploads\/2014\/02\/Ochos_Rios-MartinStrattner-40.jpg 600w, http:\/\/www.martinstrattner.de\/fotoblog\/wp-content\/uploads\/2014\/02\/Ochos_Rios-MartinStrattner-40-288x216.jpg 288w, http:\/\/www.martinstrattner.de\/fotoblog\/wp-content\/uploads\/2014\/02\/Ochos_Rios-MartinStrattner-40-494x370.jpg 494w\" sizes=\"(max-width: 600px) 100vw, 600px\" \/><\/a><\/p>\n<p style=\"text-align: center;\">Das Kreuzfahrtgesch\u00e4ft ist ein \u2014\u00a0das war mit vorher so nicht bewusst \u2014\u00a0extrem national segregiertes Gesch\u00e4ft. Man ist gerne unter sich. Es gibt amerikanische, deutsche, franz\u00f6siche etc. Kreuzfahrtschiffe. Die anderen Anbieter hatte ich bis ich Sie auf der Reise in anderen H\u00e4fen sah noch nie geh\u00f6rt. Das ist ein bisschen Schade, dass man so unter sich ist. Aber dann doch auch manchmal ganz gut. Als wir den Wasserfall hochstiefelten war sonst fast keiner da. Und wir sind einfach hochgegangen.<\/p>\n<p style=\"text-align: center;\">&#8222;Einfach hochgegangen?&#8220; sagt der Amerikaner, der kurz nach uns zu mehreren Hundert den Strand am Fu\u00df des Wasserfalls betritt. Das ist viel zu langweilig. Und zu unsozial. Deswegen wird sich unten im Kreis eingestimmt auf die &#8222;great experience&#8220; &#8222;Hot, hot, HOT&#8220;, Und dann gehen alle in einer Kette\u00a0\u2014 Hand in Hand\u00a0\u2014 den Wasserfall hoch. Alle den exakt gleichen Weg. So kann auch nichts passieren.<\/p>\n<p style=\"text-align: center;\">Wir fl\u00fcchten auf den Strand.<\/p>\n<p style=\"text-align: center;\"><a href=\"http:\/\/www.martinstrattner.de\/fotoblog\/wp-content\/uploads\/2014\/02\/Ochos_Rios-MartinStrattner-41.jpg\"><img loading=\"lazy\" class=\"alignnone size-full wp-image-2613\" src=\"http:\/\/www.martinstrattner.de\/fotoblog\/wp-content\/uploads\/2014\/02\/Ochos_Rios-MartinStrattner-41.jpg\" alt=\"Ochos_Rios-MartinStrattner-41\" width=\"600\" height=\"450\" srcset=\"http:\/\/www.martinstrattner.de\/fotoblog\/wp-content\/uploads\/2014\/02\/Ochos_Rios-MartinStrattner-41.jpg 600w, http:\/\/www.martinstrattner.de\/fotoblog\/wp-content\/uploads\/2014\/02\/Ochos_Rios-MartinStrattner-41-288x216.jpg 288w, http:\/\/www.martinstrattner.de\/fotoblog\/wp-content\/uploads\/2014\/02\/Ochos_Rios-MartinStrattner-41-494x370.jpg 494w\" sizes=\"(max-width: 600px) 100vw, 600px\" \/><\/a> <a href=\"http:\/\/www.martinstrattner.de\/fotoblog\/wp-content\/uploads\/2014\/02\/Ochos_Rios-MartinStrattner-42.jpg\"><img loading=\"lazy\" class=\"alignnone size-full wp-image-2614\" src=\"http:\/\/www.martinstrattner.de\/fotoblog\/wp-content\/uploads\/2014\/02\/Ochos_Rios-MartinStrattner-42.jpg\" alt=\"Ochos_Rios-MartinStrattner-42\" width=\"600\" height=\"450\" srcset=\"http:\/\/www.martinstrattner.de\/fotoblog\/wp-content\/uploads\/2014\/02\/Ochos_Rios-MartinStrattner-42.jpg 600w, http:\/\/www.martinstrattner.de\/fotoblog\/wp-content\/uploads\/2014\/02\/Ochos_Rios-MartinStrattner-42-288x216.jpg 288w, http:\/\/www.martinstrattner.de\/fotoblog\/wp-content\/uploads\/2014\/02\/Ochos_Rios-MartinStrattner-42-494x370.jpg 494w\" sizes=\"(max-width: 600px) 100vw, 600px\" \/><\/a> <a href=\"http:\/\/www.martinstrattner.de\/fotoblog\/wp-content\/uploads\/2014\/02\/Ochos_Rios-MartinStrattner-43.jpg\"><img loading=\"lazy\" class=\"alignnone size-full wp-image-2615\" src=\"http:\/\/www.martinstrattner.de\/fotoblog\/wp-content\/uploads\/2014\/02\/Ochos_Rios-MartinStrattner-43.jpg\" alt=\"Ochos_Rios-MartinStrattner-43\" width=\"600\" height=\"800\" srcset=\"http:\/\/www.martinstrattner.de\/fotoblog\/wp-content\/uploads\/2014\/02\/Ochos_Rios-MartinStrattner-43.jpg 600w, http:\/\/www.martinstrattner.de\/fotoblog\/wp-content\/uploads\/2014\/02\/Ochos_Rios-MartinStrattner-43-216x288.jpg 216w, http:\/\/www.martinstrattner.de\/fotoblog\/wp-content\/uploads\/2014\/02\/Ochos_Rios-MartinStrattner-43-370x494.jpg 370w, http:\/\/www.martinstrattner.de\/fotoblog\/wp-content\/uploads\/2014\/02\/Ochos_Rios-MartinStrattner-43-450x600.jpg 450w\" sizes=\"(max-width: 600px) 100vw, 600px\" \/><\/a> <a href=\"http:\/\/www.martinstrattner.de\/fotoblog\/wp-content\/uploads\/2014\/02\/Ochos_Rios-MartinStrattner-44.jpg\"><img loading=\"lazy\" class=\"alignnone size-full wp-image-2616\" src=\"http:\/\/www.martinstrattner.de\/fotoblog\/wp-content\/uploads\/2014\/02\/Ochos_Rios-MartinStrattner-44.jpg\" alt=\"Ochos_Rios-MartinStrattner-44\" width=\"600\" height=\"800\" srcset=\"http:\/\/www.martinstrattner.de\/fotoblog\/wp-content\/uploads\/2014\/02\/Ochos_Rios-MartinStrattner-44.jpg 600w, http:\/\/www.martinstrattner.de\/fotoblog\/wp-content\/uploads\/2014\/02\/Ochos_Rios-MartinStrattner-44-216x288.jpg 216w, http:\/\/www.martinstrattner.de\/fotoblog\/wp-content\/uploads\/2014\/02\/Ochos_Rios-MartinStrattner-44-370x494.jpg 370w, http:\/\/www.martinstrattner.de\/fotoblog\/wp-content\/uploads\/2014\/02\/Ochos_Rios-MartinStrattner-44-450x600.jpg 450w\" sizes=\"(max-width: 600px) 100vw, 600px\" \/><\/a> <a href=\"http:\/\/www.martinstrattner.de\/fotoblog\/wp-content\/uploads\/2014\/02\/Ochos_Rios-MartinStrattner-46.jpg\"><img loading=\"lazy\" class=\"alignnone size-full wp-image-2617\" src=\"http:\/\/www.martinstrattner.de\/fotoblog\/wp-content\/uploads\/2014\/02\/Ochos_Rios-MartinStrattner-46.jpg\" alt=\"Ochos_Rios-MartinStrattner-46\" width=\"600\" height=\"450\" srcset=\"http:\/\/www.martinstrattner.de\/fotoblog\/wp-content\/uploads\/2014\/02\/Ochos_Rios-MartinStrattner-46.jpg 600w, http:\/\/www.martinstrattner.de\/fotoblog\/wp-content\/uploads\/2014\/02\/Ochos_Rios-MartinStrattner-46-288x216.jpg 288w, http:\/\/www.martinstrattner.de\/fotoblog\/wp-content\/uploads\/2014\/02\/Ochos_Rios-MartinStrattner-46-494x370.jpg 494w\" sizes=\"(max-width: 600px) 100vw, 600px\" \/><\/a> <a href=\"http:\/\/www.martinstrattner.de\/fotoblog\/wp-content\/uploads\/2014\/02\/Ochos_Rios-MartinStrattner-47.jpg\"><img loading=\"lazy\" class=\"alignnone size-full wp-image-2618\" src=\"http:\/\/www.martinstrattner.de\/fotoblog\/wp-content\/uploads\/2014\/02\/Ochos_Rios-MartinStrattner-47.jpg\" alt=\"Ochos_Rios-MartinStrattner-47\" width=\"600\" height=\"450\" srcset=\"http:\/\/www.martinstrattner.de\/fotoblog\/wp-content\/uploads\/2014\/02\/Ochos_Rios-MartinStrattner-47.jpg 600w, http:\/\/www.martinstrattner.de\/fotoblog\/wp-content\/uploads\/2014\/02\/Ochos_Rios-MartinStrattner-47-288x216.jpg 288w, http:\/\/www.martinstrattner.de\/fotoblog\/wp-content\/uploads\/2014\/02\/Ochos_Rios-MartinStrattner-47-494x370.jpg 494w\" sizes=\"(max-width: 600px) 100vw, 600px\" \/><\/a> <a href=\"http:\/\/www.martinstrattner.de\/fotoblog\/wp-content\/uploads\/2014\/02\/Ochos_Rios-MartinStrattner-48.jpg\"><img loading=\"lazy\" class=\"alignnone size-full wp-image-2619\" src=\"http:\/\/www.martinstrattner.de\/fotoblog\/wp-content\/uploads\/2014\/02\/Ochos_Rios-MartinStrattner-48.jpg\" alt=\"Ochos_Rios-MartinStrattner-48\" width=\"600\" height=\"450\" srcset=\"http:\/\/www.martinstrattner.de\/fotoblog\/wp-content\/uploads\/2014\/02\/Ochos_Rios-MartinStrattner-48.jpg 600w, http:\/\/www.martinstrattner.de\/fotoblog\/wp-content\/uploads\/2014\/02\/Ochos_Rios-MartinStrattner-48-288x216.jpg 288w, http:\/\/www.martinstrattner.de\/fotoblog\/wp-content\/uploads\/2014\/02\/Ochos_Rios-MartinStrattner-48-494x370.jpg 494w\" sizes=\"(max-width: 600px) 100vw, 600px\" \/><\/a> <a href=\"http:\/\/www.martinstrattner.de\/fotoblog\/wp-content\/uploads\/2014\/02\/Ochos_Rios-MartinStrattner-49.jpg\"><img loading=\"lazy\" class=\"alignnone size-full wp-image-2620\" src=\"http:\/\/www.martinstrattner.de\/fotoblog\/wp-content\/uploads\/2014\/02\/Ochos_Rios-MartinStrattner-49.jpg\" alt=\"Ochos_Rios-MartinStrattner-49\" width=\"600\" height=\"450\" srcset=\"http:\/\/www.martinstrattner.de\/fotoblog\/wp-content\/uploads\/2014\/02\/Ochos_Rios-MartinStrattner-49.jpg 600w, http:\/\/www.martinstrattner.de\/fotoblog\/wp-content\/uploads\/2014\/02\/Ochos_Rios-MartinStrattner-49-288x216.jpg 288w, http:\/\/www.martinstrattner.de\/fotoblog\/wp-content\/uploads\/2014\/02\/Ochos_Rios-MartinStrattner-49-494x370.jpg 494w\" sizes=\"(max-width: 600px) 100vw, 600px\" \/><\/a> <a href=\"http:\/\/www.martinstrattner.de\/fotoblog\/wp-content\/uploads\/2014\/02\/Ochos_Rios-MartinStrattner-50.jpg\"><img loading=\"lazy\" class=\"alignnone size-full wp-image-2621\" src=\"http:\/\/www.martinstrattner.de\/fotoblog\/wp-content\/uploads\/2014\/02\/Ochos_Rios-MartinStrattner-50.jpg\" alt=\"Ochos_Rios-MartinStrattner-50\" width=\"600\" height=\"450\" srcset=\"http:\/\/www.martinstrattner.de\/fotoblog\/wp-content\/uploads\/2014\/02\/Ochos_Rios-MartinStrattner-50.jpg 600w, http:\/\/www.martinstrattner.de\/fotoblog\/wp-content\/uploads\/2014\/02\/Ochos_Rios-MartinStrattner-50-288x216.jpg 288w, http:\/\/www.martinstrattner.de\/fotoblog\/wp-content\/uploads\/2014\/02\/Ochos_Rios-MartinStrattner-50-494x370.jpg 494w\" sizes=\"(max-width: 600px) 100vw, 600px\" \/><\/a><\/p>\n<p style=\"text-align: center;\">F\u00fcr ein gutes Foto muss man auch mal was riskieren.<\/p>\n<p style=\"text-align: center;\"><a href=\"http:\/\/www.martinstrattner.de\/fotoblog\/wp-content\/uploads\/2014\/02\/Ochos_Rios-MartinStrattner-51.jpg\"><img loading=\"lazy\" class=\"alignnone size-full wp-image-2622\" src=\"http:\/\/www.martinstrattner.de\/fotoblog\/wp-content\/uploads\/2014\/02\/Ochos_Rios-MartinStrattner-51.jpg\" alt=\"Ochos_Rios-MartinStrattner-51\" width=\"600\" height=\"450\" srcset=\"http:\/\/www.martinstrattner.de\/fotoblog\/wp-content\/uploads\/2014\/02\/Ochos_Rios-MartinStrattner-51.jpg 600w, http:\/\/www.martinstrattner.de\/fotoblog\/wp-content\/uploads\/2014\/02\/Ochos_Rios-MartinStrattner-51-288x216.jpg 288w, http:\/\/www.martinstrattner.de\/fotoblog\/wp-content\/uploads\/2014\/02\/Ochos_Rios-MartinStrattner-51-494x370.jpg 494w\" sizes=\"(max-width: 600px) 100vw, 600px\" \/><\/a> <a href=\"http:\/\/www.martinstrattner.de\/fotoblog\/wp-content\/uploads\/2014\/02\/Ochos_Rios-MartinStrattner-53.jpg\"><img loading=\"lazy\" class=\"alignnone size-full wp-image-2623\" src=\"http:\/\/www.martinstrattner.de\/fotoblog\/wp-content\/uploads\/2014\/02\/Ochos_Rios-MartinStrattner-53.jpg\" alt=\"Ochos_Rios-MartinStrattner-53\" width=\"600\" height=\"450\" srcset=\"http:\/\/www.martinstrattner.de\/fotoblog\/wp-content\/uploads\/2014\/02\/Ochos_Rios-MartinStrattner-53.jpg 600w, http:\/\/www.martinstrattner.de\/fotoblog\/wp-content\/uploads\/2014\/02\/Ochos_Rios-MartinStrattner-53-288x216.jpg 288w, http:\/\/www.martinstrattner.de\/fotoblog\/wp-content\/uploads\/2014\/02\/Ochos_Rios-MartinStrattner-53-494x370.jpg 494w\" sizes=\"(max-width: 600px) 100vw, 600px\" \/><\/a> <a href=\"http:\/\/www.martinstrattner.de\/fotoblog\/wp-content\/uploads\/2014\/02\/Ochos_Rios-MartinStrattner-55.jpg\"><img loading=\"lazy\" class=\"alignnone size-full wp-image-2624\" src=\"http:\/\/www.martinstrattner.de\/fotoblog\/wp-content\/uploads\/2014\/02\/Ochos_Rios-MartinStrattner-55.jpg\" alt=\"Ochos_Rios-MartinStrattner-55\" width=\"600\" height=\"800\" srcset=\"http:\/\/www.martinstrattner.de\/fotoblog\/wp-content\/uploads\/2014\/02\/Ochos_Rios-MartinStrattner-55.jpg 600w, http:\/\/www.martinstrattner.de\/fotoblog\/wp-content\/uploads\/2014\/02\/Ochos_Rios-MartinStrattner-55-216x288.jpg 216w, http:\/\/www.martinstrattner.de\/fotoblog\/wp-content\/uploads\/2014\/02\/Ochos_Rios-MartinStrattner-55-370x494.jpg 370w, http:\/\/www.martinstrattner.de\/fotoblog\/wp-content\/uploads\/2014\/02\/Ochos_Rios-MartinStrattner-55-450x600.jpg 450w\" sizes=\"(max-width: 600px) 100vw, 600px\" \/><\/a><a href=\"http:\/\/www.martinstrattner.de\/fotoblog\/wp-content\/uploads\/2014\/02\/Ochos_Rios-MartinStrattner-57.jpg\"><img loading=\"lazy\" class=\"alignnone size-full wp-image-2626\" src=\"http:\/\/www.martinstrattner.de\/fotoblog\/wp-content\/uploads\/2014\/02\/Ochos_Rios-MartinStrattner-57.jpg\" alt=\"Ochos_Rios-MartinStrattner-57\" width=\"600\" height=\"800\" srcset=\"http:\/\/www.martinstrattner.de\/fotoblog\/wp-content\/uploads\/2014\/02\/Ochos_Rios-MartinStrattner-57.jpg 600w, http:\/\/www.martinstrattner.de\/fotoblog\/wp-content\/uploads\/2014\/02\/Ochos_Rios-MartinStrattner-57-216x288.jpg 216w, http:\/\/www.martinstrattner.de\/fotoblog\/wp-content\/uploads\/2014\/02\/Ochos_Rios-MartinStrattner-57-370x494.jpg 370w, http:\/\/www.martinstrattner.de\/fotoblog\/wp-content\/uploads\/2014\/02\/Ochos_Rios-MartinStrattner-57-450x600.jpg 450w\" sizes=\"(max-width: 600px) 100vw, 600px\" \/><\/a> <a href=\"http:\/\/www.martinstrattner.de\/fotoblog\/wp-content\/uploads\/2014\/02\/Ochos_Rios-MartinStrattner-58.jpg\"><img loading=\"lazy\" class=\"alignnone size-full wp-image-2627\" src=\"http:\/\/www.martinstrattner.de\/fotoblog\/wp-content\/uploads\/2014\/02\/Ochos_Rios-MartinStrattner-58.jpg\" alt=\"Ochos_Rios-MartinStrattner-58\" width=\"600\" height=\"450\" srcset=\"http:\/\/www.martinstrattner.de\/fotoblog\/wp-content\/uploads\/2014\/02\/Ochos_Rios-MartinStrattner-58.jpg 600w, http:\/\/www.martinstrattner.de\/fotoblog\/wp-content\/uploads\/2014\/02\/Ochos_Rios-MartinStrattner-58-288x216.jpg 288w, http:\/\/www.martinstrattner.de\/fotoblog\/wp-content\/uploads\/2014\/02\/Ochos_Rios-MartinStrattner-58-494x370.jpg 494w\" sizes=\"(max-width: 600px) 100vw, 600px\" \/><\/a> <a href=\"http:\/\/www.martinstrattner.de\/fotoblog\/wp-content\/uploads\/2014\/02\/Ochos_Rios-MartinStrattner-59.jpg\"><img loading=\"lazy\" class=\"alignnone size-full wp-image-2628\" src=\"http:\/\/www.martinstrattner.de\/fotoblog\/wp-content\/uploads\/2014\/02\/Ochos_Rios-MartinStrattner-59.jpg\" alt=\"Ochos_Rios-MartinStrattner-59\" width=\"600\" height=\"450\" srcset=\"http:\/\/www.martinstrattner.de\/fotoblog\/wp-content\/uploads\/2014\/02\/Ochos_Rios-MartinStrattner-59.jpg 600w, http:\/\/www.martinstrattner.de\/fotoblog\/wp-content\/uploads\/2014\/02\/Ochos_Rios-MartinStrattner-59-288x216.jpg 288w, http:\/\/www.martinstrattner.de\/fotoblog\/wp-content\/uploads\/2014\/02\/Ochos_Rios-MartinStrattner-59-494x370.jpg 494w\" sizes=\"(max-width: 600px) 100vw, 600px\" \/><\/a> <a href=\"http:\/\/www.martinstrattner.de\/fotoblog\/wp-content\/uploads\/2014\/02\/Ochos_Rios-MartinStrattner-61.jpg\"><img loading=\"lazy\" class=\"alignnone size-full wp-image-2629\" src=\"http:\/\/www.martinstrattner.de\/fotoblog\/wp-content\/uploads\/2014\/02\/Ochos_Rios-MartinStrattner-61.jpg\" alt=\"Ochos_Rios-MartinStrattner-61\" width=\"600\" height=\"450\" srcset=\"http:\/\/www.martinstrattner.de\/fotoblog\/wp-content\/uploads\/2014\/02\/Ochos_Rios-MartinStrattner-61.jpg 600w, http:\/\/www.martinstrattner.de\/fotoblog\/wp-content\/uploads\/2014\/02\/Ochos_Rios-MartinStrattner-61-288x216.jpg 288w, http:\/\/www.martinstrattner.de\/fotoblog\/wp-content\/uploads\/2014\/02\/Ochos_Rios-MartinStrattner-61-494x370.jpg 494w\" sizes=\"(max-width: 600px) 100vw, 600px\" \/><\/a> <a href=\"http:\/\/www.martinstrattner.de\/fotoblog\/wp-content\/uploads\/2014\/02\/Ochos_Rios-MartinStrattner-62.jpg\"><img loading=\"lazy\" class=\"alignnone size-full wp-image-2630\" src=\"http:\/\/www.martinstrattner.de\/fotoblog\/wp-content\/uploads\/2014\/02\/Ochos_Rios-MartinStrattner-62.jpg\" alt=\"Ochos_Rios-MartinStrattner-62\" width=\"600\" height=\"450\" srcset=\"http:\/\/www.martinstrattner.de\/fotoblog\/wp-content\/uploads\/2014\/02\/Ochos_Rios-MartinStrattner-62.jpg 600w, http:\/\/www.martinstrattner.de\/fotoblog\/wp-content\/uploads\/2014\/02\/Ochos_Rios-MartinStrattner-62-288x216.jpg 288w, http:\/\/www.martinstrattner.de\/fotoblog\/wp-content\/uploads\/2014\/02\/Ochos_Rios-MartinStrattner-62-494x370.jpg 494w\" sizes=\"(max-width: 600px) 100vw, 600px\" \/><\/a> <a href=\"http:\/\/www.martinstrattner.de\/fotoblog\/wp-content\/uploads\/2014\/02\/Ochos_Rios-MartinStrattner-64.jpg\"><img loading=\"lazy\" class=\"alignnone size-full wp-image-2631\" src=\"http:\/\/www.martinstrattner.de\/fotoblog\/wp-content\/uploads\/2014\/02\/Ochos_Rios-MartinStrattner-64.jpg\" alt=\"Ochos_Rios-MartinStrattner-64\" width=\"600\" height=\"800\" srcset=\"http:\/\/www.martinstrattner.de\/fotoblog\/wp-content\/uploads\/2014\/02\/Ochos_Rios-MartinStrattner-64.jpg 600w, http:\/\/www.martinstrattner.de\/fotoblog\/wp-content\/uploads\/2014\/02\/Ochos_Rios-MartinStrattner-64-216x288.jpg 216w, http:\/\/www.martinstrattner.de\/fotoblog\/wp-content\/uploads\/2014\/02\/Ochos_Rios-MartinStrattner-64-370x494.jpg 370w, http:\/\/www.martinstrattner.de\/fotoblog\/wp-content\/uploads\/2014\/02\/Ochos_Rios-MartinStrattner-64-450x600.jpg 450w\" sizes=\"(max-width: 600px) 100vw, 600px\" \/><\/a><a href=\"http:\/\/www.martinstrattner.de\/fotoblog\/wp-content\/uploads\/2014\/02\/Ochos_Rios-MartinStrattner-66.jpg\"><img loading=\"lazy\" class=\"alignnone size-full wp-image-2633\" src=\"http:\/\/www.martinstrattner.de\/fotoblog\/wp-content\/uploads\/2014\/02\/Ochos_Rios-MartinStrattner-66.jpg\" alt=\"Ochos_Rios-MartinStrattner-66\" width=\"600\" height=\"450\" srcset=\"http:\/\/www.martinstrattner.de\/fotoblog\/wp-content\/uploads\/2014\/02\/Ochos_Rios-MartinStrattner-66.jpg 600w, http:\/\/www.martinstrattner.de\/fotoblog\/wp-content\/uploads\/2014\/02\/Ochos_Rios-MartinStrattner-66-288x216.jpg 288w, http:\/\/www.martinstrattner.de\/fotoblog\/wp-content\/uploads\/2014\/02\/Ochos_Rios-MartinStrattner-66-494x370.jpg 494w\" sizes=\"(max-width: 600px) 100vw, 600px\" \/><\/a><\/p>\n<p style=\"text-align: center;\">Wir sind zur\u00fcck, und haben noch 2 knappe Stunden. also schnell in die Stadt rein, die im wesentlichen aus einer Stra\u00dfe besteht. Die hei\u00dft passenderweise &#8222;Main Street&#8220;<\/p>\n<p style=\"text-align: center;\">Wir gehen die Stra\u00dfe so weit entlang, bis wir die einzigen Wei\u00dfen sind. Keine Touristen mehr. Es riecht intensiv nach Gras. &#8222;Ey, do you smoke?&#8220;<\/p>\n<p style=\"text-align: center;\">Auf dem R\u00fcckweg f\u00e4llt dann mein (f\u00fcr die Karibik: Seer\u00e4uber-)Bart positiv auf: &#8222;Ey man, shaving today?&#8220;<\/p>\n<p><a style=\"font-size: 12px; line-height: 22px;\" href=\"http:\/\/www.martinstrattner.de\/fotoblog\/wp-content\/uploads\/2014\/02\/Ochos_Rios-MartinStrattner-67.jpg\"><img loading=\"lazy\" class=\" size-full wp-image-2634 aligncenter\" src=\"http:\/\/www.martinstrattner.de\/fotoblog\/wp-content\/uploads\/2014\/02\/Ochos_Rios-MartinStrattner-67.jpg\" alt=\"Ochos_Rios-MartinStrattner-67\" width=\"600\" height=\"450\" srcset=\"http:\/\/www.martinstrattner.de\/fotoblog\/wp-content\/uploads\/2014\/02\/Ochos_Rios-MartinStrattner-67.jpg 600w, http:\/\/www.martinstrattner.de\/fotoblog\/wp-content\/uploads\/2014\/02\/Ochos_Rios-MartinStrattner-67-288x216.jpg 288w, http:\/\/www.martinstrattner.de\/fotoblog\/wp-content\/uploads\/2014\/02\/Ochos_Rios-MartinStrattner-67-494x370.jpg 494w\" sizes=\"(max-width: 600px) 100vw, 600px\" \/><\/a><a style=\"font-size: 12px; line-height: 22px;\" href=\"http:\/\/www.martinstrattner.de\/fotoblog\/wp-content\/uploads\/2014\/02\/Ochos_Rios-MartinStrattner-68.jpg\"><img loading=\"lazy\" class=\" size-full wp-image-2635 aligncenter\" src=\"http:\/\/www.martinstrattner.de\/fotoblog\/wp-content\/uploads\/2014\/02\/Ochos_Rios-MartinStrattner-68.jpg\" alt=\"Ochos_Rios-MartinStrattner-68\" width=\"600\" height=\"450\" srcset=\"http:\/\/www.martinstrattner.de\/fotoblog\/wp-content\/uploads\/2014\/02\/Ochos_Rios-MartinStrattner-68.jpg 600w, http:\/\/www.martinstrattner.de\/fotoblog\/wp-content\/uploads\/2014\/02\/Ochos_Rios-MartinStrattner-68-288x216.jpg 288w, http:\/\/www.martinstrattner.de\/fotoblog\/wp-content\/uploads\/2014\/02\/Ochos_Rios-MartinStrattner-68-494x370.jpg 494w\" sizes=\"(max-width: 600px) 100vw, 600px\" \/><\/a><a style=\"font-size: 12px; line-height: 22px;\" href=\"http:\/\/www.martinstrattner.de\/fotoblog\/wp-content\/uploads\/2014\/02\/Ochos_Rios-MartinStrattner-69.jpg\"><img loading=\"lazy\" class=\" size-full wp-image-2636 aligncenter\" src=\"http:\/\/www.martinstrattner.de\/fotoblog\/wp-content\/uploads\/2014\/02\/Ochos_Rios-MartinStrattner-69.jpg\" alt=\"Ochos_Rios-MartinStrattner-69\" width=\"600\" height=\"450\" srcset=\"http:\/\/www.martinstrattner.de\/fotoblog\/wp-content\/uploads\/2014\/02\/Ochos_Rios-MartinStrattner-69.jpg 600w, http:\/\/www.martinstrattner.de\/fotoblog\/wp-content\/uploads\/2014\/02\/Ochos_Rios-MartinStrattner-69-288x216.jpg 288w, http:\/\/www.martinstrattner.de\/fotoblog\/wp-content\/uploads\/2014\/02\/Ochos_Rios-MartinStrattner-69-494x370.jpg 494w\" sizes=\"(max-width: 600px) 100vw, 600px\" \/><\/a><a style=\"font-size: 12px; line-height: 22px;\" href=\"http:\/\/www.martinstrattner.de\/fotoblog\/wp-content\/uploads\/2014\/02\/Ochos_Rios-MartinStrattner-70.jpg\"><img loading=\"lazy\" class=\" size-full wp-image-2637 aligncenter\" src=\"http:\/\/www.martinstrattner.de\/fotoblog\/wp-content\/uploads\/2014\/02\/Ochos_Rios-MartinStrattner-70.jpg\" alt=\"Ochos_Rios-MartinStrattner-70\" width=\"600\" height=\"450\" srcset=\"http:\/\/www.martinstrattner.de\/fotoblog\/wp-content\/uploads\/2014\/02\/Ochos_Rios-MartinStrattner-70.jpg 600w, http:\/\/www.martinstrattner.de\/fotoblog\/wp-content\/uploads\/2014\/02\/Ochos_Rios-MartinStrattner-70-288x216.jpg 288w, http:\/\/www.martinstrattner.de\/fotoblog\/wp-content\/uploads\/2014\/02\/Ochos_Rios-MartinStrattner-70-494x370.jpg 494w\" sizes=\"(max-width: 600px) 100vw, 600px\" \/><\/a><a style=\"font-size: 12px; line-height: 22px;\" href=\"http:\/\/www.martinstrattner.de\/fotoblog\/wp-content\/uploads\/2014\/02\/Ochos_Rios-MartinStrattner-71.jpg\"><img loading=\"lazy\" class=\" size-full wp-image-2638 aligncenter\" src=\"http:\/\/www.martinstrattner.de\/fotoblog\/wp-content\/uploads\/2014\/02\/Ochos_Rios-MartinStrattner-71.jpg\" alt=\"Ochos_Rios-MartinStrattner-71\" width=\"600\" height=\"450\" srcset=\"http:\/\/www.martinstrattner.de\/fotoblog\/wp-content\/uploads\/2014\/02\/Ochos_Rios-MartinStrattner-71.jpg 600w, http:\/\/www.martinstrattner.de\/fotoblog\/wp-content\/uploads\/2014\/02\/Ochos_Rios-MartinStrattner-71-288x216.jpg 288w, http:\/\/www.martinstrattner.de\/fotoblog\/wp-content\/uploads\/2014\/02\/Ochos_Rios-MartinStrattner-71-494x370.jpg 494w\" sizes=\"(max-width: 600px) 100vw, 600px\" \/><\/a><a style=\"font-size: 12px; line-height: 22px;\" href=\"http:\/\/www.martinstrattner.de\/fotoblog\/wp-content\/uploads\/2014\/02\/Ochos_Rios-MartinStrattner-72.jpg\"><img loading=\"lazy\" class=\" size-full wp-image-2639 aligncenter\" src=\"http:\/\/www.martinstrattner.de\/fotoblog\/wp-content\/uploads\/2014\/02\/Ochos_Rios-MartinStrattner-72.jpg\" alt=\"Ochos_Rios-MartinStrattner-72\" width=\"600\" height=\"800\" srcset=\"http:\/\/www.martinstrattner.de\/fotoblog\/wp-content\/uploads\/2014\/02\/Ochos_Rios-MartinStrattner-72.jpg 600w, http:\/\/www.martinstrattner.de\/fotoblog\/wp-content\/uploads\/2014\/02\/Ochos_Rios-MartinStrattner-72-216x288.jpg 216w, http:\/\/www.martinstrattner.de\/fotoblog\/wp-content\/uploads\/2014\/02\/Ochos_Rios-MartinStrattner-72-370x494.jpg 370w, http:\/\/www.martinstrattner.de\/fotoblog\/wp-content\/uploads\/2014\/02\/Ochos_Rios-MartinStrattner-72-450x600.jpg 450w\" sizes=\"(max-width: 600px) 100vw, 600px\" \/><\/a><a style=\"font-size: 12px; line-height: 22px;\" href=\"http:\/\/www.martinstrattner.de\/fotoblog\/wp-content\/uploads\/2014\/02\/Ochos_Rios-MartinStrattner-73.jpg\"><img loading=\"lazy\" class=\" size-full wp-image-2640 aligncenter\" src=\"http:\/\/www.martinstrattner.de\/fotoblog\/wp-content\/uploads\/2014\/02\/Ochos_Rios-MartinStrattner-73.jpg\" alt=\"Ochos_Rios-MartinStrattner-73\" width=\"600\" height=\"800\" srcset=\"http:\/\/www.martinstrattner.de\/fotoblog\/wp-content\/uploads\/2014\/02\/Ochos_Rios-MartinStrattner-73.jpg 600w, http:\/\/www.martinstrattner.de\/fotoblog\/wp-content\/uploads\/2014\/02\/Ochos_Rios-MartinStrattner-73-216x288.jpg 216w, http:\/\/www.martinstrattner.de\/fotoblog\/wp-content\/uploads\/2014\/02\/Ochos_Rios-MartinStrattner-73-370x494.jpg 370w, http:\/\/www.martinstrattner.de\/fotoblog\/wp-content\/uploads\/2014\/02\/Ochos_Rios-MartinStrattner-73-450x600.jpg 450w\" sizes=\"(max-width: 600px) 100vw, 600px\" \/><\/a><a style=\"font-size: 12px; line-height: 22px;\" href=\"http:\/\/www.martinstrattner.de\/fotoblog\/wp-content\/uploads\/2014\/02\/Ochos_Rios-MartinStrattner-74.jpg\"><img loading=\"lazy\" class=\" size-full wp-image-2641 aligncenter\" src=\"http:\/\/www.martinstrattner.de\/fotoblog\/wp-content\/uploads\/2014\/02\/Ochos_Rios-MartinStrattner-74.jpg\" alt=\"Ochos_Rios-MartinStrattner-74\" width=\"600\" height=\"450\" srcset=\"http:\/\/www.martinstrattner.de\/fotoblog\/wp-content\/uploads\/2014\/02\/Ochos_Rios-MartinStrattner-74.jpg 600w, http:\/\/www.martinstrattner.de\/fotoblog\/wp-content\/uploads\/2014\/02\/Ochos_Rios-MartinStrattner-74-288x216.jpg 288w, http:\/\/www.martinstrattner.de\/fotoblog\/wp-content\/uploads\/2014\/02\/Ochos_Rios-MartinStrattner-74-494x370.jpg 494w\" sizes=\"(max-width: 600px) 100vw, 600px\" \/><\/a><a style=\"font-size: 12px; line-height: 22px;\" href=\"http:\/\/www.martinstrattner.de\/fotoblog\/wp-content\/uploads\/2014\/02\/Ochos_Rios-MartinStrattner-75.jpg\"><img loading=\"lazy\" class=\" size-full wp-image-2642 aligncenter\" src=\"http:\/\/www.martinstrattner.de\/fotoblog\/wp-content\/uploads\/2014\/02\/Ochos_Rios-MartinStrattner-75.jpg\" alt=\"Ochos_Rios-MartinStrattner-75\" width=\"600\" height=\"800\" srcset=\"http:\/\/www.martinstrattner.de\/fotoblog\/wp-content\/uploads\/2014\/02\/Ochos_Rios-MartinStrattner-75.jpg 600w, http:\/\/www.martinstrattner.de\/fotoblog\/wp-content\/uploads\/2014\/02\/Ochos_Rios-MartinStrattner-75-216x288.jpg 216w, http:\/\/www.martinstrattner.de\/fotoblog\/wp-content\/uploads\/2014\/02\/Ochos_Rios-MartinStrattner-75-370x494.jpg 370w, http:\/\/www.martinstrattner.de\/fotoblog\/wp-content\/uploads\/2014\/02\/Ochos_Rios-MartinStrattner-75-450x600.jpg 450w\" sizes=\"(max-width: 600px) 100vw, 600px\" \/><\/a><a style=\"font-size: 12px; line-height: 22px;\" href=\"http:\/\/www.martinstrattner.de\/fotoblog\/wp-content\/uploads\/2014\/02\/Ochos_Rios-MartinStrattner-76.jpg\"><img loading=\"lazy\" class=\" size-full wp-image-2643 aligncenter\" src=\"http:\/\/www.martinstrattner.de\/fotoblog\/wp-content\/uploads\/2014\/02\/Ochos_Rios-MartinStrattner-76.jpg\" alt=\"Ochos_Rios-MartinStrattner-76\" width=\"600\" height=\"400\" srcset=\"http:\/\/www.martinstrattner.de\/fotoblog\/wp-content\/uploads\/2014\/02\/Ochos_Rios-MartinStrattner-76.jpg 600w, http:\/\/www.martinstrattner.de\/fotoblog\/wp-content\/uploads\/2014\/02\/Ochos_Rios-MartinStrattner-76-288x192.jpg 288w, http:\/\/www.martinstrattner.de\/fotoblog\/wp-content\/uploads\/2014\/02\/Ochos_Rios-MartinStrattner-76-494x329.jpg 494w\" sizes=\"(max-width: 600px) 100vw, 600px\" \/><\/a><a style=\"font-size: 12px; line-height: 22px;\" href=\"http:\/\/www.martinstrattner.de\/fotoblog\/wp-content\/uploads\/2014\/02\/Ochos_Rios-MartinStrattner-77.jpg\"><img loading=\"lazy\" class=\" size-full wp-image-2644 aligncenter\" src=\"http:\/\/www.martinstrattner.de\/fotoblog\/wp-content\/uploads\/2014\/02\/Ochos_Rios-MartinStrattner-77.jpg\" alt=\"Ochos_Rios-MartinStrattner-77\" width=\"600\" height=\"400\" srcset=\"http:\/\/www.martinstrattner.de\/fotoblog\/wp-content\/uploads\/2014\/02\/Ochos_Rios-MartinStrattner-77.jpg 600w, http:\/\/www.martinstrattner.de\/fotoblog\/wp-content\/uploads\/2014\/02\/Ochos_Rios-MartinStrattner-77-288x192.jpg 288w, http:\/\/www.martinstrattner.de\/fotoblog\/wp-content\/uploads\/2014\/02\/Ochos_Rios-MartinStrattner-77-494x329.jpg 494w\" sizes=\"(max-width: 600px) 100vw, 600px\" \/><\/a><a style=\"font-size: 12px; line-height: 22px;\" href=\"http:\/\/www.martinstrattner.de\/fotoblog\/wp-content\/uploads\/2014\/02\/Ochos_Rios-MartinStrattner-78.jpg\"><img loading=\"lazy\" class=\" size-full wp-image-2645 aligncenter\" src=\"http:\/\/www.martinstrattner.de\/fotoblog\/wp-content\/uploads\/2014\/02\/Ochos_Rios-MartinStrattner-78.jpg\" alt=\"Ochos_Rios-MartinStrattner-78\" width=\"600\" height=\"450\" srcset=\"http:\/\/www.martinstrattner.de\/fotoblog\/wp-content\/uploads\/2014\/02\/Ochos_Rios-MartinStrattner-78.jpg 600w, http:\/\/www.martinstrattner.de\/fotoblog\/wp-content\/uploads\/2014\/02\/Ochos_Rios-MartinStrattner-78-288x216.jpg 288w, http:\/\/www.martinstrattner.de\/fotoblog\/wp-content\/uploads\/2014\/02\/Ochos_Rios-MartinStrattner-78-494x370.jpg 494w\" sizes=\"(max-width: 600px) 100vw, 600px\" \/><\/a><a style=\"font-size: 12px; line-height: 22px;\" href=\"http:\/\/www.martinstrattner.de\/fotoblog\/wp-content\/uploads\/2014\/02\/Ochos_Rios-MartinStrattner-79.jpg\"><img loading=\"lazy\" class=\" size-full wp-image-2646 aligncenter\" src=\"http:\/\/www.martinstrattner.de\/fotoblog\/wp-content\/uploads\/2014\/02\/Ochos_Rios-MartinStrattner-79.jpg\" alt=\"Ochos_Rios-MartinStrattner-79\" width=\"600\" height=\"400\" srcset=\"http:\/\/www.martinstrattner.de\/fotoblog\/wp-content\/uploads\/2014\/02\/Ochos_Rios-MartinStrattner-79.jpg 600w, http:\/\/www.martinstrattner.de\/fotoblog\/wp-content\/uploads\/2014\/02\/Ochos_Rios-MartinStrattner-79-288x192.jpg 288w, http:\/\/www.martinstrattner.de\/fotoblog\/wp-content\/uploads\/2014\/02\/Ochos_Rios-MartinStrattner-79-494x329.jpg 494w\" sizes=\"(max-width: 600px) 100vw, 600px\" \/><\/a><a style=\"font-size: 12px; line-height: 22px;\" href=\"http:\/\/www.martinstrattner.de\/fotoblog\/wp-content\/uploads\/2014\/02\/Ochos_Rios-MartinStrattner-80.jpg\"><img loading=\"lazy\" class=\" size-full wp-image-2647 aligncenter\" src=\"http:\/\/www.martinstrattner.de\/fotoblog\/wp-content\/uploads\/2014\/02\/Ochos_Rios-MartinStrattner-80.jpg\" alt=\"Ochos_Rios-MartinStrattner-80\" width=\"600\" height=\"400\" srcset=\"http:\/\/www.martinstrattner.de\/fotoblog\/wp-content\/uploads\/2014\/02\/Ochos_Rios-MartinStrattner-80.jpg 600w, http:\/\/www.martinstrattner.de\/fotoblog\/wp-content\/uploads\/2014\/02\/Ochos_Rios-MartinStrattner-80-288x192.jpg 288w, http:\/\/www.martinstrattner.de\/fotoblog\/wp-content\/uploads\/2014\/02\/Ochos_Rios-MartinStrattner-80-494x329.jpg 494w\" sizes=\"(max-width: 600px) 100vw, 600px\" \/><\/a><a style=\"font-size: 12px; line-height: 22px;\" href=\"http:\/\/www.martinstrattner.de\/fotoblog\/wp-content\/uploads\/2014\/02\/Ochos_Rios-MartinStrattner-81.jpg\"><img loading=\"lazy\" class=\" size-full wp-image-2648 aligncenter\" src=\"http:\/\/www.martinstrattner.de\/fotoblog\/wp-content\/uploads\/2014\/02\/Ochos_Rios-MartinStrattner-81.jpg\" alt=\"Ochos_Rios-MartinStrattner-81\" width=\"600\" height=\"450\" srcset=\"http:\/\/www.martinstrattner.de\/fotoblog\/wp-content\/uploads\/2014\/02\/Ochos_Rios-MartinStrattner-81.jpg 600w, http:\/\/www.martinstrattner.de\/fotoblog\/wp-content\/uploads\/2014\/02\/Ochos_Rios-MartinStrattner-81-288x216.jpg 288w, http:\/\/www.martinstrattner.de\/fotoblog\/wp-content\/uploads\/2014\/02\/Ochos_Rios-MartinStrattner-81-494x370.jpg 494w\" sizes=\"(max-width: 600px) 100vw, 600px\" \/><\/a><a style=\"font-size: 12px; line-height: 22px;\" href=\"http:\/\/www.martinstrattner.de\/fotoblog\/wp-content\/uploads\/2014\/02\/Ochos_Rios-MartinStrattner-82.jpg\"><img loading=\"lazy\" class=\" size-full wp-image-2649 aligncenter\" src=\"http:\/\/www.martinstrattner.de\/fotoblog\/wp-content\/uploads\/2014\/02\/Ochos_Rios-MartinStrattner-82.jpg\" alt=\"Ochos_Rios-MartinStrattner-82\" width=\"600\" height=\"450\" srcset=\"http:\/\/www.martinstrattner.de\/fotoblog\/wp-content\/uploads\/2014\/02\/Ochos_Rios-MartinStrattner-82.jpg 600w, http:\/\/www.martinstrattner.de\/fotoblog\/wp-content\/uploads\/2014\/02\/Ochos_Rios-MartinStrattner-82-288x216.jpg 288w, http:\/\/www.martinstrattner.de\/fotoblog\/wp-content\/uploads\/2014\/02\/Ochos_Rios-MartinStrattner-82-494x370.jpg 494w\" sizes=\"(max-width: 600px) 100vw, 600px\" \/><\/a><a style=\"font-size: 12px; line-height: 22px;\" href=\"http:\/\/www.martinstrattner.de\/fotoblog\/wp-content\/uploads\/2014\/02\/Ochos_Rios-MartinStrattner-83.jpg\"><img loading=\"lazy\" class=\" size-full wp-image-2650 aligncenter\" src=\"http:\/\/www.martinstrattner.de\/fotoblog\/wp-content\/uploads\/2014\/02\/Ochos_Rios-MartinStrattner-83.jpg\" alt=\"Ochos_Rios-MartinStrattner-83\" width=\"600\" height=\"400\" srcset=\"http:\/\/www.martinstrattner.de\/fotoblog\/wp-content\/uploads\/2014\/02\/Ochos_Rios-MartinStrattner-83.jpg 600w, http:\/\/www.martinstrattner.de\/fotoblog\/wp-content\/uploads\/2014\/02\/Ochos_Rios-MartinStrattner-83-288x192.jpg 288w, http:\/\/www.martinstrattner.de\/fotoblog\/wp-content\/uploads\/2014\/02\/Ochos_Rios-MartinStrattner-83-494x329.jpg 494w\" sizes=\"(max-width: 600px) 100vw, 600px\" \/><\/a><a style=\"font-size: 12px; line-height: 22px;\" href=\"http:\/\/www.martinstrattner.de\/fotoblog\/wp-content\/uploads\/2014\/02\/Ochos_Rios-MartinStrattner-84.jpg\"><img loading=\"lazy\" class=\" size-full wp-image-2651 aligncenter\" src=\"http:\/\/www.martinstrattner.de\/fotoblog\/wp-content\/uploads\/2014\/02\/Ochos_Rios-MartinStrattner-84.jpg\" alt=\"Ochos_Rios-MartinStrattner-84\" width=\"600\" height=\"800\" srcset=\"http:\/\/www.martinstrattner.de\/fotoblog\/wp-content\/uploads\/2014\/02\/Ochos_Rios-MartinStrattner-84.jpg 600w, http:\/\/www.martinstrattner.de\/fotoblog\/wp-content\/uploads\/2014\/02\/Ochos_Rios-MartinStrattner-84-216x288.jpg 216w, http:\/\/www.martinstrattner.de\/fotoblog\/wp-content\/uploads\/2014\/02\/Ochos_Rios-MartinStrattner-84-370x494.jpg 370w, http:\/\/www.martinstrattner.de\/fotoblog\/wp-content\/uploads\/2014\/02\/Ochos_Rios-MartinStrattner-84-450x600.jpg 450w\" sizes=\"(max-width: 600px) 100vw, 600px\" \/><\/a><a style=\"font-size: 12px; line-height: 22px;\" href=\"http:\/\/www.martinstrattner.de\/fotoblog\/wp-content\/uploads\/2014\/02\/Ochos_Rios-MartinStrattner-85.jpg\"><img loading=\"lazy\" class=\" size-full wp-image-2652 aligncenter\" src=\"http:\/\/www.martinstrattner.de\/fotoblog\/wp-content\/uploads\/2014\/02\/Ochos_Rios-MartinStrattner-85.jpg\" alt=\"Ochos_Rios-MartinStrattner-85\" width=\"600\" height=\"450\" srcset=\"http:\/\/www.martinstrattner.de\/fotoblog\/wp-content\/uploads\/2014\/02\/Ochos_Rios-MartinStrattner-85.jpg 600w, http:\/\/www.martinstrattner.de\/fotoblog\/wp-content\/uploads\/2014\/02\/Ochos_Rios-MartinStrattner-85-288x216.jpg 288w, http:\/\/www.martinstrattner.de\/fotoblog\/wp-content\/uploads\/2014\/02\/Ochos_Rios-MartinStrattner-85-494x370.jpg 494w\" sizes=\"(max-width: 600px) 100vw, 600px\" \/><\/a><a style=\"font-size: 12px; line-height: 22px;\" href=\"http:\/\/www.martinstrattner.de\/fotoblog\/wp-content\/uploads\/2014\/02\/Ochos_Rios-MartinStrattner-86.jpg\"><img loading=\"lazy\" class=\" size-full wp-image-2653 aligncenter\" src=\"http:\/\/www.martinstrattner.de\/fotoblog\/wp-content\/uploads\/2014\/02\/Ochos_Rios-MartinStrattner-86.jpg\" alt=\"Ochos_Rios-MartinStrattner-86\" width=\"600\" height=\"400\" srcset=\"http:\/\/www.martinstrattner.de\/fotoblog\/wp-content\/uploads\/2014\/02\/Ochos_Rios-MartinStrattner-86.jpg 600w, http:\/\/www.martinstrattner.de\/fotoblog\/wp-content\/uploads\/2014\/02\/Ochos_Rios-MartinStrattner-86-288x192.jpg 288w, http:\/\/www.martinstrattner.de\/fotoblog\/wp-content\/uploads\/2014\/02\/Ochos_Rios-MartinStrattner-86-494x329.jpg 494w\" sizes=\"(max-width: 600px) 100vw, 600px\" \/><\/a><a style=\"font-size: 12px; line-height: 22px;\" href=\"http:\/\/www.martinstrattner.de\/fotoblog\/wp-content\/uploads\/2014\/02\/Ochos_Rios-MartinStrattner-88.jpg\"><img loading=\"lazy\" class=\" size-full wp-image-2655 aligncenter\" src=\"http:\/\/www.martinstrattner.de\/fotoblog\/wp-content\/uploads\/2014\/02\/Ochos_Rios-MartinStrattner-88.jpg\" alt=\"Ochos_Rios-MartinStrattner-88\" width=\"600\" height=\"450\" srcset=\"http:\/\/www.martinstrattner.de\/fotoblog\/wp-content\/uploads\/2014\/02\/Ochos_Rios-MartinStrattner-88.jpg 600w, http:\/\/www.martinstrattner.de\/fotoblog\/wp-content\/uploads\/2014\/02\/Ochos_Rios-MartinStrattner-88-288x216.jpg 288w, http:\/\/www.martinstrattner.de\/fotoblog\/wp-content\/uploads\/2014\/02\/Ochos_Rios-MartinStrattner-88-494x370.jpg 494w\" sizes=\"(max-width: 600px) 100vw, 600px\" \/><\/a><a style=\"font-size: 12px; line-height: 22px;\" href=\"http:\/\/www.martinstrattner.de\/fotoblog\/wp-content\/uploads\/2014\/02\/Ochos_Rios-MartinStrattner-89.jpg\"><img loading=\"lazy\" class=\" size-full wp-image-2656 aligncenter\" src=\"http:\/\/www.martinstrattner.de\/fotoblog\/wp-content\/uploads\/2014\/02\/Ochos_Rios-MartinStrattner-89.jpg\" alt=\"Ochos_Rios-MartinStrattner-89\" width=\"600\" height=\"400\" srcset=\"http:\/\/www.martinstrattner.de\/fotoblog\/wp-content\/uploads\/2014\/02\/Ochos_Rios-MartinStrattner-89.jpg 600w, http:\/\/www.martinstrattner.de\/fotoblog\/wp-content\/uploads\/2014\/02\/Ochos_Rios-MartinStrattner-89-288x192.jpg 288w, http:\/\/www.martinstrattner.de\/fotoblog\/wp-content\/uploads\/2014\/02\/Ochos_Rios-MartinStrattner-89-494x329.jpg 494w\" sizes=\"(max-width: 600px) 100vw, 600px\" \/><\/a><a style=\"font-size: 12px; line-height: 22px;\" href=\"http:\/\/www.martinstrattner.de\/fotoblog\/wp-content\/uploads\/2014\/02\/Ochos_Rios-MartinStrattner-87.jpg\"><img loading=\"lazy\" class=\" aligncenter\" src=\"http:\/\/www.martinstrattner.de\/fotoblog\/wp-content\/uploads\/2014\/02\/Ochos_Rios-MartinStrattner-87.jpg\" alt=\"Ochos_Rios-MartinStrattner-87\" width=\"600\" height=\"450\" \/><\/a><a style=\"font-size: 12px; line-height: 22px;\" href=\"http:\/\/www.martinstrattner.de\/fotoblog\/wp-content\/uploads\/2014\/02\/Ochos_Rios-MartinStrattner-90.jpg\"><img loading=\"lazy\" class=\" size-full wp-image-2657 aligncenter\" src=\"http:\/\/www.martinstrattner.de\/fotoblog\/wp-content\/uploads\/2014\/02\/Ochos_Rios-MartinStrattner-90.jpg\" alt=\"Ochos_Rios-MartinStrattner-90\" width=\"600\" height=\"600\" srcset=\"http:\/\/www.martinstrattner.de\/fotoblog\/wp-content\/uploads\/2014\/02\/Ochos_Rios-MartinStrattner-90.jpg 600w, http:\/\/www.martinstrattner.de\/fotoblog\/wp-content\/uploads\/2014\/02\/Ochos_Rios-MartinStrattner-90-188x188.jpg 188w, http:\/\/www.martinstrattner.de\/fotoblog\/wp-content\/uploads\/2014\/02\/Ochos_Rios-MartinStrattner-90-288x288.jpg 288w, http:\/\/www.martinstrattner.de\/fotoblog\/wp-content\/uploads\/2014\/02\/Ochos_Rios-MartinStrattner-90-494x494.jpg 494w, http:\/\/www.martinstrattner.de\/fotoblog\/wp-content\/uploads\/2014\/02\/Ochos_Rios-MartinStrattner-90-88x88.jpg 88w\" sizes=\"(max-width: 600px) 100vw, 600px\" \/><\/a><a style=\"font-size: 12px; line-height: 22px;\" href=\"http:\/\/www.martinstrattner.de\/fotoblog\/wp-content\/uploads\/2014\/02\/Ochos_Rios-MartinStrattner-91.jpg\"><img loading=\"lazy\" class=\" size-full wp-image-2658 aligncenter\" src=\"http:\/\/www.martinstrattner.de\/fotoblog\/wp-content\/uploads\/2014\/02\/Ochos_Rios-MartinStrattner-91.jpg\" alt=\"Ochos_Rios-MartinStrattner-91\" width=\"600\" height=\"400\" srcset=\"http:\/\/www.martinstrattner.de\/fotoblog\/wp-content\/uploads\/2014\/02\/Ochos_Rios-MartinStrattner-91.jpg 600w, http:\/\/www.martinstrattner.de\/fotoblog\/wp-content\/uploads\/2014\/02\/Ochos_Rios-MartinStrattner-91-288x192.jpg 288w, http:\/\/www.martinstrattner.de\/fotoblog\/wp-content\/uploads\/2014\/02\/Ochos_Rios-MartinStrattner-91-494x329.jpg 494w\" sizes=\"(max-width: 600px) 100vw, 600px\" \/><\/a><a style=\"font-size: 12px; line-height: 22px;\" href=\"http:\/\/www.martinstrattner.de\/fotoblog\/wp-content\/uploads\/2014\/02\/Ochos_Rios-MartinStrattner-92.jpg\"><img loading=\"lazy\" class=\" size-full wp-image-2659 aligncenter\" src=\"http:\/\/www.martinstrattner.de\/fotoblog\/wp-content\/uploads\/2014\/02\/Ochos_Rios-MartinStrattner-92.jpg\" alt=\"Ochos_Rios-MartinStrattner-92\" width=\"600\" height=\"400\" srcset=\"http:\/\/www.martinstrattner.de\/fotoblog\/wp-content\/uploads\/2014\/02\/Ochos_Rios-MartinStrattner-92.jpg 600w, http:\/\/www.martinstrattner.de\/fotoblog\/wp-content\/uploads\/2014\/02\/Ochos_Rios-MartinStrattner-92-288x192.jpg 288w, http:\/\/www.martinstrattner.de\/fotoblog\/wp-content\/uploads\/2014\/02\/Ochos_Rios-MartinStrattner-92-494x329.jpg 494w\" sizes=\"(max-width: 600px) 100vw, 600px\" \/><\/a><a style=\"font-size: 12px; line-height: 22px;\" href=\"http:\/\/www.martinstrattner.de\/fotoblog\/wp-content\/uploads\/2014\/02\/Ochos_Rios-MartinStrattner-96.jpg\"><img loading=\"lazy\" class=\" size-full wp-image-2663 aligncenter\" src=\"http:\/\/www.martinstrattner.de\/fotoblog\/wp-content\/uploads\/2014\/02\/Ochos_Rios-MartinStrattner-96.jpg\" alt=\"Ochos_Rios-MartinStrattner-96\" width=\"600\" height=\"450\" srcset=\"http:\/\/www.martinstrattner.de\/fotoblog\/wp-content\/uploads\/2014\/02\/Ochos_Rios-MartinStrattner-96.jpg 600w, http:\/\/www.martinstrattner.de\/fotoblog\/wp-content\/uploads\/2014\/02\/Ochos_Rios-MartinStrattner-96-288x216.jpg 288w, http:\/\/www.martinstrattner.de\/fotoblog\/wp-content\/uploads\/2014\/02\/Ochos_Rios-MartinStrattner-96-494x370.jpg 494w\" sizes=\"(max-width: 600px) 100vw, 600px\" \/><\/a><a href=\"http:\/\/www.martinstrattner.de\/fotoblog\/wp-content\/uploads\/2014\/02\/Ochos_Rios-MartinStrattner-95.jpg\"><img loading=\"lazy\" class=\"aligncenter\" src=\"http:\/\/www.martinstrattner.de\/fotoblog\/wp-content\/uploads\/2014\/02\/Ochos_Rios-MartinStrattner-95.jpg\" alt=\"Ochos_Rios-MartinStrattner-95\" width=\"600\" height=\"450\" \/><\/a><\/p>\n\n<!-- Facebook Like Button v1.9.6 BEGIN [http:\/\/blog.bottomlessinc.com] -->\n<fb:like href=\"http:\/\/www.martinstrattner.de\/fotoblog\/2014\/02\/ochos-rios-karibik\/\" layout=\"button_count\" show_faces=\"false\" width=\"450\" action=\"like\" colorscheme=\"light\"><\/fb:like>\n<!-- Facebook Like Button END -->\n<\/div><\/div>","protected":false},"excerpt":{"rendered":"<p>Der erste Tag der Kreuzfahrt ist ein Tag auf See. Was gut ist, weil ich so genug Gelegenheit habe die Umgebung \u2014 also das Schiff\u00a0\u2014 zu erkunden. Ich mag es \u00fcberhaupt nicht wenn ich mich wo nicht auskenne, aber jeden Winkel kennen m\u00f6chte weil er spannend sein k\u00f6nnte. Mir noch unbekannte Freizeitparks sind das Schlimmste. [&hellip;]<\/p>\n","protected":false},"author":1,"featured_media":2665,"comment_status":"open","ping_status":"open","sticky":false,"template":"","format":"standard","meta":{"spay_email":"","jetpack_publicize_message":""},"categories":[13,11,6,12,7],"tags":[],"jetpack_featured_media_url":"http:\/\/www.martinstrattner.de\/fotoblog\/wp-content\/uploads\/2014\/02\/Titel-Ochos_Rios-MartinStrattner.jpg","jetpack_publicize_connections":[],"jetpack_shortlink":"https:\/\/wp.me\/p2qpVl-Fu","jetpack_sharing_enabled":true,"jetpack-related-posts":[],"_links":{"self":[{"href":"http:\/\/www.martinstrattner.de\/fotoblog\/wp-json\/wp\/v2\/posts\/2572"}],"collection":[{"href":"http:\/\/www.martinstrattner.de\/fotoblog\/wp-json\/wp\/v2\/posts"}],"about":[{"href":"http:\/\/www.martinstrattner.de\/fotoblog\/wp-json\/wp\/v2\/types\/post"}],"author":[{"embeddable":true,"href":"http:\/\/www.martinstrattner.de\/fotoblog\/wp-json\/wp\/v2\/users\/1"}],"replies":[{"embeddable":true,"href":"http:\/\/www.martinstrattner.de\/fotoblog\/wp-json\/wp\/v2\/comments?post=2572"}],"version-history":[{"count":9,"href":"http:\/\/www.martinstrattner.de\/fotoblog\/wp-json\/wp\/v2\/posts\/2572\/revisions"}],"predecessor-version":[{"id":6748,"href":"http:\/\/www.martinstrattner.de\/fotoblog\/wp-json\/wp\/v2\/posts\/2572\/revisions\/6748"}],"wp:featuredmedia":[{"embeddable":true,"href":"http:\/\/www.martinstrattner.de\/fotoblog\/wp-json\/wp\/v2\/media\/2665"}],"wp:attachment":[{"href":"http:\/\/www.martinstrattner.de\/fotoblog\/wp-json\/wp\/v2\/media?parent=2572"}],"wp:term":[{"taxonomy":"category","embeddable":true,"href":"http:\/\/www.martinstrattner.de\/fotoblog\/wp-json\/wp\/v2\/categories?post=2572"},{"taxonomy":"post_tag","embeddable":true,"href":"http:\/\/www.martinstrattner.de\/fotoblog\/wp-json\/wp\/v2\/tags?post=2572"}],"curies":[{"name":"wp","href":"https:\/\/api.w.org\/{rel}","templated":true}]}}