{"id":2524,"date":"2013-11-07T21:48:59","date_gmt":"2013-11-07T20:48:59","guid":{"rendered":"http:\/\/www.martinstrattner.de\/fotoblog\/?p=2524"},"modified":"2015-03-29T00:48:21","modified_gmt":"2015-03-28T23:48:21","slug":"wanderung-um-jenesien-2","status":"publish","type":"post","link":"http:\/\/www.martinstrattner.de\/fotoblog\/2013\/11\/wanderung-um-jenesien-2\/","title":{"rendered":"Wanderung um (Jenesien)"},"content":{"rendered":"<div id=\"dslc-theme-content\"><div id=\"dslc-theme-content-inner\"><p style=\"text-align: center;\">Ein Wochenende mit der Familie in S\u00fcdtirol. Zum Essen, Saunieren und Wandern. In dieser Reihenfolge. An diesem Tag war Wandern geplant. Und das Wetter war eher mittel. Was toll ist, wenn es den Tag zuvor und danach schlecht ist. Perspektive.<br \/>\nDas war auch ein kleines Experiment hier. Die Bilder sind n\u00e4mlich ausschlie\u00dflich mit dem iPhone gemacht. Die X10 durfte diesmal in der Tasche bleiben.<\/p>\n<p style=\"text-align: center;\"><a href=\"http:\/\/www.martinstrattner.de\/fotoblog\/wp-content\/uploads\/2013\/11\/Wanderung_von_Jenesien-MartinStrattner-01.jpg\"><img loading=\"lazy\" id=\"blogsy-1383857569695.8008\" class=\"alignnone size-full wp-image-2480\" src=\"http:\/\/www.martinstrattner.de\/fotoblog\/wp-content\/uploads\/2013\/11\/Wanderung_von_Jenesien-MartinStrattner-01.jpg\" alt=\"Wanderung_von_Jenesien-MartinStrattner-01\" width=\"600\" height=\"800\" srcset=\"http:\/\/www.martinstrattner.de\/fotoblog\/wp-content\/uploads\/2013\/11\/Wanderung_von_Jenesien-MartinStrattner-01.jpg 600w, http:\/\/www.martinstrattner.de\/fotoblog\/wp-content\/uploads\/2013\/11\/Wanderung_von_Jenesien-MartinStrattner-01-216x288.jpg 216w, http:\/\/www.martinstrattner.de\/fotoblog\/wp-content\/uploads\/2013\/11\/Wanderung_von_Jenesien-MartinStrattner-01-370x494.jpg 370w, http:\/\/www.martinstrattner.de\/fotoblog\/wp-content\/uploads\/2013\/11\/Wanderung_von_Jenesien-MartinStrattner-01-450x600.jpg 450w\" sizes=\"(max-width: 600px) 100vw, 600px\" \/><\/a> <a href=\"http:\/\/www.martinstrattner.de\/fotoblog\/wp-content\/uploads\/2013\/11\/Wanderung_von_Jenesien-MartinStrattner-03.jpg\"><img loading=\"lazy\" id=\"blogsy-1383857569749.792\" class=\"alignnone size-full wp-image-2482\" src=\"http:\/\/www.martinstrattner.de\/fotoblog\/wp-content\/uploads\/2013\/11\/Wanderung_von_Jenesien-MartinStrattner-03.jpg\" alt=\"Wanderung_von_Jenesien-MartinStrattner-03\" width=\"600\" height=\"800\" srcset=\"http:\/\/www.martinstrattner.de\/fotoblog\/wp-content\/uploads\/2013\/11\/Wanderung_von_Jenesien-MartinStrattner-03.jpg 600w, http:\/\/www.martinstrattner.de\/fotoblog\/wp-content\/uploads\/2013\/11\/Wanderung_von_Jenesien-MartinStrattner-03-216x288.jpg 216w, http:\/\/www.martinstrattner.de\/fotoblog\/wp-content\/uploads\/2013\/11\/Wanderung_von_Jenesien-MartinStrattner-03-370x494.jpg 370w, http:\/\/www.martinstrattner.de\/fotoblog\/wp-content\/uploads\/2013\/11\/Wanderung_von_Jenesien-MartinStrattner-03-450x600.jpg 450w\" sizes=\"(max-width: 600px) 100vw, 600px\" \/><\/a> <a href=\"http:\/\/www.martinstrattner.de\/fotoblog\/wp-content\/uploads\/2013\/11\/Wanderung_von_Jenesien-MartinStrattner-06.jpg\"><img loading=\"lazy\" id=\"blogsy-1383857569688.786\" class=\"alignnone size-full wp-image-2485\" src=\"http:\/\/www.martinstrattner.de\/fotoblog\/wp-content\/uploads\/2013\/11\/Wanderung_von_Jenesien-MartinStrattner-06.jpg\" alt=\"Wanderung_von_Jenesien-MartinStrattner-06\" width=\"600\" height=\"450\" srcset=\"http:\/\/www.martinstrattner.de\/fotoblog\/wp-content\/uploads\/2013\/11\/Wanderung_von_Jenesien-MartinStrattner-06.jpg 600w, http:\/\/www.martinstrattner.de\/fotoblog\/wp-content\/uploads\/2013\/11\/Wanderung_von_Jenesien-MartinStrattner-06-288x216.jpg 288w, http:\/\/www.martinstrattner.de\/fotoblog\/wp-content\/uploads\/2013\/11\/Wanderung_von_Jenesien-MartinStrattner-06-494x370.jpg 494w\" sizes=\"(max-width: 600px) 100vw, 600px\" \/><\/a> <a href=\"http:\/\/www.martinstrattner.de\/fotoblog\/wp-content\/uploads\/2013\/11\/Wanderung_von_Jenesien-MartinStrattner-07.jpg\"><img loading=\"lazy\" id=\"blogsy-1383857569696.93\" class=\"alignnone size-full wp-image-2486\" src=\"http:\/\/www.martinstrattner.de\/fotoblog\/wp-content\/uploads\/2013\/11\/Wanderung_von_Jenesien-MartinStrattner-07.jpg\" alt=\"Wanderung_von_Jenesien-MartinStrattner-07\" width=\"600\" height=\"450\" srcset=\"http:\/\/www.martinstrattner.de\/fotoblog\/wp-content\/uploads\/2013\/11\/Wanderung_von_Jenesien-MartinStrattner-07.jpg 600w, http:\/\/www.martinstrattner.de\/fotoblog\/wp-content\/uploads\/2013\/11\/Wanderung_von_Jenesien-MartinStrattner-07-288x216.jpg 288w, http:\/\/www.martinstrattner.de\/fotoblog\/wp-content\/uploads\/2013\/11\/Wanderung_von_Jenesien-MartinStrattner-07-494x370.jpg 494w\" sizes=\"(max-width: 600px) 100vw, 600px\" \/><\/a> <a href=\"http:\/\/www.martinstrattner.de\/fotoblog\/wp-content\/uploads\/2013\/11\/Wanderung_von_Jenesien-MartinStrattner-08.jpg\"><img loading=\"lazy\" id=\"blogsy-1383857569677.5803\" class=\"alignnone size-full wp-image-2487\" src=\"http:\/\/www.martinstrattner.de\/fotoblog\/wp-content\/uploads\/2013\/11\/Wanderung_von_Jenesien-MartinStrattner-08.jpg\" alt=\"Wanderung_von_Jenesien-MartinStrattner-08\" width=\"600\" height=\"800\" srcset=\"http:\/\/www.martinstrattner.de\/fotoblog\/wp-content\/uploads\/2013\/11\/Wanderung_von_Jenesien-MartinStrattner-08.jpg 600w, http:\/\/www.martinstrattner.de\/fotoblog\/wp-content\/uploads\/2013\/11\/Wanderung_von_Jenesien-MartinStrattner-08-216x288.jpg 216w, http:\/\/www.martinstrattner.de\/fotoblog\/wp-content\/uploads\/2013\/11\/Wanderung_von_Jenesien-MartinStrattner-08-370x494.jpg 370w, http:\/\/www.martinstrattner.de\/fotoblog\/wp-content\/uploads\/2013\/11\/Wanderung_von_Jenesien-MartinStrattner-08-450x600.jpg 450w\" sizes=\"(max-width: 600px) 100vw, 600px\" \/><\/a> <a href=\"http:\/\/www.martinstrattner.de\/fotoblog\/wp-content\/uploads\/2013\/11\/Wanderung_von_Jenesien-MartinStrattner-09.jpg\"><img loading=\"lazy\" id=\"blogsy-1383857569754.7495\" class=\"alignnone size-full wp-image-2488\" src=\"http:\/\/www.martinstrattner.de\/fotoblog\/wp-content\/uploads\/2013\/11\/Wanderung_von_Jenesien-MartinStrattner-09.jpg\" alt=\"Wanderung_von_Jenesien-MartinStrattner-09\" width=\"600\" height=\"450\" srcset=\"http:\/\/www.martinstrattner.de\/fotoblog\/wp-content\/uploads\/2013\/11\/Wanderung_von_Jenesien-MartinStrattner-09.jpg 600w, http:\/\/www.martinstrattner.de\/fotoblog\/wp-content\/uploads\/2013\/11\/Wanderung_von_Jenesien-MartinStrattner-09-288x216.jpg 288w, http:\/\/www.martinstrattner.de\/fotoblog\/wp-content\/uploads\/2013\/11\/Wanderung_von_Jenesien-MartinStrattner-09-494x370.jpg 494w\" sizes=\"(max-width: 600px) 100vw, 600px\" \/><\/a><\/p>\n<p style=\"text-align: center;\"><a href=\"http:\/\/www.martinstrattner.de\/fotoblog\/wp-content\/uploads\/2013\/11\/Wanderung_von_Jenesien-MartinStrattner-10.jpg\"><img loading=\"lazy\" id=\"blogsy-1383857569743.187\" class=\"alignnone size-full wp-image-2489\" src=\"http:\/\/www.martinstrattner.de\/fotoblog\/wp-content\/uploads\/2013\/11\/Wanderung_von_Jenesien-MartinStrattner-10.jpg\" alt=\"Wanderung_von_Jenesien-MartinStrattner-10\" width=\"600\" height=\"800\" srcset=\"http:\/\/www.martinstrattner.de\/fotoblog\/wp-content\/uploads\/2013\/11\/Wanderung_von_Jenesien-MartinStrattner-10.jpg 600w, http:\/\/www.martinstrattner.de\/fotoblog\/wp-content\/uploads\/2013\/11\/Wanderung_von_Jenesien-MartinStrattner-10-216x288.jpg 216w, http:\/\/www.martinstrattner.de\/fotoblog\/wp-content\/uploads\/2013\/11\/Wanderung_von_Jenesien-MartinStrattner-10-370x494.jpg 370w, http:\/\/www.martinstrattner.de\/fotoblog\/wp-content\/uploads\/2013\/11\/Wanderung_von_Jenesien-MartinStrattner-10-450x600.jpg 450w\" sizes=\"(max-width: 600px) 100vw, 600px\" \/><\/a> <a href=\"http:\/\/www.martinstrattner.de\/fotoblog\/wp-content\/uploads\/2013\/11\/Wanderung_von_Jenesien-MartinStrattner-11.jpg\"><img loading=\"lazy\" id=\"blogsy-1383857569716.2656\" class=\"alignnone size-full wp-image-2490\" src=\"http:\/\/www.martinstrattner.de\/fotoblog\/wp-content\/uploads\/2013\/11\/Wanderung_von_Jenesien-MartinStrattner-11.jpg\" alt=\"Wanderung_von_Jenesien-MartinStrattner-11\" width=\"600\" height=\"450\" srcset=\"http:\/\/www.martinstrattner.de\/fotoblog\/wp-content\/uploads\/2013\/11\/Wanderung_von_Jenesien-MartinStrattner-11.jpg 600w, http:\/\/www.martinstrattner.de\/fotoblog\/wp-content\/uploads\/2013\/11\/Wanderung_von_Jenesien-MartinStrattner-11-288x216.jpg 288w, http:\/\/www.martinstrattner.de\/fotoblog\/wp-content\/uploads\/2013\/11\/Wanderung_von_Jenesien-MartinStrattner-11-494x370.jpg 494w\" sizes=\"(max-width: 600px) 100vw, 600px\" \/><\/a> <a href=\"http:\/\/www.martinstrattner.de\/fotoblog\/wp-content\/uploads\/2013\/11\/Wanderung_von_Jenesien-MartinStrattner-12.jpg\"><img loading=\"lazy\" id=\"blogsy-1383857569768.5823\" class=\"alignnone size-full wp-image-2491\" src=\"http:\/\/www.martinstrattner.de\/fotoblog\/wp-content\/uploads\/2013\/11\/Wanderung_von_Jenesien-MartinStrattner-12.jpg\" alt=\"Wanderung_von_Jenesien-MartinStrattner-12\" width=\"600\" height=\"450\" srcset=\"http:\/\/www.martinstrattner.de\/fotoblog\/wp-content\/uploads\/2013\/11\/Wanderung_von_Jenesien-MartinStrattner-12.jpg 600w, http:\/\/www.martinstrattner.de\/fotoblog\/wp-content\/uploads\/2013\/11\/Wanderung_von_Jenesien-MartinStrattner-12-288x216.jpg 288w, http:\/\/www.martinstrattner.de\/fotoblog\/wp-content\/uploads\/2013\/11\/Wanderung_von_Jenesien-MartinStrattner-12-494x370.jpg 494w\" sizes=\"(max-width: 600px) 100vw, 600px\" \/><\/a> <a href=\"http:\/\/www.martinstrattner.de\/fotoblog\/wp-content\/uploads\/2013\/11\/Wanderung_von_Jenesien-MartinStrattner-13.jpg\"><img loading=\"lazy\" id=\"blogsy-1383857569761.91\" class=\"alignnone size-full wp-image-2492\" src=\"http:\/\/www.martinstrattner.de\/fotoblog\/wp-content\/uploads\/2013\/11\/Wanderung_von_Jenesien-MartinStrattner-13.jpg\" alt=\"Wanderung_von_Jenesien-MartinStrattner-13\" width=\"600\" height=\"450\" srcset=\"http:\/\/www.martinstrattner.de\/fotoblog\/wp-content\/uploads\/2013\/11\/Wanderung_von_Jenesien-MartinStrattner-13.jpg 600w, http:\/\/www.martinstrattner.de\/fotoblog\/wp-content\/uploads\/2013\/11\/Wanderung_von_Jenesien-MartinStrattner-13-288x216.jpg 288w, http:\/\/www.martinstrattner.de\/fotoblog\/wp-content\/uploads\/2013\/11\/Wanderung_von_Jenesien-MartinStrattner-13-494x370.jpg 494w\" sizes=\"(max-width: 600px) 100vw, 600px\" \/><\/a> <a href=\"http:\/\/www.martinstrattner.de\/fotoblog\/wp-content\/uploads\/2013\/11\/Wanderung_von_Jenesien-MartinStrattner-14.jpg\"><img loading=\"lazy\" id=\"blogsy-1383857569724.5464\" class=\"alignnone size-full wp-image-2493\" src=\"http:\/\/www.martinstrattner.de\/fotoblog\/wp-content\/uploads\/2013\/11\/Wanderung_von_Jenesien-MartinStrattner-14.jpg\" alt=\"Wanderung_von_Jenesien-MartinStrattner-14\" width=\"600\" height=\"800\" srcset=\"http:\/\/www.martinstrattner.de\/fotoblog\/wp-content\/uploads\/2013\/11\/Wanderung_von_Jenesien-MartinStrattner-14.jpg 600w, http:\/\/www.martinstrattner.de\/fotoblog\/wp-content\/uploads\/2013\/11\/Wanderung_von_Jenesien-MartinStrattner-14-216x288.jpg 216w, http:\/\/www.martinstrattner.de\/fotoblog\/wp-content\/uploads\/2013\/11\/Wanderung_von_Jenesien-MartinStrattner-14-370x494.jpg 370w, http:\/\/www.martinstrattner.de\/fotoblog\/wp-content\/uploads\/2013\/11\/Wanderung_von_Jenesien-MartinStrattner-14-450x600.jpg 450w\" sizes=\"(max-width: 600px) 100vw, 600px\" \/><\/a><\/p>\n<p style=\"text-align: center;\">Irgendwann f\u00fchrte uns der Weg \u00fcber eine Pferdeweide. Dr\u00fcber \u00fcber den elektrischen Zaun. Im Nebel weit hinten die Pferde. Man glaubte mir nicht, dass Pferde &#8222;reine Angriffstiere&#8220; sind. Trotzdem ein wenig Verunsicherung. Wir gehen nah am Zaun.<\/p>\n<p style=\"text-align: center;\"><a href=\"http:\/\/www.martinstrattner.de\/fotoblog\/wp-content\/uploads\/2013\/11\/Wanderung_von_Jenesien-MartinStrattner-18.jpg\"><img loading=\"lazy\" id=\"blogsy-1383857569760.556\" class=\"alignnone size-full wp-image-2497\" src=\"http:\/\/www.martinstrattner.de\/fotoblog\/wp-content\/uploads\/2013\/11\/Wanderung_von_Jenesien-MartinStrattner-18.jpg\" alt=\"Wanderung_von_Jenesien-MartinStrattner-18\" width=\"600\" height=\"450\" srcset=\"http:\/\/www.martinstrattner.de\/fotoblog\/wp-content\/uploads\/2013\/11\/Wanderung_von_Jenesien-MartinStrattner-18.jpg 600w, http:\/\/www.martinstrattner.de\/fotoblog\/wp-content\/uploads\/2013\/11\/Wanderung_von_Jenesien-MartinStrattner-18-288x216.jpg 288w, http:\/\/www.martinstrattner.de\/fotoblog\/wp-content\/uploads\/2013\/11\/Wanderung_von_Jenesien-MartinStrattner-18-494x370.jpg 494w\" sizes=\"(max-width: 600px) 100vw, 600px\" \/><\/a> <a href=\"http:\/\/www.martinstrattner.de\/fotoblog\/wp-content\/uploads\/2013\/11\/Wanderung_von_Jenesien-MartinStrattner-19.jpg\"><img loading=\"lazy\" id=\"blogsy-1383857569682.3496\" class=\"alignnone size-full wp-image-2498\" src=\"http:\/\/www.martinstrattner.de\/fotoblog\/wp-content\/uploads\/2013\/11\/Wanderung_von_Jenesien-MartinStrattner-19.jpg\" alt=\"Wanderung_von_Jenesien-MartinStrattner-19\" width=\"600\" height=\"450\" srcset=\"http:\/\/www.martinstrattner.de\/fotoblog\/wp-content\/uploads\/2013\/11\/Wanderung_von_Jenesien-MartinStrattner-19.jpg 600w, http:\/\/www.martinstrattner.de\/fotoblog\/wp-content\/uploads\/2013\/11\/Wanderung_von_Jenesien-MartinStrattner-19-288x216.jpg 288w, http:\/\/www.martinstrattner.de\/fotoblog\/wp-content\/uploads\/2013\/11\/Wanderung_von_Jenesien-MartinStrattner-19-494x370.jpg 494w\" sizes=\"(max-width: 600px) 100vw, 600px\" \/><\/a> <a href=\"http:\/\/www.martinstrattner.de\/fotoblog\/wp-content\/uploads\/2013\/11\/Wanderung_von_Jenesien-MartinStrattner-20.jpg\"><img loading=\"lazy\" id=\"blogsy-1383857569736.5466\" class=\"alignnone size-full wp-image-2499\" src=\"http:\/\/www.martinstrattner.de\/fotoblog\/wp-content\/uploads\/2013\/11\/Wanderung_von_Jenesien-MartinStrattner-20.jpg\" alt=\"Wanderung_von_Jenesien-MartinStrattner-20\" width=\"600\" height=\"450\" srcset=\"http:\/\/www.martinstrattner.de\/fotoblog\/wp-content\/uploads\/2013\/11\/Wanderung_von_Jenesien-MartinStrattner-20.jpg 600w, http:\/\/www.martinstrattner.de\/fotoblog\/wp-content\/uploads\/2013\/11\/Wanderung_von_Jenesien-MartinStrattner-20-288x216.jpg 288w, http:\/\/www.martinstrattner.de\/fotoblog\/wp-content\/uploads\/2013\/11\/Wanderung_von_Jenesien-MartinStrattner-20-494x370.jpg 494w\" sizes=\"(max-width: 600px) 100vw, 600px\" \/><\/a><\/p>\n<p style=\"text-align: center;\">Eines der bis dahin uninteressierten Gro\u00dftiere hatte dann pl\u00f6tzlich doch gro\u00dfes Interesse. Und zuerst sah es aus, als h\u00e4tte es meinen Spa\u00df zu ihrem aggressiven Angriffsverhalten geh\u00f6rt, und wolle mir jetzt aber mal richtig zeigen wer hier das Sagen hat. Oder wie mein Bruder sagte: &#8222;Wichtig ist, dass du zuerst boxt, bevor es selbst was machen kann&#8220; :)<\/p>\n<p style=\"text-align: center;\">Aber dann, gro\u00dfes Streicheln und Freude.<\/p>\n<p style=\"text-align: center;\"><iframe loading=\"lazy\" src=\"\/\/player.vimeo.com\/video\/78482401\" width=\"600\" height=\"337\" frameborder=\"0\" allowfullscreen=\"allowfullscreen\"><\/iframe><\/p>\n<p style=\"text-align: center;\">\n<p style=\"text-align: center;\">Ja ich wei\u00df, dass das Video sehr cheesy ist. Das muss so sein, ihr b\u00f6sen Menschen ;)<\/p>\n<p style=\"text-align: center;\"><a href=\"http:\/\/www.martinstrattner.de\/fotoblog\/wp-content\/uploads\/2013\/11\/Wanderung_von_Jenesien-MartinStrattner-21.jpg\"><img loading=\"lazy\" id=\"blogsy-1383857569777.574\" class=\"alignnone size-full wp-image-2500\" src=\"http:\/\/www.martinstrattner.de\/fotoblog\/wp-content\/uploads\/2013\/11\/Wanderung_von_Jenesien-MartinStrattner-21.jpg\" alt=\"Wanderung_von_Jenesien-MartinStrattner-21\" width=\"600\" height=\"450\" srcset=\"http:\/\/www.martinstrattner.de\/fotoblog\/wp-content\/uploads\/2013\/11\/Wanderung_von_Jenesien-MartinStrattner-21.jpg 600w, http:\/\/www.martinstrattner.de\/fotoblog\/wp-content\/uploads\/2013\/11\/Wanderung_von_Jenesien-MartinStrattner-21-288x216.jpg 288w, http:\/\/www.martinstrattner.de\/fotoblog\/wp-content\/uploads\/2013\/11\/Wanderung_von_Jenesien-MartinStrattner-21-494x370.jpg 494w\" sizes=\"(max-width: 600px) 100vw, 600px\" \/><\/a> <a href=\"http:\/\/www.martinstrattner.de\/fotoblog\/wp-content\/uploads\/2013\/11\/Wanderung_von_Jenesien-MartinStrattner-22.jpg\"><img loading=\"lazy\" id=\"blogsy-1383857569771.5125\" class=\"alignnone size-full wp-image-2501\" src=\"http:\/\/www.martinstrattner.de\/fotoblog\/wp-content\/uploads\/2013\/11\/Wanderung_von_Jenesien-MartinStrattner-22.jpg\" alt=\"Wanderung_von_Jenesien-MartinStrattner-22\" width=\"600\" height=\"450\" srcset=\"http:\/\/www.martinstrattner.de\/fotoblog\/wp-content\/uploads\/2013\/11\/Wanderung_von_Jenesien-MartinStrattner-22.jpg 600w, http:\/\/www.martinstrattner.de\/fotoblog\/wp-content\/uploads\/2013\/11\/Wanderung_von_Jenesien-MartinStrattner-22-288x216.jpg 288w, http:\/\/www.martinstrattner.de\/fotoblog\/wp-content\/uploads\/2013\/11\/Wanderung_von_Jenesien-MartinStrattner-22-494x370.jpg 494w\" sizes=\"(max-width: 600px) 100vw, 600px\" \/><\/a> <a href=\"http:\/\/www.martinstrattner.de\/fotoblog\/wp-content\/uploads\/2013\/11\/Wanderung_von_Jenesien-MartinStrattner-23.jpg\"><img loading=\"lazy\" id=\"blogsy-1383857569739.5828\" class=\"alignnone size-full wp-image-2502\" src=\"http:\/\/www.martinstrattner.de\/fotoblog\/wp-content\/uploads\/2013\/11\/Wanderung_von_Jenesien-MartinStrattner-23.jpg\" alt=\"Wanderung_von_Jenesien-MartinStrattner-23\" width=\"600\" height=\"800\" srcset=\"http:\/\/www.martinstrattner.de\/fotoblog\/wp-content\/uploads\/2013\/11\/Wanderung_von_Jenesien-MartinStrattner-23.jpg 600w, http:\/\/www.martinstrattner.de\/fotoblog\/wp-content\/uploads\/2013\/11\/Wanderung_von_Jenesien-MartinStrattner-23-216x288.jpg 216w, http:\/\/www.martinstrattner.de\/fotoblog\/wp-content\/uploads\/2013\/11\/Wanderung_von_Jenesien-MartinStrattner-23-370x494.jpg 370w, http:\/\/www.martinstrattner.de\/fotoblog\/wp-content\/uploads\/2013\/11\/Wanderung_von_Jenesien-MartinStrattner-23-450x600.jpg 450w\" sizes=\"(max-width: 600px) 100vw, 600px\" \/><\/a> <a href=\"http:\/\/www.martinstrattner.de\/fotoblog\/wp-content\/uploads\/2013\/11\/Wanderung_von_Jenesien-MartinStrattner-24.jpg\"><img loading=\"lazy\" id=\"blogsy-1383857569708.192\" class=\"alignnone size-full wp-image-2503\" src=\"http:\/\/www.martinstrattner.de\/fotoblog\/wp-content\/uploads\/2013\/11\/Wanderung_von_Jenesien-MartinStrattner-24.jpg\" alt=\"Wanderung_von_Jenesien-MartinStrattner-24\" width=\"600\" height=\"450\" srcset=\"http:\/\/www.martinstrattner.de\/fotoblog\/wp-content\/uploads\/2013\/11\/Wanderung_von_Jenesien-MartinStrattner-24.jpg 600w, http:\/\/www.martinstrattner.de\/fotoblog\/wp-content\/uploads\/2013\/11\/Wanderung_von_Jenesien-MartinStrattner-24-288x216.jpg 288w, http:\/\/www.martinstrattner.de\/fotoblog\/wp-content\/uploads\/2013\/11\/Wanderung_von_Jenesien-MartinStrattner-24-494x370.jpg 494w\" sizes=\"(max-width: 600px) 100vw, 600px\" \/><\/a> <a href=\"http:\/\/www.martinstrattner.de\/fotoblog\/wp-content\/uploads\/2013\/11\/Wanderung_von_Jenesien-MartinStrattner-26.jpg\"><img loading=\"lazy\" id=\"blogsy-1383857569729.5684\" class=\"alignnone size-full wp-image-2505\" src=\"http:\/\/www.martinstrattner.de\/fotoblog\/wp-content\/uploads\/2013\/11\/Wanderung_von_Jenesien-MartinStrattner-26.jpg\" alt=\"Wanderung_von_Jenesien-MartinStrattner-26\" width=\"600\" height=\"450\" srcset=\"http:\/\/www.martinstrattner.de\/fotoblog\/wp-content\/uploads\/2013\/11\/Wanderung_von_Jenesien-MartinStrattner-26.jpg 600w, http:\/\/www.martinstrattner.de\/fotoblog\/wp-content\/uploads\/2013\/11\/Wanderung_von_Jenesien-MartinStrattner-26-288x216.jpg 288w, http:\/\/www.martinstrattner.de\/fotoblog\/wp-content\/uploads\/2013\/11\/Wanderung_von_Jenesien-MartinStrattner-26-494x370.jpg 494w\" sizes=\"(max-width: 600px) 100vw, 600px\" \/><\/a> <a href=\"http:\/\/www.martinstrattner.de\/fotoblog\/wp-content\/uploads\/2013\/11\/Wanderung_von_Jenesien-MartinStrattner-27.jpg\"><img loading=\"lazy\" id=\"blogsy-1383857569771.0466\" class=\"alignnone size-full wp-image-2506\" src=\"http:\/\/www.martinstrattner.de\/fotoblog\/wp-content\/uploads\/2013\/11\/Wanderung_von_Jenesien-MartinStrattner-27.jpg\" alt=\"Wanderung_von_Jenesien-MartinStrattner-27\" width=\"600\" height=\"450\" srcset=\"http:\/\/www.martinstrattner.de\/fotoblog\/wp-content\/uploads\/2013\/11\/Wanderung_von_Jenesien-MartinStrattner-27.jpg 600w, http:\/\/www.martinstrattner.de\/fotoblog\/wp-content\/uploads\/2013\/11\/Wanderung_von_Jenesien-MartinStrattner-27-288x216.jpg 288w, http:\/\/www.martinstrattner.de\/fotoblog\/wp-content\/uploads\/2013\/11\/Wanderung_von_Jenesien-MartinStrattner-27-494x370.jpg 494w\" sizes=\"(max-width: 600px) 100vw, 600px\" \/><\/a><\/p>\n<p style=\"text-align: center;\">Der Regen der vergangenen Tage hatte die Hohlwege zu B\u00e4chen werden lassen. Damit die Schuhe trocken bleiben also immer wieder kreuz und quer gehen, \u00fcber die weniger \u00fcberfluteten Teile.<\/p>\n<p style=\"text-align: center;\"><a href=\"http:\/\/www.martinstrattner.de\/fotoblog\/wp-content\/uploads\/2013\/11\/Wanderung_von_Jenesien-MartinStrattner-28.jpg\"><img loading=\"lazy\" id=\"blogsy-1383857569702.6807\" class=\"alignnone size-full wp-image-2507\" src=\"http:\/\/www.martinstrattner.de\/fotoblog\/wp-content\/uploads\/2013\/11\/Wanderung_von_Jenesien-MartinStrattner-28.jpg\" alt=\"Wanderung_von_Jenesien-MartinStrattner-28\" width=\"600\" height=\"800\" srcset=\"http:\/\/www.martinstrattner.de\/fotoblog\/wp-content\/uploads\/2013\/11\/Wanderung_von_Jenesien-MartinStrattner-28.jpg 600w, http:\/\/www.martinstrattner.de\/fotoblog\/wp-content\/uploads\/2013\/11\/Wanderung_von_Jenesien-MartinStrattner-28-216x288.jpg 216w, http:\/\/www.martinstrattner.de\/fotoblog\/wp-content\/uploads\/2013\/11\/Wanderung_von_Jenesien-MartinStrattner-28-370x494.jpg 370w, http:\/\/www.martinstrattner.de\/fotoblog\/wp-content\/uploads\/2013\/11\/Wanderung_von_Jenesien-MartinStrattner-28-450x600.jpg 450w\" sizes=\"(max-width: 600px) 100vw, 600px\" \/><\/a> <a href=\"http:\/\/www.martinstrattner.de\/fotoblog\/wp-content\/uploads\/2013\/11\/Wanderung_von_Jenesien-MartinStrattner-29.jpg\"><img loading=\"lazy\" id=\"blogsy-1383857569734.634\" class=\"alignnone size-full wp-image-2508\" src=\"http:\/\/www.martinstrattner.de\/fotoblog\/wp-content\/uploads\/2013\/11\/Wanderung_von_Jenesien-MartinStrattner-29.jpg\" alt=\"Wanderung_von_Jenesien-MartinStrattner-29\" width=\"600\" height=\"450\" srcset=\"http:\/\/www.martinstrattner.de\/fotoblog\/wp-content\/uploads\/2013\/11\/Wanderung_von_Jenesien-MartinStrattner-29.jpg 600w, http:\/\/www.martinstrattner.de\/fotoblog\/wp-content\/uploads\/2013\/11\/Wanderung_von_Jenesien-MartinStrattner-29-288x216.jpg 288w, http:\/\/www.martinstrattner.de\/fotoblog\/wp-content\/uploads\/2013\/11\/Wanderung_von_Jenesien-MartinStrattner-29-494x370.jpg 494w\" sizes=\"(max-width: 600px) 100vw, 600px\" \/><\/a> <a href=\"http:\/\/www.martinstrattner.de\/fotoblog\/wp-content\/uploads\/2013\/11\/Wanderung_von_Jenesien-MartinStrattner-30.jpg\"><img loading=\"lazy\" id=\"blogsy-1383857569704.9722\" class=\"alignnone size-full wp-image-2509\" src=\"http:\/\/www.martinstrattner.de\/fotoblog\/wp-content\/uploads\/2013\/11\/Wanderung_von_Jenesien-MartinStrattner-30.jpg\" alt=\"Wanderung_von_Jenesien-MartinStrattner-30\" width=\"600\" height=\"800\" srcset=\"http:\/\/www.martinstrattner.de\/fotoblog\/wp-content\/uploads\/2013\/11\/Wanderung_von_Jenesien-MartinStrattner-30.jpg 600w, http:\/\/www.martinstrattner.de\/fotoblog\/wp-content\/uploads\/2013\/11\/Wanderung_von_Jenesien-MartinStrattner-30-216x288.jpg 216w, http:\/\/www.martinstrattner.de\/fotoblog\/wp-content\/uploads\/2013\/11\/Wanderung_von_Jenesien-MartinStrattner-30-370x494.jpg 370w, http:\/\/www.martinstrattner.de\/fotoblog\/wp-content\/uploads\/2013\/11\/Wanderung_von_Jenesien-MartinStrattner-30-450x600.jpg 450w\" sizes=\"(max-width: 600px) 100vw, 600px\" \/><\/a> <a href=\"http:\/\/www.martinstrattner.de\/fotoblog\/wp-content\/uploads\/2013\/11\/Wanderung_von_Jenesien-MartinStrattner-31.jpg\"><img loading=\"lazy\" id=\"blogsy-1383857569772.6729\" class=\"alignnone size-full wp-image-2510\" src=\"http:\/\/www.martinstrattner.de\/fotoblog\/wp-content\/uploads\/2013\/11\/Wanderung_von_Jenesien-MartinStrattner-31.jpg\" alt=\"Wanderung_von_Jenesien-MartinStrattner-31\" width=\"600\" height=\"450\" srcset=\"http:\/\/www.martinstrattner.de\/fotoblog\/wp-content\/uploads\/2013\/11\/Wanderung_von_Jenesien-MartinStrattner-31.jpg 600w, http:\/\/www.martinstrattner.de\/fotoblog\/wp-content\/uploads\/2013\/11\/Wanderung_von_Jenesien-MartinStrattner-31-288x216.jpg 288w, http:\/\/www.martinstrattner.de\/fotoblog\/wp-content\/uploads\/2013\/11\/Wanderung_von_Jenesien-MartinStrattner-31-494x370.jpg 494w\" sizes=\"(max-width: 600px) 100vw, 600px\" \/><\/a> <a href=\"http:\/\/www.martinstrattner.de\/fotoblog\/wp-content\/uploads\/2013\/11\/Wanderung_von_Jenesien-MartinStrattner-32.jpg\"><img loading=\"lazy\" id=\"blogsy-1383857569699.187\" class=\"alignnone size-full wp-image-2511\" src=\"http:\/\/www.martinstrattner.de\/fotoblog\/wp-content\/uploads\/2013\/11\/Wanderung_von_Jenesien-MartinStrattner-32.jpg\" alt=\"Wanderung_von_Jenesien-MartinStrattner-32\" width=\"600\" height=\"450\" srcset=\"http:\/\/www.martinstrattner.de\/fotoblog\/wp-content\/uploads\/2013\/11\/Wanderung_von_Jenesien-MartinStrattner-32.jpg 600w, http:\/\/www.martinstrattner.de\/fotoblog\/wp-content\/uploads\/2013\/11\/Wanderung_von_Jenesien-MartinStrattner-32-288x216.jpg 288w, http:\/\/www.martinstrattner.de\/fotoblog\/wp-content\/uploads\/2013\/11\/Wanderung_von_Jenesien-MartinStrattner-32-494x370.jpg 494w\" sizes=\"(max-width: 600px) 100vw, 600px\" \/><\/a> <a href=\"http:\/\/www.martinstrattner.de\/fotoblog\/wp-content\/uploads\/2013\/11\/Wanderung_von_Jenesien-MartinStrattner-33.jpg\"><img loading=\"lazy\" id=\"blogsy-1383857569796.4172\" class=\"alignnone size-full wp-image-2512\" src=\"http:\/\/www.martinstrattner.de\/fotoblog\/wp-content\/uploads\/2013\/11\/Wanderung_von_Jenesien-MartinStrattner-33.jpg\" alt=\"Wanderung_von_Jenesien-MartinStrattner-33\" width=\"600\" height=\"450\" srcset=\"http:\/\/www.martinstrattner.de\/fotoblog\/wp-content\/uploads\/2013\/11\/Wanderung_von_Jenesien-MartinStrattner-33.jpg 600w, http:\/\/www.martinstrattner.de\/fotoblog\/wp-content\/uploads\/2013\/11\/Wanderung_von_Jenesien-MartinStrattner-33-288x216.jpg 288w, http:\/\/www.martinstrattner.de\/fotoblog\/wp-content\/uploads\/2013\/11\/Wanderung_von_Jenesien-MartinStrattner-33-494x370.jpg 494w\" sizes=\"(max-width: 600px) 100vw, 600px\" \/><\/a><\/p>\n<p style=\"text-align: center;\">Zu Mittag: Kaiserschmarrn. Gro\u00dfartig.<\/p>\n<p style=\"text-align: center;\"><a href=\"http:\/\/www.martinstrattner.de\/fotoblog\/wp-content\/uploads\/2013\/11\/Wanderung_von_Jenesien-MartinStrattner-34.jpg\"><img loading=\"lazy\" id=\"blogsy-1383857569744.7378\" class=\"alignnone size-full wp-image-2513\" src=\"http:\/\/www.martinstrattner.de\/fotoblog\/wp-content\/uploads\/2013\/11\/Wanderung_von_Jenesien-MartinStrattner-34.jpg\" alt=\"Wanderung_von_Jenesien-MartinStrattner-34\" width=\"600\" height=\"450\" srcset=\"http:\/\/www.martinstrattner.de\/fotoblog\/wp-content\/uploads\/2013\/11\/Wanderung_von_Jenesien-MartinStrattner-34.jpg 600w, http:\/\/www.martinstrattner.de\/fotoblog\/wp-content\/uploads\/2013\/11\/Wanderung_von_Jenesien-MartinStrattner-34-288x216.jpg 288w, http:\/\/www.martinstrattner.de\/fotoblog\/wp-content\/uploads\/2013\/11\/Wanderung_von_Jenesien-MartinStrattner-34-494x370.jpg 494w\" sizes=\"(max-width: 600px) 100vw, 600px\" \/><\/a><\/p>\n<p style=\"text-align: center;\"><iframe loading=\"lazy\" src=\"\/\/player.vimeo.com\/video\/78481579\" width=\"600\" height=\"338\" frameborder=\"0\" allowfullscreen=\"allowfullscreen\"><\/iframe><\/p>\n<p style=\"text-align: center;\"><a href=\"http:\/\/www.martinstrattner.de\/fotoblog\/wp-content\/uploads\/2013\/11\/Wanderung_von_Jenesien-MartinStrattner-35.jpg\"><img loading=\"lazy\" id=\"blogsy-1383857569757.994\" class=\"alignnone size-full wp-image-2514\" src=\"http:\/\/www.martinstrattner.de\/fotoblog\/wp-content\/uploads\/2013\/11\/Wanderung_von_Jenesien-MartinStrattner-35.jpg\" alt=\"Wanderung_von_Jenesien-MartinStrattner-35\" width=\"600\" height=\"450\" srcset=\"http:\/\/www.martinstrattner.de\/fotoblog\/wp-content\/uploads\/2013\/11\/Wanderung_von_Jenesien-MartinStrattner-35.jpg 600w, http:\/\/www.martinstrattner.de\/fotoblog\/wp-content\/uploads\/2013\/11\/Wanderung_von_Jenesien-MartinStrattner-35-288x216.jpg 288w, http:\/\/www.martinstrattner.de\/fotoblog\/wp-content\/uploads\/2013\/11\/Wanderung_von_Jenesien-MartinStrattner-35-494x370.jpg 494w\" sizes=\"(max-width: 600px) 100vw, 600px\" \/><\/a> <a href=\"http:\/\/www.martinstrattner.de\/fotoblog\/wp-content\/uploads\/2013\/11\/Wanderung_von_Jenesien-MartinStrattner-36.jpg\"><img loading=\"lazy\" id=\"blogsy-1383857569799.118\" class=\"alignnone size-full wp-image-2515\" src=\"http:\/\/www.martinstrattner.de\/fotoblog\/wp-content\/uploads\/2013\/11\/Wanderung_von_Jenesien-MartinStrattner-36.jpg\" alt=\"Wanderung_von_Jenesien-MartinStrattner-36\" width=\"600\" height=\"450\" srcset=\"http:\/\/www.martinstrattner.de\/fotoblog\/wp-content\/uploads\/2013\/11\/Wanderung_von_Jenesien-MartinStrattner-36.jpg 600w, http:\/\/www.martinstrattner.de\/fotoblog\/wp-content\/uploads\/2013\/11\/Wanderung_von_Jenesien-MartinStrattner-36-288x216.jpg 288w, http:\/\/www.martinstrattner.de\/fotoblog\/wp-content\/uploads\/2013\/11\/Wanderung_von_Jenesien-MartinStrattner-36-494x370.jpg 494w\" sizes=\"(max-width: 600px) 100vw, 600px\" \/><\/a> <a href=\"http:\/\/www.martinstrattner.de\/fotoblog\/wp-content\/uploads\/2013\/11\/Wanderung_von_Jenesien-MartinStrattner-37.jpg\"><img loading=\"lazy\" id=\"blogsy-1383857569727.4316\" class=\"alignnone size-full wp-image-2516\" src=\"http:\/\/www.martinstrattner.de\/fotoblog\/wp-content\/uploads\/2013\/11\/Wanderung_von_Jenesien-MartinStrattner-37.jpg\" alt=\"Wanderung_von_Jenesien-MartinStrattner-37\" width=\"600\" height=\"450\" srcset=\"http:\/\/www.martinstrattner.de\/fotoblog\/wp-content\/uploads\/2013\/11\/Wanderung_von_Jenesien-MartinStrattner-37.jpg 600w, http:\/\/www.martinstrattner.de\/fotoblog\/wp-content\/uploads\/2013\/11\/Wanderung_von_Jenesien-MartinStrattner-37-288x216.jpg 288w, http:\/\/www.martinstrattner.de\/fotoblog\/wp-content\/uploads\/2013\/11\/Wanderung_von_Jenesien-MartinStrattner-37-494x370.jpg 494w\" sizes=\"(max-width: 600px) 100vw, 600px\" \/><\/a> <a href=\"http:\/\/www.martinstrattner.de\/fotoblog\/wp-content\/uploads\/2013\/11\/Wanderung_von_Jenesien-MartinStrattner-39.jpg\"><img loading=\"lazy\" id=\"blogsy-1383857569740.1194\" class=\"alignnone size-full wp-image-2518\" src=\"http:\/\/www.martinstrattner.de\/fotoblog\/wp-content\/uploads\/2013\/11\/Wanderung_von_Jenesien-MartinStrattner-39.jpg\" alt=\"Wanderung_von_Jenesien-MartinStrattner-39\" width=\"600\" height=\"450\" srcset=\"http:\/\/www.martinstrattner.de\/fotoblog\/wp-content\/uploads\/2013\/11\/Wanderung_von_Jenesien-MartinStrattner-39.jpg 600w, http:\/\/www.martinstrattner.de\/fotoblog\/wp-content\/uploads\/2013\/11\/Wanderung_von_Jenesien-MartinStrattner-39-288x216.jpg 288w, http:\/\/www.martinstrattner.de\/fotoblog\/wp-content\/uploads\/2013\/11\/Wanderung_von_Jenesien-MartinStrattner-39-494x370.jpg 494w\" sizes=\"(max-width: 600px) 100vw, 600px\" \/><\/a><\/p>\n<p style=\"text-align: center;\">\n\n<!-- Facebook Like Button v1.9.6 BEGIN [http:\/\/blog.bottomlessinc.com] -->\n<fb:like href=\"http:\/\/www.martinstrattner.de\/fotoblog\/2013\/11\/wanderung-um-jenesien-2\/\" layout=\"button_count\" show_faces=\"false\" width=\"450\" action=\"like\" colorscheme=\"light\"><\/fb:like>\n<!-- Facebook Like Button END -->\n<\/div><\/div>","protected":false},"excerpt":{"rendered":"<p>Ein Wochenende mit der Familie in S\u00fcdtirol. Zum Essen, Saunieren und Wandern. In dieser Reihenfolge. An diesem Tag war Wandern geplant. Und das Wetter war eher mittel. Was toll ist, wenn es den Tag zuvor und danach schlecht ist. Perspektive. Das war auch ein kleines Experiment hier. Die Bilder sind n\u00e4mlich ausschlie\u00dflich mit dem iPhone [&hellip;]<\/p>\n","protected":false},"author":1,"featured_media":2479,"comment_status":"open","ping_status":"open","sticky":false,"template":"","format":"standard","meta":{"spay_email":"","jetpack_publicize_message":""},"categories":[13,11,6,12],"tags":[],"jetpack_featured_media_url":"http:\/\/www.martinstrattner.de\/fotoblog\/wp-content\/uploads\/2013\/11\/Titel-Wanderung_von_Jenesien-MartinStrattner.jpg","jetpack_publicize_connections":[],"jetpack_shortlink":"https:\/\/wp.me\/p2qpVl-EI","jetpack_sharing_enabled":true,"jetpack-related-posts":[],"_links":{"self":[{"href":"http:\/\/www.martinstrattner.de\/fotoblog\/wp-json\/wp\/v2\/posts\/2524"}],"collection":[{"href":"http:\/\/www.martinstrattner.de\/fotoblog\/wp-json\/wp\/v2\/posts"}],"about":[{"href":"http:\/\/www.martinstrattner.de\/fotoblog\/wp-json\/wp\/v2\/types\/post"}],"author":[{"embeddable":true,"href":"http:\/\/www.martinstrattner.de\/fotoblog\/wp-json\/wp\/v2\/users\/1"}],"replies":[{"embeddable":true,"href":"http:\/\/www.martinstrattner.de\/fotoblog\/wp-json\/wp\/v2\/comments?post=2524"}],"version-history":[{"count":6,"href":"http:\/\/www.martinstrattner.de\/fotoblog\/wp-json\/wp\/v2\/posts\/2524\/revisions"}],"predecessor-version":[{"id":5677,"href":"http:\/\/www.martinstrattner.de\/fotoblog\/wp-json\/wp\/v2\/posts\/2524\/revisions\/5677"}],"wp:featuredmedia":[{"embeddable":true,"href":"http:\/\/www.martinstrattner.de\/fotoblog\/wp-json\/wp\/v2\/media\/2479"}],"wp:attachment":[{"href":"http:\/\/www.martinstrattner.de\/fotoblog\/wp-json\/wp\/v2\/media?parent=2524"}],"wp:term":[{"taxonomy":"category","embeddable":true,"href":"http:\/\/www.martinstrattner.de\/fotoblog\/wp-json\/wp\/v2\/categories?post=2524"},{"taxonomy":"post_tag","embeddable":true,"href":"http:\/\/www.martinstrattner.de\/fotoblog\/wp-json\/wp\/v2\/tags?post=2524"}],"curies":[{"name":"wp","href":"https:\/\/api.w.org\/{rel}","templated":true}]}}