{"id":2208,"date":"2013-07-11T19:46:40","date_gmt":"2013-07-11T18:46:40","guid":{"rendered":"http:\/\/www.martinstrattner.de\/fotoblog\/?p=2208"},"modified":"2015-03-28T22:25:31","modified_gmt":"2015-03-28T21:25:31","slug":"walensee-schweiz","status":"publish","type":"post","link":"http:\/\/www.martinstrattner.de\/fotoblog\/2013\/07\/walensee-schweiz\/","title":{"rendered":"Walensee (Schweiz)"},"content":{"rendered":"<div id=\"dslc-theme-content\"><div id=\"dslc-theme-content-inner\"><p style=\"text-align: center;\">Damit ich nicht jeden Beitrag beginnen muss mit &#8222;Doris und ich waren im Urlaub. Wir haben euch Fotos mitgebracht&#8220; haben wir diesmal keinen Urlaub gemacht. Wir waren in der Schweiz um die wundersch\u00f6ne Hochzeit von Bj\u00f6rn und Eva zu fotografieren. Auf dem Hinweg fiel uns bereits auf &#8222;der See da rechts, wundersch\u00f6n, fast wie am Gardasee&#8220;. Daran erinnerten wir uns bei der Heimfahrt, fuhren diesmal nicht Autobahn, sondern nahe vorbei am Walensee. Und machten ein paar Minuten Fotopause. \u00a0Beeindruckend: Das andere Ufer scheint per Auto nicht erreichbar. M\u00f6glicherweise gibt es da dr\u00fcben noch Schweizer die leben wie vor hunderten von Jahren? Ob die von der Zivilisation wissen?<\/p>\n<p style=\"text-align: center;\"><a href=\"http:\/\/www.martinstrattner.de\/fotoblog\/wp-content\/uploads\/2013\/07\/Walensee-MartinStrattner-15.jpg\"><img loading=\"lazy\" class=\"alignnone size-full wp-image-2210\" src=\"http:\/\/www.martinstrattner.de\/fotoblog\/wp-content\/uploads\/2013\/07\/Walensee-MartinStrattner-15.jpg\" alt=\"Walensee-MartinStrattner-15\" width=\"600\" height=\"400\" srcset=\"http:\/\/www.martinstrattner.de\/fotoblog\/wp-content\/uploads\/2013\/07\/Walensee-MartinStrattner-15.jpg 600w, http:\/\/www.martinstrattner.de\/fotoblog\/wp-content\/uploads\/2013\/07\/Walensee-MartinStrattner-15-288x192.jpg 288w, http:\/\/www.martinstrattner.de\/fotoblog\/wp-content\/uploads\/2013\/07\/Walensee-MartinStrattner-15-494x329.jpg 494w\" sizes=\"(max-width: 600px) 100vw, 600px\" \/><\/a><\/p>\n<p style=\"text-align: center;\"><a href=\"http:\/\/www.martinstrattner.de\/fotoblog\/wp-content\/uploads\/2013\/07\/Walensee-MartinStrattner-01.jpg\"><img loading=\"lazy\" src=\"http:\/\/www.martinstrattner.de\/fotoblog\/wp-content\/uploads\/2013\/07\/Walensee-MartinStrattner-01.jpg\" alt=\"Walensee-MartinStrattner-01\" width=\"600\" height=\"800\" \/><\/a><\/p>\n<p style=\"text-align: center;\"><a href=\"http:\/\/www.martinstrattner.de\/fotoblog\/wp-content\/uploads\/2013\/07\/Walensee-MartinStrattner-22.jpg\"><img loading=\"lazy\" src=\"http:\/\/www.martinstrattner.de\/fotoblog\/wp-content\/uploads\/2013\/07\/Walensee-MartinStrattner-22.jpg\" alt=\"Walensee-MartinStrattner-22\" width=\"600\" height=\"900\" \/><\/a><\/p>\n<p style=\"text-align: center;\"><a href=\"http:\/\/www.martinstrattner.de\/fotoblog\/wp-content\/uploads\/2013\/07\/Walensee-MartinStrattner-21.jpg\"><img loading=\"lazy\" src=\"http:\/\/www.martinstrattner.de\/fotoblog\/wp-content\/uploads\/2013\/07\/Walensee-MartinStrattner-21.jpg\" alt=\"Walensee-MartinStrattner-21\" width=\"600\" height=\"400\" \/><\/a><\/p>\n<p style=\"text-align: center;\"><a href=\"http:\/\/www.martinstrattner.de\/fotoblog\/wp-content\/uploads\/2013\/07\/Walensee-MartinStrattner-19.jpg\"><img loading=\"lazy\" src=\"http:\/\/www.martinstrattner.de\/fotoblog\/wp-content\/uploads\/2013\/07\/Walensee-MartinStrattner-19.jpg\" alt=\"Walensee-MartinStrattner-19\" width=\"600\" height=\"400\" \/><\/a><\/p>\n<p style=\"text-align: center;\"><img loading=\"lazy\" src=\"http:\/\/www.martinstrattner.de\/fotoblog\/wp-content\/uploads\/2013\/07\/Walensee-MartinStrattner-20.jpg\" alt=\"Walensee-MartinStrattner-20\" width=\"600\" height=\"400\" \/><\/p>\n<p style=\"text-align: center;\"><a href=\"http:\/\/www.martinstrattner.de\/fotoblog\/wp-content\/uploads\/2013\/07\/Walensee-MartinStrattner-18.jpg\"><img loading=\"lazy\" src=\"http:\/\/www.martinstrattner.de\/fotoblog\/wp-content\/uploads\/2013\/07\/Walensee-MartinStrattner-18.jpg\" alt=\"Walensee-MartinStrattner-18\" width=\"600\" height=\"900\" \/><\/a><\/p>\n<p style=\"text-align: center;\"><a href=\"http:\/\/www.martinstrattner.de\/fotoblog\/wp-content\/uploads\/2013\/07\/Walensee-MartinStrattner-14.jpg\"><img loading=\"lazy\" src=\"http:\/\/www.martinstrattner.de\/fotoblog\/wp-content\/uploads\/2013\/07\/Walensee-MartinStrattner-14.jpg\" alt=\"Walensee-MartinStrattner-14\" width=\"600\" height=\"400\" \/><\/a><\/p>\n<p style=\"text-align: center;\"><img loading=\"lazy\" class=\"alignnone size-full wp-image-2228\" src=\"http:\/\/www.martinstrattner.de\/fotoblog\/wp-content\/uploads\/2013\/07\/Walensee-MartinStrattner-10.jpg\" alt=\"Walensee-MartinStrattner-10\" width=\"600\" height=\"400\" srcset=\"http:\/\/www.martinstrattner.de\/fotoblog\/wp-content\/uploads\/2013\/07\/Walensee-MartinStrattner-10.jpg 600w, http:\/\/www.martinstrattner.de\/fotoblog\/wp-content\/uploads\/2013\/07\/Walensee-MartinStrattner-10-288x192.jpg 288w, http:\/\/www.martinstrattner.de\/fotoblog\/wp-content\/uploads\/2013\/07\/Walensee-MartinStrattner-10-494x329.jpg 494w\" sizes=\"(max-width: 600px) 100vw, 600px\" \/><\/p>\n<p style=\"text-align: center;\"><a href=\"http:\/\/www.martinstrattner.de\/fotoblog\/wp-content\/uploads\/2013\/07\/Walensee-MartinStrattner-17.jpg\"><img loading=\"lazy\" class=\"alignnone size-full wp-image-2212\" src=\"http:\/\/www.martinstrattner.de\/fotoblog\/wp-content\/uploads\/2013\/07\/Walensee-MartinStrattner-17.jpg\" alt=\"Walensee-MartinStrattner-17\" width=\"600\" height=\"600\" srcset=\"http:\/\/www.martinstrattner.de\/fotoblog\/wp-content\/uploads\/2013\/07\/Walensee-MartinStrattner-17.jpg 600w, http:\/\/www.martinstrattner.de\/fotoblog\/wp-content\/uploads\/2013\/07\/Walensee-MartinStrattner-17-188x188.jpg 188w, http:\/\/www.martinstrattner.de\/fotoblog\/wp-content\/uploads\/2013\/07\/Walensee-MartinStrattner-17-288x288.jpg 288w, http:\/\/www.martinstrattner.de\/fotoblog\/wp-content\/uploads\/2013\/07\/Walensee-MartinStrattner-17-494x494.jpg 494w, http:\/\/www.martinstrattner.de\/fotoblog\/wp-content\/uploads\/2013\/07\/Walensee-MartinStrattner-17-88x88.jpg 88w\" sizes=\"(max-width: 600px) 100vw, 600px\" \/><\/a><\/p>\n<p style=\"text-align: center;\"><img loading=\"lazy\" class=\"alignnone size-full wp-image-2225\" src=\"http:\/\/www.martinstrattner.de\/fotoblog\/wp-content\/uploads\/2013\/07\/Walensee-MartinStrattner-07.jpg\" alt=\"Walensee-MartinStrattner-07\" width=\"600\" height=\"400\" srcset=\"http:\/\/www.martinstrattner.de\/fotoblog\/wp-content\/uploads\/2013\/07\/Walensee-MartinStrattner-07.jpg 600w, http:\/\/www.martinstrattner.de\/fotoblog\/wp-content\/uploads\/2013\/07\/Walensee-MartinStrattner-07-288x192.jpg 288w, http:\/\/www.martinstrattner.de\/fotoblog\/wp-content\/uploads\/2013\/07\/Walensee-MartinStrattner-07-494x329.jpg 494w\" sizes=\"(max-width: 600px) 100vw, 600px\" \/><\/p>\n<p style=\"text-align: center;\"><a href=\"http:\/\/www.martinstrattner.de\/fotoblog\/wp-content\/uploads\/2013\/07\/Walensee-MartinStrattner-06.jpg\"><img loading=\"lazy\" class=\"alignnone size-full wp-image-2224\" src=\"http:\/\/www.martinstrattner.de\/fotoblog\/wp-content\/uploads\/2013\/07\/Walensee-MartinStrattner-06.jpg\" alt=\"Walensee-MartinStrattner-06\" width=\"600\" height=\"400\" srcset=\"http:\/\/www.martinstrattner.de\/fotoblog\/wp-content\/uploads\/2013\/07\/Walensee-MartinStrattner-06.jpg 600w, http:\/\/www.martinstrattner.de\/fotoblog\/wp-content\/uploads\/2013\/07\/Walensee-MartinStrattner-06-288x192.jpg 288w, http:\/\/www.martinstrattner.de\/fotoblog\/wp-content\/uploads\/2013\/07\/Walensee-MartinStrattner-06-494x329.jpg 494w\" sizes=\"(max-width: 600px) 100vw, 600px\" \/><\/a><\/p>\n<p style=\"text-align: center;\"><a href=\"http:\/\/www.martinstrattner.de\/fotoblog\/wp-content\/uploads\/2013\/07\/Walensee-MartinStrattner-05.jpg\"><img loading=\"lazy\" class=\"alignnone size-full wp-image-2223\" src=\"http:\/\/www.martinstrattner.de\/fotoblog\/wp-content\/uploads\/2013\/07\/Walensee-MartinStrattner-05.jpg\" alt=\"Walensee-MartinStrattner-05\" width=\"600\" height=\"400\" srcset=\"http:\/\/www.martinstrattner.de\/fotoblog\/wp-content\/uploads\/2013\/07\/Walensee-MartinStrattner-05.jpg 600w, http:\/\/www.martinstrattner.de\/fotoblog\/wp-content\/uploads\/2013\/07\/Walensee-MartinStrattner-05-288x192.jpg 288w, http:\/\/www.martinstrattner.de\/fotoblog\/wp-content\/uploads\/2013\/07\/Walensee-MartinStrattner-05-494x329.jpg 494w\" sizes=\"(max-width: 600px) 100vw, 600px\" \/><\/a><\/p>\n<p style=\"text-align: center;\"><a href=\"http:\/\/www.martinstrattner.de\/fotoblog\/wp-content\/uploads\/2013\/07\/Walensee-MartinStrattner-04.jpg\"><img loading=\"lazy\" class=\"alignnone size-full wp-image-2222\" src=\"http:\/\/www.martinstrattner.de\/fotoblog\/wp-content\/uploads\/2013\/07\/Walensee-MartinStrattner-04.jpg\" alt=\"Walensee-MartinStrattner-04\" width=\"600\" height=\"400\" srcset=\"http:\/\/www.martinstrattner.de\/fotoblog\/wp-content\/uploads\/2013\/07\/Walensee-MartinStrattner-04.jpg 600w, http:\/\/www.martinstrattner.de\/fotoblog\/wp-content\/uploads\/2013\/07\/Walensee-MartinStrattner-04-288x192.jpg 288w, http:\/\/www.martinstrattner.de\/fotoblog\/wp-content\/uploads\/2013\/07\/Walensee-MartinStrattner-04-494x329.jpg 494w\" sizes=\"(max-width: 600px) 100vw, 600px\" \/><\/a><\/p>\n<p style=\"text-align: center;\">\n<p style=\"text-align: center;\">\n\n<!-- Facebook Like Button v1.9.6 BEGIN [http:\/\/blog.bottomlessinc.com] -->\n<fb:like href=\"http:\/\/www.martinstrattner.de\/fotoblog\/2013\/07\/walensee-schweiz\/\" layout=\"button_count\" show_faces=\"false\" width=\"450\" action=\"like\" colorscheme=\"light\"><\/fb:like>\n<!-- Facebook Like Button END -->\n<\/div><\/div>","protected":false},"excerpt":{"rendered":"<p>Damit ich nicht jeden Beitrag beginnen muss mit &#8222;Doris und ich waren im Urlaub. Wir haben euch Fotos mitgebracht&#8220; haben wir diesmal keinen Urlaub gemacht. Wir waren in der Schweiz um die wundersch\u00f6ne Hochzeit von Bj\u00f6rn und Eva zu fotografieren. Auf dem Hinweg fiel uns bereits auf &#8222;der See da rechts, wundersch\u00f6n, fast wie am [&hellip;]<\/p>\n","protected":false},"author":1,"featured_media":2218,"comment_status":"open","ping_status":"open","sticky":false,"template":"","format":"standard","meta":{"spay_email":"","jetpack_publicize_message":""},"categories":[1,13,12],"tags":[],"jetpack_featured_media_url":"http:\/\/www.martinstrattner.de\/fotoblog\/wp-content\/uploads\/2013\/07\/Titel-Walensee-MartinStrattner.jpg","jetpack_publicize_connections":[],"jetpack_shortlink":"https:\/\/wp.me\/p2qpVl-zC","jetpack_sharing_enabled":true,"jetpack-related-posts":[],"_links":{"self":[{"href":"http:\/\/www.martinstrattner.de\/fotoblog\/wp-json\/wp\/v2\/posts\/2208"}],"collection":[{"href":"http:\/\/www.martinstrattner.de\/fotoblog\/wp-json\/wp\/v2\/posts"}],"about":[{"href":"http:\/\/www.martinstrattner.de\/fotoblog\/wp-json\/wp\/v2\/types\/post"}],"author":[{"embeddable":true,"href":"http:\/\/www.martinstrattner.de\/fotoblog\/wp-json\/wp\/v2\/users\/1"}],"replies":[{"embeddable":true,"href":"http:\/\/www.martinstrattner.de\/fotoblog\/wp-json\/wp\/v2\/comments?post=2208"}],"version-history":[{"count":10,"href":"http:\/\/www.martinstrattner.de\/fotoblog\/wp-json\/wp\/v2\/posts\/2208\/revisions"}],"predecessor-version":[{"id":5647,"href":"http:\/\/www.martinstrattner.de\/fotoblog\/wp-json\/wp\/v2\/posts\/2208\/revisions\/5647"}],"wp:featuredmedia":[{"embeddable":true,"href":"http:\/\/www.martinstrattner.de\/fotoblog\/wp-json\/wp\/v2\/media\/2218"}],"wp:attachment":[{"href":"http:\/\/www.martinstrattner.de\/fotoblog\/wp-json\/wp\/v2\/media?parent=2208"}],"wp:term":[{"taxonomy":"category","embeddable":true,"href":"http:\/\/www.martinstrattner.de\/fotoblog\/wp-json\/wp\/v2\/categories?post=2208"},{"taxonomy":"post_tag","embeddable":true,"href":"http:\/\/www.martinstrattner.de\/fotoblog\/wp-json\/wp\/v2\/tags?post=2208"}],"curies":[{"name":"wp","href":"https:\/\/api.w.org\/{rel}","templated":true}]}}