{"id":2206,"date":"2013-07-20T07:10:07","date_gmt":"2013-07-20T06:10:07","guid":{"rendered":"http:\/\/www.martinstrattner.de\/fotoblog\/?p=2206"},"modified":"2015-03-29T00:34:44","modified_gmt":"2015-03-28T23:34:44","slug":"schlechtes-wetter-und-gute-menschen-hamburg","status":"publish","type":"post","link":"http:\/\/www.martinstrattner.de\/fotoblog\/2013\/07\/schlechtes-wetter-und-gute-menschen-hamburg\/","title":{"rendered":"Schlechtes Wetter und gute Menschen (Hamburg)"},"content":{"rendered":"<div id=\"dslc-theme-content\"><div id=\"dslc-theme-content-inner\"><p style=\"text-align: center;\">Hamburg mag ich richtig gern. Weil es so unterschiedlich ist. Auch unterschiedlich ist das Alter von Sebastian. Jedes Jahr anders, und zum diesj\u00e4hrigen Moment des Wechsels lud er zu sich ein. Er sagte noch was von &#8222;Schnitzel&#8220;, und so buchten Doris und ich sofort, mit Wasser im Mund, den Flug.<\/p>\n<p style=\"text-align: center;\"><a href=\"http:\/\/www.martinstrattner.de\/fotoblog\/wp-content\/uploads\/2013\/07\/Hafenstadt-MartinStrattner-01.jpg\"><img loading=\"lazy\" src=\"http:\/\/www.martinstrattner.de\/fotoblog\/wp-content\/uploads\/2013\/07\/Hafenstadt-MartinStrattner-01.jpg\" alt=\"Hafenstadt-MartinStrattner-01\" width=\"600\" height=\"600\" \/><\/a><a href=\"http:\/\/www.martinstrattner.de\/fotoblog\/wp-content\/uploads\/2013\/07\/Hafenstadt-MartinStrattner-04.jpg\"><img loading=\"lazy\" class=\"alignnone size-full wp-image-2299\" src=\"http:\/\/www.martinstrattner.de\/fotoblog\/wp-content\/uploads\/2013\/07\/Hafenstadt-MartinStrattner-04.jpg\" alt=\"Hafenstadt-MartinStrattner-04\" width=\"600\" height=\"600\" srcset=\"http:\/\/www.martinstrattner.de\/fotoblog\/wp-content\/uploads\/2013\/07\/Hafenstadt-MartinStrattner-04.jpg 600w, http:\/\/www.martinstrattner.de\/fotoblog\/wp-content\/uploads\/2013\/07\/Hafenstadt-MartinStrattner-04-188x188.jpg 188w, http:\/\/www.martinstrattner.de\/fotoblog\/wp-content\/uploads\/2013\/07\/Hafenstadt-MartinStrattner-04-288x288.jpg 288w, http:\/\/www.martinstrattner.de\/fotoblog\/wp-content\/uploads\/2013\/07\/Hafenstadt-MartinStrattner-04-494x494.jpg 494w, http:\/\/www.martinstrattner.de\/fotoblog\/wp-content\/uploads\/2013\/07\/Hafenstadt-MartinStrattner-04-88x88.jpg 88w\" sizes=\"(max-width: 600px) 100vw, 600px\" \/><\/a> <a href=\"http:\/\/www.martinstrattner.de\/fotoblog\/wp-content\/uploads\/2013\/07\/Hafenstadt-MartinStrattner-02.jpg\"><img loading=\"lazy\" class=\"alignnone size-full wp-image-2298\" src=\"http:\/\/www.martinstrattner.de\/fotoblog\/wp-content\/uploads\/2013\/07\/Hafenstadt-MartinStrattner-02.jpg\" alt=\"Hafenstadt-MartinStrattner-02\" width=\"600\" height=\"599\" srcset=\"http:\/\/www.martinstrattner.de\/fotoblog\/wp-content\/uploads\/2013\/07\/Hafenstadt-MartinStrattner-02.jpg 600w, http:\/\/www.martinstrattner.de\/fotoblog\/wp-content\/uploads\/2013\/07\/Hafenstadt-MartinStrattner-02-188x188.jpg 188w, http:\/\/www.martinstrattner.de\/fotoblog\/wp-content\/uploads\/2013\/07\/Hafenstadt-MartinStrattner-02-288x288.jpg 288w, http:\/\/www.martinstrattner.de\/fotoblog\/wp-content\/uploads\/2013\/07\/Hafenstadt-MartinStrattner-02-494x494.jpg 494w, http:\/\/www.martinstrattner.de\/fotoblog\/wp-content\/uploads\/2013\/07\/Hafenstadt-MartinStrattner-02-88x88.jpg 88w\" sizes=\"(max-width: 600px) 100vw, 600px\" \/><\/a><\/p>\n<p style=\"text-align: center;\">Bei der Ankunft am Hotel laufen uns Menschen in Tracht \u00fcber den Weg. Okay, ganz normal, ABER DOCH NICHT HIER!<\/p>\n<p style=\"text-align: center;\"><a href=\"http:\/\/www.martinstrattner.de\/fotoblog\/wp-content\/uploads\/2013\/07\/Hafenstadt-MartinStrattner-09.jpg\"><img loading=\"lazy\" src=\"http:\/\/www.martinstrattner.de\/fotoblog\/wp-content\/uploads\/2013\/07\/Hafenstadt-MartinStrattner-09.jpg\" alt=\"Hafenstadt-MartinStrattner-09\" width=\"600\" height=\"800\" \/><\/a><a href=\"http:\/\/www.martinstrattner.de\/fotoblog\/wp-content\/uploads\/2013\/07\/Hafenstadt-MartinStrattner-05.jpg\"><img loading=\"lazy\" src=\"http:\/\/www.martinstrattner.de\/fotoblog\/wp-content\/uploads\/2013\/07\/Hafenstadt-MartinStrattner-05.jpg\" alt=\"Hafenstadt-MartinStrattner-05\" width=\"600\" height=\"450\" \/><\/a><a href=\"http:\/\/www.martinstrattner.de\/fotoblog\/wp-content\/uploads\/2013\/07\/Hafenstadt-MartinStrattner-07.jpg\"><img loading=\"lazy\" src=\"http:\/\/www.martinstrattner.de\/fotoblog\/wp-content\/uploads\/2013\/07\/Hafenstadt-MartinStrattner-07.jpg\" alt=\"Hafenstadt-MartinStrattner-07\" width=\"600\" height=\"600\" \/><\/a><img loading=\"lazy\" src=\"http:\/\/www.martinstrattner.de\/fotoblog\/wp-content\/uploads\/2013\/07\/Hafenstadt-MartinStrattner-06.jpg\" alt=\"Hafenstadt-MartinStrattner-06\" width=\"600\" height=\"800\" \/><\/p>\n<p style=\"text-align: center;\">Wir wollten unbedingt gleich in die Stadt, gehen noch durch den Abend, genie\u00dfen die Leute, die Stimmung, uns. Wir trinken wohlschmeckendes Scharfes aus kleinen Gl\u00e4sern mit Zitrusfr\u00fcchten drin.<\/p>\n<p style=\"text-align: center;\">Am n\u00e4chsten Tag beginnt die Feier Sebastians schon fr\u00fch, wir sollen uns alle am Strand treffen. Doris und ich stellen mal wieder fest, dass der M\u00fcnchner Nahverkehr einfach der Beste ist. Zu dem Treffpunkt scheint der beste Weg n\u00e4mlich ein 40 min\u00fctiger Fu\u00dfweg zu sein. Macht nichts, die Zeitplanung ist perfekt, und wir k\u00f6nnen in Altona noch fr\u00fchst\u00fccken.<\/p>\n<p style=\"text-align: center;\"><img loading=\"lazy\" src=\"http:\/\/www.martinstrattner.de\/fotoblog\/wp-content\/uploads\/2013\/07\/Hafenstadt-MartinStrattner-10.jpg\" alt=\"Hafenstadt-MartinStrattner-10\" width=\"600\" height=\"450\" \/><img loading=\"lazy\" src=\"http:\/\/www.martinstrattner.de\/fotoblog\/wp-content\/uploads\/2013\/07\/Hafenstadt-MartinStrattner-11.jpg\" alt=\"Hafenstadt-MartinStrattner-11\" width=\"600\" height=\"450\" \/><\/p>\n<p style=\"text-align: center;\">Der perfekte Zeitplan ist inzwischen total zusammengefallen. Die Bedienung schafft es anscheinend nicht das Cafe-eigene Huhn in der K\u00fcche zum Ei-legen zu stimulieren. Wir warten ewig. Nehmen ein Taxi, der Fahrer kennt die Location nicht.<\/p>\n<p style=\"text-align: center;\">Die Strandperle. Es gibt tolle Ereignisse. Und es gibt tolle Personen. Und es gibt Gelegenheiten, da kommt beides zusammen ;)<\/p>\n<p style=\"text-align: center;\">Wir sind nicht die Letzten.<\/p>\n<p style=\"text-align: center;\"><img loading=\"lazy\" src=\"http:\/\/www.martinstrattner.de\/fotoblog\/wp-content\/uploads\/2013\/07\/Hafenstadt-MartinStrattner-15.jpg\" alt=\"Hafenstadt-MartinStrattner-15\" width=\"600\" height=\"450\" \/><img loading=\"lazy\" src=\"http:\/\/www.martinstrattner.de\/fotoblog\/wp-content\/uploads\/2013\/07\/Hafenstadt-MartinStrattner-13.jpg\" alt=\"Hafenstadt-MartinStrattner-13\" width=\"600\" height=\"450\" \/><\/p>\n<p style=\"text-align: center;\">Ich hab noch ein wenig Hunger, weil wir beim Fr\u00fchst\u00fcck aus Zeitnot nicht viel essen konnten. \u00a0Pl\u00f6tzlich sagt Sebastian etwas von &#8222;Schitzeljagd&#8220;. Ich falle aus allen Wolken. Es gibt nichts zu Essen? Ich hatte mich so auf das Fleisch gefreut! Zurecht wird Sebastian unsicher ob das alles so ne Gute Idee ist, und l\u00e4sst abstimmen ob wir \u00fcberhaupt wollen.<\/p>\n<p style=\"text-align: center;\">(M\u00f6glicherweise hab ich da aber auch was verdreht)<\/p>\n<p style=\"text-align: center;\">Los geht die wilde Sause. Es werden gro\u00dfe Gewinne versprochen. Googeln ist verboten, und von jeder erledigten Aufgabe muss es ein Foto geben.<\/p>\n<p style=\"text-align: center;\"><img loading=\"lazy\" src=\"http:\/\/www.martinstrattner.de\/fotoblog\/wp-content\/uploads\/2013\/07\/Hafenstadt-MartinStrattner-18.jpg\" alt=\"Hafenstadt-MartinStrattner-18\" width=\"600\" height=\"450\" \/><img loading=\"lazy\" src=\"http:\/\/www.martinstrattner.de\/fotoblog\/wp-content\/uploads\/2013\/07\/Hafenstadt-MartinStrattner-17.jpg\" alt=\"Hafenstadt-MartinStrattner-17\" width=\"600\" height=\"450\" \/><\/p>\n<p style=\"text-align: center;\">Ich bel\u00e4stige, im Hungerwahn, fremde Leute. Aber hier kann keiner der ortsans\u00e4ssigen Bierfans die schwierigen Fragen beantworten. Wir m\u00fcssen einen Turm unter der Erde finden. Menschen verzweifeln vor meinen Augen.<\/p>\n<p style=\"text-align: center;\"><img loading=\"lazy\" src=\"http:\/\/www.martinstrattner.de\/fotoblog\/wp-content\/uploads\/2013\/07\/Hafenstadt-MartinStrattner-19.jpg\" alt=\"Hafenstadt-MartinStrattner-19\" width=\"600\" height=\"450\" \/><img loading=\"lazy\" src=\"http:\/\/www.martinstrattner.de\/fotoblog\/wp-content\/uploads\/2013\/07\/Hafenstadt-MartinStrattner-20.jpg\" alt=\"Hafenstadt-MartinStrattner-20\" width=\"600\" height=\"800\" \/><\/p>\n<p style=\"text-align: center;\">Noch mehr verr\u00fcckt angezogene Leute. \u00a0Alle Altersklassen. Die Hamburger Mit-Schnitzelj\u00e4ger sagen, es w\u00e4re Schlagermove. Und das w\u00e4re normal, weil jedes Jahr.<\/p>\n<p style=\"text-align: center;\"><img loading=\"lazy\" src=\"http:\/\/www.martinstrattner.de\/fotoblog\/wp-content\/uploads\/2013\/07\/Hafenstadt-MartinStrattner-22.jpg\" alt=\"Hafenstadt-MartinStrattner-22\" width=\"600\" height=\"450\" \/><img loading=\"lazy\" src=\"http:\/\/www.martinstrattner.de\/fotoblog\/wp-content\/uploads\/2013\/07\/Hafenstadt-MartinStrattner-21.jpg\" alt=\"Hafenstadt-MartinStrattner-21\" width=\"600\" height=\"800\" \/><\/p>\n<p style=\"text-align: center;\">Im schnurgeraden Elbtunnel m\u00fcssen wir den Knick finden. Da ist er!<\/p>\n<p style=\"text-align: center;\"><img loading=\"lazy\" src=\"http:\/\/www.martinstrattner.de\/fotoblog\/wp-content\/uploads\/2013\/07\/Hafenstadt-MartinStrattner-24.jpg\" alt=\"Hafenstadt-MartinStrattner-24\" width=\"600\" height=\"450\" \/><img loading=\"lazy\" src=\"http:\/\/www.martinstrattner.de\/fotoblog\/wp-content\/uploads\/2013\/07\/Hafenstadt-MartinStrattner-23.jpg\" alt=\"Hafenstadt-MartinStrattner-23\" width=\"600\" height=\"800\" \/><img loading=\"lazy\" src=\"http:\/\/www.martinstrattner.de\/fotoblog\/wp-content\/uploads\/2013\/07\/Hafenstadt-MartinStrattner-25.jpg\" alt=\"Hafenstadt-MartinStrattner-25\" width=\"600\" height=\"800\" \/><a href=\"http:\/\/www.martinstrattner.de\/fotoblog\/wp-content\/uploads\/2013\/07\/Hafenstadt-MartinStrattner-26.jpg\"><img loading=\"lazy\" src=\"http:\/\/www.martinstrattner.de\/fotoblog\/wp-content\/uploads\/2013\/07\/Hafenstadt-MartinStrattner-26.jpg\" alt=\"Hafenstadt-MartinStrattner-26\" width=\"600\" height=\"800\" \/><\/a><a href=\"http:\/\/www.martinstrattner.de\/fotoblog\/wp-content\/uploads\/2013\/07\/Hafenstadt-MartinStrattner-30.jpg\"><img loading=\"lazy\" class=\"alignnone size-full wp-image-2279\" src=\"http:\/\/www.martinstrattner.de\/fotoblog\/wp-content\/uploads\/2013\/07\/Hafenstadt-MartinStrattner-30.jpg\" alt=\"Hafenstadt-MartinStrattner-30\" width=\"600\" height=\"450\" srcset=\"http:\/\/www.martinstrattner.de\/fotoblog\/wp-content\/uploads\/2013\/07\/Hafenstadt-MartinStrattner-30.jpg 600w, http:\/\/www.martinstrattner.de\/fotoblog\/wp-content\/uploads\/2013\/07\/Hafenstadt-MartinStrattner-30-288x216.jpg 288w, http:\/\/www.martinstrattner.de\/fotoblog\/wp-content\/uploads\/2013\/07\/Hafenstadt-MartinStrattner-30-494x370.jpg 494w\" sizes=\"(max-width: 600px) 100vw, 600px\" \/><\/a> <a href=\"http:\/\/www.martinstrattner.de\/fotoblog\/wp-content\/uploads\/2013\/07\/Hafenstadt-MartinStrattner-29.jpg\"><img loading=\"lazy\" class=\"alignnone size-full wp-image-2278\" src=\"http:\/\/www.martinstrattner.de\/fotoblog\/wp-content\/uploads\/2013\/07\/Hafenstadt-MartinStrattner-29.jpg\" alt=\"Hafenstadt-MartinStrattner-29\" width=\"600\" height=\"450\" srcset=\"http:\/\/www.martinstrattner.de\/fotoblog\/wp-content\/uploads\/2013\/07\/Hafenstadt-MartinStrattner-29.jpg 600w, http:\/\/www.martinstrattner.de\/fotoblog\/wp-content\/uploads\/2013\/07\/Hafenstadt-MartinStrattner-29-288x216.jpg 288w, http:\/\/www.martinstrattner.de\/fotoblog\/wp-content\/uploads\/2013\/07\/Hafenstadt-MartinStrattner-29-494x370.jpg 494w\" sizes=\"(max-width: 600px) 100vw, 600px\" \/><\/a><\/p>\n<p style=\"text-align: center;\">Und weil wir vor der Rathausf\u00fchrung noch 30 Minuten Zeit haben, wechseln wir im Hof Klamotten und machen Fotos.<\/p>\n<p style=\"text-align: center;\"><a href=\"http:\/\/www.martinstrattner.de\/fotoblog\/wp-content\/uploads\/2013\/07\/Hafenstadt-MartinStrattner-28.jpg\"><img loading=\"lazy\" class=\"alignnone size-full wp-image-2277\" src=\"http:\/\/www.martinstrattner.de\/fotoblog\/wp-content\/uploads\/2013\/07\/Hafenstadt-MartinStrattner-28.jpg\" alt=\"Hafenstadt-MartinStrattner-28\" width=\"600\" height=\"450\" srcset=\"http:\/\/www.martinstrattner.de\/fotoblog\/wp-content\/uploads\/2013\/07\/Hafenstadt-MartinStrattner-28.jpg 600w, http:\/\/www.martinstrattner.de\/fotoblog\/wp-content\/uploads\/2013\/07\/Hafenstadt-MartinStrattner-28-288x216.jpg 288w, http:\/\/www.martinstrattner.de\/fotoblog\/wp-content\/uploads\/2013\/07\/Hafenstadt-MartinStrattner-28-494x370.jpg 494w\" sizes=\"(max-width: 600px) 100vw, 600px\" \/><\/a><\/p>\n<p style=\"text-align: center;\">N\u00e4chste Aufgabe: Fotos in einem der Hamburger <a href=\"http:\/\/www.photoautomat.de\/\">Photoautomaten <\/a>machen. Was Doris und mir sehr entgegenkommt. Weil wir in jeder Stadt in der wir sind und eines dieser gro\u00dfartigen analogen Ger\u00e4te, darin Fotos machen.<\/p>\n<p style=\"text-align: center;\">Done.<\/p>\n<p style=\"text-align: center;\"><a href=\"http:\/\/www.martinstrattner.de\/fotoblog\/wp-content\/uploads\/2013\/07\/Hafenstadt-MartinStrattner-32.jpg\"><img loading=\"lazy\" src=\"http:\/\/www.martinstrattner.de\/fotoblog\/wp-content\/uploads\/2013\/07\/Hafenstadt-MartinStrattner-32.jpg\" alt=\"Hafenstadt-MartinStrattner-32\" width=\"600\" height=\"450\" \/><\/a><\/p>\n<p style=\"text-align: center;\">Am Ende treffen wir uns alle wieder und feiern.<\/p>\n<p style=\"text-align: center;\">Die n\u00e4chsten Tage machen wir ein erst ein kleines <a title=\"Zwei mal Zwei (Hamburg)\" href=\"http:\/\/www.martinstrattner.de\/fotoblog\/2013\/07\/zwei-mal-zwei-hamburg\/\">Paarshooting, zusammen mit Sebastian und Annika<\/a>, und haben den den halben Sonntag und den Montag f\u00fcr uns und gehen noch ein wenig durch die Stadt. Zuerst nochmal zur\u00fcck zum Photoautomaten, Doris und ich wollen noch Fotos von uns beiden.<\/p>\n<p style=\"text-align: center;\"><a href=\"http:\/\/www.martinstrattner.de\/fotoblog\/wp-content\/uploads\/2013\/07\/zwei-mal-zwei-MartinStrattner-071.jpg\"><img loading=\"lazy\" src=\"http:\/\/www.martinstrattner.de\/fotoblog\/wp-content\/uploads\/2013\/07\/zwei-mal-zwei-MartinStrattner-071.jpg\" alt=\"zwei mal zwei-MartinStrattner-07\" width=\"600\" height=\"400\" \/><\/a><a href=\"http:\/\/www.martinstrattner.de\/fotoblog\/wp-content\/uploads\/2013\/07\/Hafenstadt-MartinStrattner-38.jpg\"><img loading=\"lazy\" src=\"http:\/\/www.martinstrattner.de\/fotoblog\/wp-content\/uploads\/2013\/07\/Hafenstadt-MartinStrattner-38.jpg\" alt=\"Hafenstadt-MartinStrattner-38\" width=\"600\" height=\"450\" \/><\/a><a href=\"http:\/\/www.martinstrattner.de\/fotoblog\/wp-content\/uploads\/2013\/07\/Hafenstadt-MartinStrattner-37.jpg\"><img loading=\"lazy\" src=\"http:\/\/www.martinstrattner.de\/fotoblog\/wp-content\/uploads\/2013\/07\/Hafenstadt-MartinStrattner-37.jpg\" alt=\"Hafenstadt-MartinStrattner-37\" width=\"600\" height=\"450\" \/><\/a><a href=\"http:\/\/www.martinstrattner.de\/fotoblog\/wp-content\/uploads\/2013\/07\/Hafenstadt-MartinStrattner-39.jpg\"><img loading=\"lazy\" src=\"http:\/\/www.martinstrattner.de\/fotoblog\/wp-content\/uploads\/2013\/07\/Hafenstadt-MartinStrattner-39.jpg\" alt=\"Hafenstadt-MartinStrattner-39\" width=\"600\" height=\"450\" \/><\/a><\/p>\n<p style=\"text-align: center;\">Dann geht&#8217;s in die Speicherstadt \/ Hafencity. Da wir das versprochene Schnitzel nicht bekamen, hat Sebastian uns nen Essenstipp gegeben. Das <a href=\"http:\/\/speicherstadt.schoenes-leben.com\">&#8222;Sch\u00f6nes Leben&#8220;<\/a> in der Speicherstadt.<\/p>\n<p style=\"text-align: center;\"><a href=\"http:\/\/www.martinstrattner.de\/fotoblog\/wp-content\/uploads\/2013\/07\/Hafenstadt-MartinStrattner-36.jpg\"><img loading=\"lazy\" src=\"http:\/\/www.martinstrattner.de\/fotoblog\/wp-content\/uploads\/2013\/07\/Hafenstadt-MartinStrattner-36.jpg\" alt=\"Hafenstadt-MartinStrattner-36\" width=\"600\" height=\"450\" \/><\/a><a href=\"http:\/\/www.martinstrattner.de\/fotoblog\/wp-content\/uploads\/2013\/07\/Hafenstadt-MartinStrattner-35.jpg\"><img loading=\"lazy\" src=\"http:\/\/www.martinstrattner.de\/fotoblog\/wp-content\/uploads\/2013\/07\/Hafenstadt-MartinStrattner-35.jpg\" alt=\"Hafenstadt-MartinStrattner-35\" width=\"600\" height=\"600\" \/><\/a><a href=\"http:\/\/www.martinstrattner.de\/fotoblog\/wp-content\/uploads\/2013\/07\/Hafenstadt-MartinStrattner-34.jpg\"><img loading=\"lazy\" src=\"http:\/\/www.martinstrattner.de\/fotoblog\/wp-content\/uploads\/2013\/07\/Hafenstadt-MartinStrattner-34.jpg\" alt=\"Hafenstadt-MartinStrattner-34\" width=\"600\" height=\"450\" \/><\/a><a href=\"http:\/\/www.martinstrattner.de\/fotoblog\/wp-content\/uploads\/2013\/07\/Hafenstadt-MartinStrattner-33.jpg\"><img loading=\"lazy\" src=\"http:\/\/www.martinstrattner.de\/fotoblog\/wp-content\/uploads\/2013\/07\/Hafenstadt-MartinStrattner-33.jpg\" alt=\"Hafenstadt-MartinStrattner-33\" width=\"600\" height=\"450\" \/><\/a><\/p>\n<p style=\"text-align: center;\">Den letzten Tag beenden wir am Jungfernsteg, sitzen, sehen uns Leute an und genie\u00dfen.<\/p>\n<p><a href=\"http:\/\/www.martinstrattner.de\/fotoblog\/wp-content\/uploads\/2013\/07\/Hafenstadt-MartinStrattner-45.jpg\"><img loading=\"lazy\" class=\" aligncenter\" src=\"http:\/\/www.martinstrattner.de\/fotoblog\/wp-content\/uploads\/2013\/07\/Hafenstadt-MartinStrattner-45.jpg\" alt=\"Hafenstadt-MartinStrattner-45\" width=\"600\" height=\"450\" \/><\/a><a href=\"http:\/\/www.martinstrattner.de\/fotoblog\/wp-content\/uploads\/2013\/07\/Hafenstadt-MartinStrattner-44.jpg\"><img loading=\"lazy\" class=\" aligncenter\" src=\"http:\/\/www.martinstrattner.de\/fotoblog\/wp-content\/uploads\/2013\/07\/Hafenstadt-MartinStrattner-44.jpg\" alt=\"Hafenstadt-MartinStrattner-44\" width=\"600\" height=\"450\" \/><\/a><a href=\"http:\/\/www.martinstrattner.de\/fotoblog\/wp-content\/uploads\/2013\/07\/Hafenstadt-MartinStrattner-42.jpg\"><img loading=\"lazy\" class=\" aligncenter\" src=\"http:\/\/www.martinstrattner.de\/fotoblog\/wp-content\/uploads\/2013\/07\/Hafenstadt-MartinStrattner-42.jpg\" alt=\"Hafenstadt-MartinStrattner-42\" width=\"600\" height=\"450\" \/><\/a><a href=\"http:\/\/www.martinstrattner.de\/fotoblog\/wp-content\/uploads\/2013\/07\/Hafenstadt-MartinStrattner-40.jpg\"><img loading=\"lazy\" class=\" aligncenter\" src=\"http:\/\/www.martinstrattner.de\/fotoblog\/wp-content\/uploads\/2013\/07\/Hafenstadt-MartinStrattner-40.jpg\" alt=\"Hafenstadt-MartinStrattner-40\" width=\"600\" height=\"450\" \/><\/a><a href=\"http:\/\/www.martinstrattner.de\/fotoblog\/wp-content\/uploads\/2013\/07\/Hafenstadt-MartinStrattner-43.jpg\"><img loading=\"lazy\" class=\"aligncenter\" src=\"http:\/\/www.martinstrattner.de\/fotoblog\/wp-content\/uploads\/2013\/07\/Hafenstadt-MartinStrattner-43.jpg\" alt=\"Hafenstadt-MartinStrattner-43\" width=\"600\" height=\"600\" \/><\/a><\/p>\n\n<!-- Facebook Like Button v1.9.6 BEGIN [http:\/\/blog.bottomlessinc.com] -->\n<fb:like href=\"http:\/\/www.martinstrattner.de\/fotoblog\/2013\/07\/schlechtes-wetter-und-gute-menschen-hamburg\/\" layout=\"button_count\" show_faces=\"false\" width=\"450\" action=\"like\" colorscheme=\"light\"><\/fb:like>\n<!-- Facebook Like Button END -->\n<\/div><\/div>","protected":false},"excerpt":{"rendered":"<p>Hamburg mag ich richtig gern. Weil es so unterschiedlich ist. Auch unterschiedlich ist das Alter von Sebastian. Jedes Jahr anders, und zum diesj\u00e4hrigen Moment des Wechsels lud er zu sich ein. Er sagte noch was von &#8222;Schnitzel&#8220;, und so buchten Doris und ich sofort, mit Wasser im Mund, den Flug. Bei der Ankunft am Hotel [&hellip;]<\/p>\n","protected":false},"author":1,"featured_media":2295,"comment_status":"open","ping_status":"open","sticky":false,"template":"","format":"standard","meta":{"spay_email":"","jetpack_publicize_message":""},"categories":[1,13,6,7],"tags":[],"jetpack_featured_media_url":"http:\/\/www.martinstrattner.de\/fotoblog\/wp-content\/uploads\/2013\/07\/Titel-Schnitzeljagd-MartinStrattner.jpg","jetpack_publicize_connections":[],"jetpack_shortlink":"https:\/\/wp.me\/p2qpVl-zA","jetpack_sharing_enabled":true,"jetpack-related-posts":[],"_links":{"self":[{"href":"http:\/\/www.martinstrattner.de\/fotoblog\/wp-json\/wp\/v2\/posts\/2206"}],"collection":[{"href":"http:\/\/www.martinstrattner.de\/fotoblog\/wp-json\/wp\/v2\/posts"}],"about":[{"href":"http:\/\/www.martinstrattner.de\/fotoblog\/wp-json\/wp\/v2\/types\/post"}],"author":[{"embeddable":true,"href":"http:\/\/www.martinstrattner.de\/fotoblog\/wp-json\/wp\/v2\/users\/1"}],"replies":[{"embeddable":true,"href":"http:\/\/www.martinstrattner.de\/fotoblog\/wp-json\/wp\/v2\/comments?post=2206"}],"version-history":[{"count":17,"href":"http:\/\/www.martinstrattner.de\/fotoblog\/wp-json\/wp\/v2\/posts\/2206\/revisions"}],"predecessor-version":[{"id":5667,"href":"http:\/\/www.martinstrattner.de\/fotoblog\/wp-json\/wp\/v2\/posts\/2206\/revisions\/5667"}],"wp:featuredmedia":[{"embeddable":true,"href":"http:\/\/www.martinstrattner.de\/fotoblog\/wp-json\/wp\/v2\/media\/2295"}],"wp:attachment":[{"href":"http:\/\/www.martinstrattner.de\/fotoblog\/wp-json\/wp\/v2\/media?parent=2206"}],"wp:term":[{"taxonomy":"category","embeddable":true,"href":"http:\/\/www.martinstrattner.de\/fotoblog\/wp-json\/wp\/v2\/categories?post=2206"},{"taxonomy":"post_tag","embeddable":true,"href":"http:\/\/www.martinstrattner.de\/fotoblog\/wp-json\/wp\/v2\/tags?post=2206"}],"curies":[{"name":"wp","href":"https:\/\/api.w.org\/{rel}","templated":true}]}}