{"id":2054,"date":"2013-06-27T21:02:57","date_gmt":"2013-06-27T20:02:57","guid":{"rendered":"http:\/\/www.martinstrattner.de\/fotoblog\/?p=2054"},"modified":"2015-03-28T22:26:53","modified_gmt":"2015-03-28T21:26:53","slug":"grachten-und-hauschen-in-amsterdam-2","status":"publish","type":"post","link":"http:\/\/www.martinstrattner.de\/fotoblog\/2013\/06\/grachten-und-hauschen-in-amsterdam-2\/","title":{"rendered":"Grachten und H\u00e4uschen in (Amsterdam) 2"},"content":{"rendered":"<div id=\"dslc-theme-content\"><div id=\"dslc-theme-content-inner\"><p style=\"text-align: center;\">Wir hatten am Vortag schon so viel von Amsterdam gesehen, und das Gef\u00fchl das Wichtigste geschafft zu haben, dass wir ohne Wecker aufstehen konnten. Also gem\u00e4chlich in den Tag starten. Rein in die bequemen Treter, und los zum Fr\u00fchst\u00fccken. Seit New York und den unglublich fantastischen Bagels in Grand central jagen wir diesem Erlebnis hinterher. Bagels sollten es also werden, in einem Laden den wir den Tag davor schon sahen. Auf dem Weg dahin in der Stra\u00dfenbahn wurde der Hunger riesig, die neben der Tram herfahrende &#8222;Biene&#8220; versuchte uns zu provozieren, und machte das Grummeln im Bauch nicht besser.<\/p>\n<p style=\"text-align: center;\"><a href=\"http:\/\/www.martinstrattner.de\/fotoblog\/wp-content\/uploads\/2013\/06\/13-Amsterdam_2-01.jpg\"><img loading=\"lazy\" class=\"alignnone size-full wp-image-2100\" src=\"http:\/\/www.martinstrattner.de\/fotoblog\/wp-content\/uploads\/2013\/06\/13-Amsterdam_2-01.jpg\" alt=\"13-Amsterdam_2-01\" width=\"600\" height=\"450\" srcset=\"http:\/\/www.martinstrattner.de\/fotoblog\/wp-content\/uploads\/2013\/06\/13-Amsterdam_2-01.jpg 600w, http:\/\/www.martinstrattner.de\/fotoblog\/wp-content\/uploads\/2013\/06\/13-Amsterdam_2-01-288x216.jpg 288w, http:\/\/www.martinstrattner.de\/fotoblog\/wp-content\/uploads\/2013\/06\/13-Amsterdam_2-01-494x370.jpg 494w\" sizes=\"(max-width: 600px) 100vw, 600px\" \/><\/a> <a href=\"http:\/\/www.martinstrattner.de\/fotoblog\/wp-content\/uploads\/2013\/06\/13-Amsterdam_2-02.jpg\"><img loading=\"lazy\" class=\"alignnone size-full wp-image-2101\" src=\"http:\/\/www.martinstrattner.de\/fotoblog\/wp-content\/uploads\/2013\/06\/13-Amsterdam_2-02.jpg\" alt=\"13-Amsterdam_2-02\" width=\"600\" height=\"800\" srcset=\"http:\/\/www.martinstrattner.de\/fotoblog\/wp-content\/uploads\/2013\/06\/13-Amsterdam_2-02.jpg 600w, http:\/\/www.martinstrattner.de\/fotoblog\/wp-content\/uploads\/2013\/06\/13-Amsterdam_2-02-216x288.jpg 216w, http:\/\/www.martinstrattner.de\/fotoblog\/wp-content\/uploads\/2013\/06\/13-Amsterdam_2-02-370x494.jpg 370w, http:\/\/www.martinstrattner.de\/fotoblog\/wp-content\/uploads\/2013\/06\/13-Amsterdam_2-02-450x600.jpg 450w\" sizes=\"(max-width: 600px) 100vw, 600px\" \/><\/a><\/p>\n<p style=\"text-align: center;\">Gest\u00e4rkt gingen wir relativ planlos durch Amsterdam. Bisher waren wir eher im Zentrum und im westlicheren Teil. Also gings jetzt vom Westen, runter in den S\u00fcden, dann ins Zentrum und nach Osten. Einmal quer durch, keine bestimmte Route, sondern an jeder Kreuzung sehen welche Stra\u00dfe es denn wohl wert ist, dass man sie entlang geht.<\/p>\n<p style=\"text-align: center;\"><a href=\"http:\/\/www.martinstrattner.de\/fotoblog\/wp-content\/uploads\/2013\/06\/13-Amsterdam_2-03.jpg\"><img loading=\"lazy\" class=\"alignnone size-full wp-image-2102\" src=\"http:\/\/www.martinstrattner.de\/fotoblog\/wp-content\/uploads\/2013\/06\/13-Amsterdam_2-03.jpg\" alt=\"13-Amsterdam_2-03\" width=\"600\" height=\"800\" srcset=\"http:\/\/www.martinstrattner.de\/fotoblog\/wp-content\/uploads\/2013\/06\/13-Amsterdam_2-03.jpg 600w, http:\/\/www.martinstrattner.de\/fotoblog\/wp-content\/uploads\/2013\/06\/13-Amsterdam_2-03-216x288.jpg 216w, http:\/\/www.martinstrattner.de\/fotoblog\/wp-content\/uploads\/2013\/06\/13-Amsterdam_2-03-370x494.jpg 370w, http:\/\/www.martinstrattner.de\/fotoblog\/wp-content\/uploads\/2013\/06\/13-Amsterdam_2-03-450x600.jpg 450w\" sizes=\"(max-width: 600px) 100vw, 600px\" \/><\/a> <a href=\"http:\/\/www.martinstrattner.de\/fotoblog\/wp-content\/uploads\/2013\/06\/13-Amsterdam_2-04.jpg\"><img loading=\"lazy\" class=\"alignnone size-full wp-image-2103\" src=\"http:\/\/www.martinstrattner.de\/fotoblog\/wp-content\/uploads\/2013\/06\/13-Amsterdam_2-04.jpg\" alt=\"13-Amsterdam_2-04\" width=\"600\" height=\"450\" srcset=\"http:\/\/www.martinstrattner.de\/fotoblog\/wp-content\/uploads\/2013\/06\/13-Amsterdam_2-04.jpg 600w, http:\/\/www.martinstrattner.de\/fotoblog\/wp-content\/uploads\/2013\/06\/13-Amsterdam_2-04-288x216.jpg 288w, http:\/\/www.martinstrattner.de\/fotoblog\/wp-content\/uploads\/2013\/06\/13-Amsterdam_2-04-494x370.jpg 494w\" sizes=\"(max-width: 600px) 100vw, 600px\" \/><\/a> <a href=\"http:\/\/www.martinstrattner.de\/fotoblog\/wp-content\/uploads\/2013\/06\/13-Amsterdam_2-05.jpg\"><img loading=\"lazy\" class=\"alignnone size-full wp-image-2104\" src=\"http:\/\/www.martinstrattner.de\/fotoblog\/wp-content\/uploads\/2013\/06\/13-Amsterdam_2-05.jpg\" alt=\"13-Amsterdam_2-05\" width=\"600\" height=\"450\" srcset=\"http:\/\/www.martinstrattner.de\/fotoblog\/wp-content\/uploads\/2013\/06\/13-Amsterdam_2-05.jpg 600w, http:\/\/www.martinstrattner.de\/fotoblog\/wp-content\/uploads\/2013\/06\/13-Amsterdam_2-05-288x216.jpg 288w, http:\/\/www.martinstrattner.de\/fotoblog\/wp-content\/uploads\/2013\/06\/13-Amsterdam_2-05-494x370.jpg 494w\" sizes=\"(max-width: 600px) 100vw, 600px\" \/><\/a> <a href=\"http:\/\/www.martinstrattner.de\/fotoblog\/wp-content\/uploads\/2013\/06\/13-Amsterdam_2-06.jpg\"><img loading=\"lazy\" class=\"alignnone size-full wp-image-2105\" src=\"http:\/\/www.martinstrattner.de\/fotoblog\/wp-content\/uploads\/2013\/06\/13-Amsterdam_2-06.jpg\" alt=\"13-Amsterdam_2-06\" width=\"600\" height=\"450\" srcset=\"http:\/\/www.martinstrattner.de\/fotoblog\/wp-content\/uploads\/2013\/06\/13-Amsterdam_2-06.jpg 600w, http:\/\/www.martinstrattner.de\/fotoblog\/wp-content\/uploads\/2013\/06\/13-Amsterdam_2-06-288x216.jpg 288w, http:\/\/www.martinstrattner.de\/fotoblog\/wp-content\/uploads\/2013\/06\/13-Amsterdam_2-06-494x370.jpg 494w\" sizes=\"(max-width: 600px) 100vw, 600px\" \/><\/a> <a href=\"http:\/\/www.martinstrattner.de\/fotoblog\/wp-content\/uploads\/2013\/06\/13-Amsterdam_2-07.jpg\"><img loading=\"lazy\" class=\"alignnone size-full wp-image-2106\" src=\"http:\/\/www.martinstrattner.de\/fotoblog\/wp-content\/uploads\/2013\/06\/13-Amsterdam_2-07.jpg\" alt=\"13-Amsterdam_2-07\" width=\"600\" height=\"800\" srcset=\"http:\/\/www.martinstrattner.de\/fotoblog\/wp-content\/uploads\/2013\/06\/13-Amsterdam_2-07.jpg 600w, http:\/\/www.martinstrattner.de\/fotoblog\/wp-content\/uploads\/2013\/06\/13-Amsterdam_2-07-216x288.jpg 216w, http:\/\/www.martinstrattner.de\/fotoblog\/wp-content\/uploads\/2013\/06\/13-Amsterdam_2-07-370x494.jpg 370w, http:\/\/www.martinstrattner.de\/fotoblog\/wp-content\/uploads\/2013\/06\/13-Amsterdam_2-07-450x600.jpg 450w\" sizes=\"(max-width: 600px) 100vw, 600px\" \/><\/a> <a href=\"http:\/\/www.martinstrattner.de\/fotoblog\/wp-content\/uploads\/2013\/06\/13-Amsterdam_2-08.jpg\"><img loading=\"lazy\" class=\"alignnone size-full wp-image-2107\" src=\"http:\/\/www.martinstrattner.de\/fotoblog\/wp-content\/uploads\/2013\/06\/13-Amsterdam_2-08.jpg\" alt=\"13-Amsterdam_2-08\" width=\"600\" height=\"800\" srcset=\"http:\/\/www.martinstrattner.de\/fotoblog\/wp-content\/uploads\/2013\/06\/13-Amsterdam_2-08.jpg 600w, http:\/\/www.martinstrattner.de\/fotoblog\/wp-content\/uploads\/2013\/06\/13-Amsterdam_2-08-216x288.jpg 216w, http:\/\/www.martinstrattner.de\/fotoblog\/wp-content\/uploads\/2013\/06\/13-Amsterdam_2-08-370x494.jpg 370w, http:\/\/www.martinstrattner.de\/fotoblog\/wp-content\/uploads\/2013\/06\/13-Amsterdam_2-08-450x600.jpg 450w\" sizes=\"(max-width: 600px) 100vw, 600px\" \/><\/a> <a href=\"http:\/\/www.martinstrattner.de\/fotoblog\/wp-content\/uploads\/2013\/06\/13-Amsterdam_2-09.jpg\"><img loading=\"lazy\" class=\"alignnone size-full wp-image-2108\" src=\"http:\/\/www.martinstrattner.de\/fotoblog\/wp-content\/uploads\/2013\/06\/13-Amsterdam_2-09.jpg\" alt=\"13-Amsterdam_2-09\" width=\"600\" height=\"450\" srcset=\"http:\/\/www.martinstrattner.de\/fotoblog\/wp-content\/uploads\/2013\/06\/13-Amsterdam_2-09.jpg 600w, http:\/\/www.martinstrattner.de\/fotoblog\/wp-content\/uploads\/2013\/06\/13-Amsterdam_2-09-288x216.jpg 288w, http:\/\/www.martinstrattner.de\/fotoblog\/wp-content\/uploads\/2013\/06\/13-Amsterdam_2-09-494x370.jpg 494w\" sizes=\"(max-width: 600px) 100vw, 600px\" \/><\/a> <a href=\"http:\/\/www.martinstrattner.de\/fotoblog\/wp-content\/uploads\/2013\/06\/13-Amsterdam_2-10.jpg\"><img loading=\"lazy\" class=\"alignnone size-full wp-image-2109\" src=\"http:\/\/www.martinstrattner.de\/fotoblog\/wp-content\/uploads\/2013\/06\/13-Amsterdam_2-10.jpg\" alt=\"13-Amsterdam_2-10\" width=\"600\" height=\"400\" srcset=\"http:\/\/www.martinstrattner.de\/fotoblog\/wp-content\/uploads\/2013\/06\/13-Amsterdam_2-10.jpg 600w, http:\/\/www.martinstrattner.de\/fotoblog\/wp-content\/uploads\/2013\/06\/13-Amsterdam_2-10-288x192.jpg 288w, http:\/\/www.martinstrattner.de\/fotoblog\/wp-content\/uploads\/2013\/06\/13-Amsterdam_2-10-494x329.jpg 494w\" sizes=\"(max-width: 600px) 100vw, 600px\" \/><\/a> <a href=\"http:\/\/www.martinstrattner.de\/fotoblog\/wp-content\/uploads\/2013\/06\/13-Amsterdam_2-11.jpg\"><img loading=\"lazy\" class=\"alignnone size-full wp-image-2110\" src=\"http:\/\/www.martinstrattner.de\/fotoblog\/wp-content\/uploads\/2013\/06\/13-Amsterdam_2-11.jpg\" alt=\"13-Amsterdam_2-11\" width=\"600\" height=\"400\" srcset=\"http:\/\/www.martinstrattner.de\/fotoblog\/wp-content\/uploads\/2013\/06\/13-Amsterdam_2-11.jpg 600w, http:\/\/www.martinstrattner.de\/fotoblog\/wp-content\/uploads\/2013\/06\/13-Amsterdam_2-11-288x192.jpg 288w, http:\/\/www.martinstrattner.de\/fotoblog\/wp-content\/uploads\/2013\/06\/13-Amsterdam_2-11-494x329.jpg 494w\" sizes=\"(max-width: 600px) 100vw, 600px\" \/><\/a> <a href=\"http:\/\/www.martinstrattner.de\/fotoblog\/wp-content\/uploads\/2013\/06\/13-Amsterdam_2-12.jpg\"><img loading=\"lazy\" class=\"alignnone size-full wp-image-2111\" src=\"http:\/\/www.martinstrattner.de\/fotoblog\/wp-content\/uploads\/2013\/06\/13-Amsterdam_2-12.jpg\" alt=\"13-Amsterdam_2-12\" width=\"600\" height=\"450\" srcset=\"http:\/\/www.martinstrattner.de\/fotoblog\/wp-content\/uploads\/2013\/06\/13-Amsterdam_2-12.jpg 600w, http:\/\/www.martinstrattner.de\/fotoblog\/wp-content\/uploads\/2013\/06\/13-Amsterdam_2-12-288x216.jpg 288w, http:\/\/www.martinstrattner.de\/fotoblog\/wp-content\/uploads\/2013\/06\/13-Amsterdam_2-12-494x370.jpg 494w\" sizes=\"(max-width: 600px) 100vw, 600px\" \/><\/a> <a href=\"http:\/\/www.martinstrattner.de\/fotoblog\/wp-content\/uploads\/2013\/06\/13-Amsterdam_2-13.jpg\"><img loading=\"lazy\" class=\"alignnone size-full wp-image-2112\" src=\"http:\/\/www.martinstrattner.de\/fotoblog\/wp-content\/uploads\/2013\/06\/13-Amsterdam_2-13.jpg\" alt=\"13-Amsterdam_2-13\" width=\"600\" height=\"400\" srcset=\"http:\/\/www.martinstrattner.de\/fotoblog\/wp-content\/uploads\/2013\/06\/13-Amsterdam_2-13.jpg 600w, http:\/\/www.martinstrattner.de\/fotoblog\/wp-content\/uploads\/2013\/06\/13-Amsterdam_2-13-288x192.jpg 288w, http:\/\/www.martinstrattner.de\/fotoblog\/wp-content\/uploads\/2013\/06\/13-Amsterdam_2-13-494x329.jpg 494w\" sizes=\"(max-width: 600px) 100vw, 600px\" \/><\/a> <a href=\"http:\/\/www.martinstrattner.de\/fotoblog\/wp-content\/uploads\/2013\/06\/13-Amsterdam_2-14.jpg\"><img loading=\"lazy\" class=\"alignnone size-full wp-image-2113\" src=\"http:\/\/www.martinstrattner.de\/fotoblog\/wp-content\/uploads\/2013\/06\/13-Amsterdam_2-14.jpg\" alt=\"13-Amsterdam_2-14\" width=\"600\" height=\"800\" srcset=\"http:\/\/www.martinstrattner.de\/fotoblog\/wp-content\/uploads\/2013\/06\/13-Amsterdam_2-14.jpg 600w, http:\/\/www.martinstrattner.de\/fotoblog\/wp-content\/uploads\/2013\/06\/13-Amsterdam_2-14-216x288.jpg 216w, http:\/\/www.martinstrattner.de\/fotoblog\/wp-content\/uploads\/2013\/06\/13-Amsterdam_2-14-370x494.jpg 370w, http:\/\/www.martinstrattner.de\/fotoblog\/wp-content\/uploads\/2013\/06\/13-Amsterdam_2-14-450x600.jpg 450w\" sizes=\"(max-width: 600px) 100vw, 600px\" \/><\/a> <a href=\"http:\/\/www.martinstrattner.de\/fotoblog\/wp-content\/uploads\/2013\/06\/13-Amsterdam_2-15.jpg\"><img loading=\"lazy\" class=\"alignnone size-full wp-image-2114\" src=\"http:\/\/www.martinstrattner.de\/fotoblog\/wp-content\/uploads\/2013\/06\/13-Amsterdam_2-15.jpg\" alt=\"13-Amsterdam_2-15\" width=\"600\" height=\"450\" srcset=\"http:\/\/www.martinstrattner.de\/fotoblog\/wp-content\/uploads\/2013\/06\/13-Amsterdam_2-15.jpg 600w, http:\/\/www.martinstrattner.de\/fotoblog\/wp-content\/uploads\/2013\/06\/13-Amsterdam_2-15-288x216.jpg 288w, http:\/\/www.martinstrattner.de\/fotoblog\/wp-content\/uploads\/2013\/06\/13-Amsterdam_2-15-494x370.jpg 494w\" sizes=\"(max-width: 600px) 100vw, 600px\" \/><\/a> <a href=\"http:\/\/www.martinstrattner.de\/fotoblog\/wp-content\/uploads\/2013\/06\/13-Amsterdam_2-16.jpg\"><img loading=\"lazy\" class=\"alignnone size-full wp-image-2115\" src=\"http:\/\/www.martinstrattner.de\/fotoblog\/wp-content\/uploads\/2013\/06\/13-Amsterdam_2-16.jpg\" alt=\"13-Amsterdam_2-16\" width=\"600\" height=\"800\" srcset=\"http:\/\/www.martinstrattner.de\/fotoblog\/wp-content\/uploads\/2013\/06\/13-Amsterdam_2-16.jpg 600w, http:\/\/www.martinstrattner.de\/fotoblog\/wp-content\/uploads\/2013\/06\/13-Amsterdam_2-16-216x288.jpg 216w, http:\/\/www.martinstrattner.de\/fotoblog\/wp-content\/uploads\/2013\/06\/13-Amsterdam_2-16-370x494.jpg 370w, http:\/\/www.martinstrattner.de\/fotoblog\/wp-content\/uploads\/2013\/06\/13-Amsterdam_2-16-450x600.jpg 450w\" sizes=\"(max-width: 600px) 100vw, 600px\" \/><\/a><\/p>\n<p style=\"text-align: center;\">Habt ihr den Jungen da oben im Fenster gesehen? Bester Platz!<\/p>\n<p style=\"text-align: center;\"><a href=\"http:\/\/www.martinstrattner.de\/fotoblog\/wp-content\/uploads\/2013\/06\/13-Amsterdam_2-17.jpg\"><img loading=\"lazy\" class=\"alignnone size-full wp-image-2116\" src=\"http:\/\/www.martinstrattner.de\/fotoblog\/wp-content\/uploads\/2013\/06\/13-Amsterdam_2-17.jpg\" alt=\"13-Amsterdam_2-17\" width=\"600\" height=\"450\" srcset=\"http:\/\/www.martinstrattner.de\/fotoblog\/wp-content\/uploads\/2013\/06\/13-Amsterdam_2-17.jpg 600w, http:\/\/www.martinstrattner.de\/fotoblog\/wp-content\/uploads\/2013\/06\/13-Amsterdam_2-17-288x216.jpg 288w, http:\/\/www.martinstrattner.de\/fotoblog\/wp-content\/uploads\/2013\/06\/13-Amsterdam_2-17-494x370.jpg 494w\" sizes=\"(max-width: 600px) 100vw, 600px\" \/><\/a> <a href=\"http:\/\/www.martinstrattner.de\/fotoblog\/wp-content\/uploads\/2013\/06\/13-Amsterdam_2-18.jpg\"><img loading=\"lazy\" class=\"alignnone size-full wp-image-2117\" src=\"http:\/\/www.martinstrattner.de\/fotoblog\/wp-content\/uploads\/2013\/06\/13-Amsterdam_2-18.jpg\" alt=\"13-Amsterdam_2-18\" width=\"600\" height=\"450\" srcset=\"http:\/\/www.martinstrattner.de\/fotoblog\/wp-content\/uploads\/2013\/06\/13-Amsterdam_2-18.jpg 600w, http:\/\/www.martinstrattner.de\/fotoblog\/wp-content\/uploads\/2013\/06\/13-Amsterdam_2-18-288x216.jpg 288w, http:\/\/www.martinstrattner.de\/fotoblog\/wp-content\/uploads\/2013\/06\/13-Amsterdam_2-18-494x370.jpg 494w\" sizes=\"(max-width: 600px) 100vw, 600px\" \/><\/a> <a href=\"http:\/\/www.martinstrattner.de\/fotoblog\/wp-content\/uploads\/2013\/06\/13-Amsterdam_2-19.jpg\"><img loading=\"lazy\" class=\"alignnone size-full wp-image-2118\" src=\"http:\/\/www.martinstrattner.de\/fotoblog\/wp-content\/uploads\/2013\/06\/13-Amsterdam_2-19.jpg\" alt=\"13-Amsterdam_2-19\" width=\"600\" height=\"800\" srcset=\"http:\/\/www.martinstrattner.de\/fotoblog\/wp-content\/uploads\/2013\/06\/13-Amsterdam_2-19.jpg 600w, http:\/\/www.martinstrattner.de\/fotoblog\/wp-content\/uploads\/2013\/06\/13-Amsterdam_2-19-216x288.jpg 216w, http:\/\/www.martinstrattner.de\/fotoblog\/wp-content\/uploads\/2013\/06\/13-Amsterdam_2-19-370x494.jpg 370w, http:\/\/www.martinstrattner.de\/fotoblog\/wp-content\/uploads\/2013\/06\/13-Amsterdam_2-19-450x600.jpg 450w\" sizes=\"(max-width: 600px) 100vw, 600px\" \/><\/a> <a href=\"http:\/\/www.martinstrattner.de\/fotoblog\/wp-content\/uploads\/2013\/06\/13-Amsterdam_2-20.jpg\"><img loading=\"lazy\" class=\"alignnone size-full wp-image-2119\" src=\"http:\/\/www.martinstrattner.de\/fotoblog\/wp-content\/uploads\/2013\/06\/13-Amsterdam_2-20.jpg\" alt=\"13-Amsterdam_2-20\" width=\"600\" height=\"450\" srcset=\"http:\/\/www.martinstrattner.de\/fotoblog\/wp-content\/uploads\/2013\/06\/13-Amsterdam_2-20.jpg 600w, http:\/\/www.martinstrattner.de\/fotoblog\/wp-content\/uploads\/2013\/06\/13-Amsterdam_2-20-288x216.jpg 288w, http:\/\/www.martinstrattner.de\/fotoblog\/wp-content\/uploads\/2013\/06\/13-Amsterdam_2-20-494x370.jpg 494w\" sizes=\"(max-width: 600px) 100vw, 600px\" \/><\/a> <a href=\"http:\/\/www.martinstrattner.de\/fotoblog\/wp-content\/uploads\/2013\/06\/13-Amsterdam_2-21.jpg\"><img loading=\"lazy\" class=\"alignnone size-full wp-image-2120\" src=\"http:\/\/www.martinstrattner.de\/fotoblog\/wp-content\/uploads\/2013\/06\/13-Amsterdam_2-21.jpg\" alt=\"13-Amsterdam_2-21\" width=\"600\" height=\"450\" srcset=\"http:\/\/www.martinstrattner.de\/fotoblog\/wp-content\/uploads\/2013\/06\/13-Amsterdam_2-21.jpg 600w, http:\/\/www.martinstrattner.de\/fotoblog\/wp-content\/uploads\/2013\/06\/13-Amsterdam_2-21-288x216.jpg 288w, http:\/\/www.martinstrattner.de\/fotoblog\/wp-content\/uploads\/2013\/06\/13-Amsterdam_2-21-494x370.jpg 494w\" sizes=\"(max-width: 600px) 100vw, 600px\" \/><\/a><\/p>\n<p style=\"text-align: center;\">CoffeeShops. Manche fahren wohl extra deswegen hier her. Ich hingegen bin ziemlich empfindlich auf Ger\u00fcche. Und halte diesen Geruch nicht aus. Ich konnte schon am Anfang einer Stra\u00dfe sagen, ob denn an deren Ende wohl ein CoffeeShop ist. Und atmete dann flach.<\/p>\n<p style=\"text-align: center;\"><a href=\"http:\/\/www.martinstrattner.de\/fotoblog\/wp-content\/uploads\/2013\/06\/13-Amsterdam_2-22.jpg\"><img loading=\"lazy\" class=\"alignnone size-full wp-image-2121\" src=\"http:\/\/www.martinstrattner.de\/fotoblog\/wp-content\/uploads\/2013\/06\/13-Amsterdam_2-22.jpg\" alt=\"13-Amsterdam_2-22\" width=\"600\" height=\"600\" srcset=\"http:\/\/www.martinstrattner.de\/fotoblog\/wp-content\/uploads\/2013\/06\/13-Amsterdam_2-22.jpg 600w, http:\/\/www.martinstrattner.de\/fotoblog\/wp-content\/uploads\/2013\/06\/13-Amsterdam_2-22-188x188.jpg 188w, http:\/\/www.martinstrattner.de\/fotoblog\/wp-content\/uploads\/2013\/06\/13-Amsterdam_2-22-288x288.jpg 288w, http:\/\/www.martinstrattner.de\/fotoblog\/wp-content\/uploads\/2013\/06\/13-Amsterdam_2-22-494x494.jpg 494w, http:\/\/www.martinstrattner.de\/fotoblog\/wp-content\/uploads\/2013\/06\/13-Amsterdam_2-22-88x88.jpg 88w\" sizes=\"(max-width: 600px) 100vw, 600px\" \/><\/a> <a href=\"http:\/\/www.martinstrattner.de\/fotoblog\/wp-content\/uploads\/2013\/06\/13-Amsterdam_2-23.jpg\"><img loading=\"lazy\" class=\"alignnone size-full wp-image-2122\" src=\"http:\/\/www.martinstrattner.de\/fotoblog\/wp-content\/uploads\/2013\/06\/13-Amsterdam_2-23.jpg\" alt=\"13-Amsterdam_2-23\" width=\"600\" height=\"800\" srcset=\"http:\/\/www.martinstrattner.de\/fotoblog\/wp-content\/uploads\/2013\/06\/13-Amsterdam_2-23.jpg 600w, http:\/\/www.martinstrattner.de\/fotoblog\/wp-content\/uploads\/2013\/06\/13-Amsterdam_2-23-216x288.jpg 216w, http:\/\/www.martinstrattner.de\/fotoblog\/wp-content\/uploads\/2013\/06\/13-Amsterdam_2-23-370x494.jpg 370w, http:\/\/www.martinstrattner.de\/fotoblog\/wp-content\/uploads\/2013\/06\/13-Amsterdam_2-23-450x600.jpg 450w\" sizes=\"(max-width: 600px) 100vw, 600px\" \/><\/a> <a href=\"http:\/\/www.martinstrattner.de\/fotoblog\/wp-content\/uploads\/2013\/06\/13-Amsterdam_2-24.jpg\"><img loading=\"lazy\" class=\"alignnone size-full wp-image-2123\" src=\"http:\/\/www.martinstrattner.de\/fotoblog\/wp-content\/uploads\/2013\/06\/13-Amsterdam_2-24.jpg\" alt=\"13-Amsterdam_2-24\" width=\"600\" height=\"450\" srcset=\"http:\/\/www.martinstrattner.de\/fotoblog\/wp-content\/uploads\/2013\/06\/13-Amsterdam_2-24.jpg 600w, http:\/\/www.martinstrattner.de\/fotoblog\/wp-content\/uploads\/2013\/06\/13-Amsterdam_2-24-288x216.jpg 288w, http:\/\/www.martinstrattner.de\/fotoblog\/wp-content\/uploads\/2013\/06\/13-Amsterdam_2-24-494x370.jpg 494w\" sizes=\"(max-width: 600px) 100vw, 600px\" \/><\/a><\/p>\n<p style=\"text-align: center;\">Ich \u00fcberlegte scharf ob ich ihn fotografiere. Und er \u00fcberlegte angestrengt, ob er mich verpr\u00fcgelt.<\/p>\n<p style=\"text-align: center;\">Doris wollte gerne wieder Bagel essen. Erst das 3te mal in 24 Stunden. Nach dem leichten Snack suchten wir uns irgendwann ein ordentliches Restaurant. Da machts einem die morderne Technik eher schwer. Mit foursquare und tripadvisor abwechselnd auf dem Handyfon ge\u00f6ffnet durch die Stra\u00dfen gehen, auf der Suche nach dem gleichzeitig bestbewertesten, nicht zu teuren, sch\u00f6ngelegensten, und mindestens einem guten k\u00e4selosen-Gericht-f\u00fchrenden Restaurant k\u00f6nnen Stunden vergehen. Die eigentlich gutgemeinten Apps die die Auswahl erleichtern sollen, machen die unz\u00e4hlichen M\u00f6glichkeiten so offensichtilich, dass wir uns nicht entscheiden k\u00f6nnen was &#8222;das Beste&#8220; (TM) \u00a0ist.<\/p>\n<p style=\"text-align: center;\"><a href=\"http:\/\/www.martinstrattner.de\/fotoblog\/wp-content\/uploads\/2013\/06\/13-Amsterdam_2-25.jpg\"><img loading=\"lazy\" class=\"alignnone size-full wp-image-2124\" src=\"http:\/\/www.martinstrattner.de\/fotoblog\/wp-content\/uploads\/2013\/06\/13-Amsterdam_2-25.jpg\" alt=\"13-Amsterdam_2-25\" width=\"600\" height=\"450\" srcset=\"http:\/\/www.martinstrattner.de\/fotoblog\/wp-content\/uploads\/2013\/06\/13-Amsterdam_2-25.jpg 600w, http:\/\/www.martinstrattner.de\/fotoblog\/wp-content\/uploads\/2013\/06\/13-Amsterdam_2-25-288x216.jpg 288w, http:\/\/www.martinstrattner.de\/fotoblog\/wp-content\/uploads\/2013\/06\/13-Amsterdam_2-25-494x370.jpg 494w\" sizes=\"(max-width: 600px) 100vw, 600px\" \/><\/a> <a href=\"http:\/\/www.martinstrattner.de\/fotoblog\/wp-content\/uploads\/2013\/06\/13-Amsterdam_2-26.jpg\"><img loading=\"lazy\" class=\"alignnone size-full wp-image-2125\" src=\"http:\/\/www.martinstrattner.de\/fotoblog\/wp-content\/uploads\/2013\/06\/13-Amsterdam_2-26.jpg\" alt=\"13-Amsterdam_2-26\" width=\"600\" height=\"800\" srcset=\"http:\/\/www.martinstrattner.de\/fotoblog\/wp-content\/uploads\/2013\/06\/13-Amsterdam_2-26.jpg 600w, http:\/\/www.martinstrattner.de\/fotoblog\/wp-content\/uploads\/2013\/06\/13-Amsterdam_2-26-216x288.jpg 216w, http:\/\/www.martinstrattner.de\/fotoblog\/wp-content\/uploads\/2013\/06\/13-Amsterdam_2-26-370x494.jpg 370w, http:\/\/www.martinstrattner.de\/fotoblog\/wp-content\/uploads\/2013\/06\/13-Amsterdam_2-26-450x600.jpg 450w\" sizes=\"(max-width: 600px) 100vw, 600px\" \/><\/a> <a href=\"http:\/\/www.martinstrattner.de\/fotoblog\/wp-content\/uploads\/2013\/06\/13-Amsterdam_2-27.jpg\"><img loading=\"lazy\" class=\"alignnone size-full wp-image-2126\" src=\"http:\/\/www.martinstrattner.de\/fotoblog\/wp-content\/uploads\/2013\/06\/13-Amsterdam_2-27.jpg\" alt=\"13-Amsterdam_2-27\" width=\"600\" height=\"800\" srcset=\"http:\/\/www.martinstrattner.de\/fotoblog\/wp-content\/uploads\/2013\/06\/13-Amsterdam_2-27.jpg 600w, http:\/\/www.martinstrattner.de\/fotoblog\/wp-content\/uploads\/2013\/06\/13-Amsterdam_2-27-216x288.jpg 216w, http:\/\/www.martinstrattner.de\/fotoblog\/wp-content\/uploads\/2013\/06\/13-Amsterdam_2-27-370x494.jpg 370w, http:\/\/www.martinstrattner.de\/fotoblog\/wp-content\/uploads\/2013\/06\/13-Amsterdam_2-27-450x600.jpg 450w\" sizes=\"(max-width: 600px) 100vw, 600px\" \/><\/a><\/p>\n<p style=\"text-align: center;\">Es kann nicht sein, dass die F\u00fc\u00dfe so M\u00fcde sind, dass man den Weg zum Magnum Pleasure Store nicht mehr schafft!<\/p>\n<p style=\"text-align: center;\"><a href=\"http:\/\/www.martinstrattner.de\/fotoblog\/wp-content\/uploads\/2013\/06\/13-Amsterdam_2-28.jpg\"><img loading=\"lazy\" class=\"alignnone size-full wp-image-2127\" src=\"http:\/\/www.martinstrattner.de\/fotoblog\/wp-content\/uploads\/2013\/06\/13-Amsterdam_2-28.jpg\" alt=\"13-Amsterdam_2-28\" width=\"600\" height=\"800\" srcset=\"http:\/\/www.martinstrattner.de\/fotoblog\/wp-content\/uploads\/2013\/06\/13-Amsterdam_2-28.jpg 600w, http:\/\/www.martinstrattner.de\/fotoblog\/wp-content\/uploads\/2013\/06\/13-Amsterdam_2-28-216x288.jpg 216w, http:\/\/www.martinstrattner.de\/fotoblog\/wp-content\/uploads\/2013\/06\/13-Amsterdam_2-28-370x494.jpg 370w, http:\/\/www.martinstrattner.de\/fotoblog\/wp-content\/uploads\/2013\/06\/13-Amsterdam_2-28-450x600.jpg 450w\" sizes=\"(max-width: 600px) 100vw, 600px\" \/><\/a><\/p>\n<p style=\"text-align: center;\">Abend ist es. Schlafen gehen. Aufwachen, Bagel, und weitergehen. Ihr kennt das.<\/p>\n<p style=\"text-align: center;\">Der wundersch\u00f6ne Vondelpark:<\/p>\n<p style=\"text-align: center;\"><a href=\"http:\/\/www.martinstrattner.de\/fotoblog\/wp-content\/uploads\/2013\/06\/13-Amsterdam_2-29.jpg\"><img loading=\"lazy\" class=\"alignnone size-full wp-image-2128\" src=\"http:\/\/www.martinstrattner.de\/fotoblog\/wp-content\/uploads\/2013\/06\/13-Amsterdam_2-29.jpg\" alt=\"13-Amsterdam_2-29\" width=\"600\" height=\"450\" srcset=\"http:\/\/www.martinstrattner.de\/fotoblog\/wp-content\/uploads\/2013\/06\/13-Amsterdam_2-29.jpg 600w, http:\/\/www.martinstrattner.de\/fotoblog\/wp-content\/uploads\/2013\/06\/13-Amsterdam_2-29-288x216.jpg 288w, http:\/\/www.martinstrattner.de\/fotoblog\/wp-content\/uploads\/2013\/06\/13-Amsterdam_2-29-494x370.jpg 494w\" sizes=\"(max-width: 600px) 100vw, 600px\" \/><\/a> <a href=\"http:\/\/www.martinstrattner.de\/fotoblog\/wp-content\/uploads\/2013\/06\/13-Amsterdam_2-30.jpg\"><img loading=\"lazy\" class=\"alignnone size-full wp-image-2129\" src=\"http:\/\/www.martinstrattner.de\/fotoblog\/wp-content\/uploads\/2013\/06\/13-Amsterdam_2-30.jpg\" alt=\"13-Amsterdam_2-30\" width=\"600\" height=\"800\" srcset=\"http:\/\/www.martinstrattner.de\/fotoblog\/wp-content\/uploads\/2013\/06\/13-Amsterdam_2-30.jpg 600w, http:\/\/www.martinstrattner.de\/fotoblog\/wp-content\/uploads\/2013\/06\/13-Amsterdam_2-30-216x288.jpg 216w, http:\/\/www.martinstrattner.de\/fotoblog\/wp-content\/uploads\/2013\/06\/13-Amsterdam_2-30-370x494.jpg 370w, http:\/\/www.martinstrattner.de\/fotoblog\/wp-content\/uploads\/2013\/06\/13-Amsterdam_2-30-450x600.jpg 450w\" sizes=\"(max-width: 600px) 100vw, 600px\" \/><\/a><\/p>\n<p style=\"text-align: center;\">Ich schlafe friedlich. Pl\u00f6tzlich schnattert die Freundin unmotiviert &#8211; DACHTE ICH. War aber eine Ente neben mir. :)<\/p>\n<p style=\"text-align: center;\"><a href=\"http:\/\/www.martinstrattner.de\/fotoblog\/wp-content\/uploads\/2013\/06\/13-Amsterdam_2-31.jpg\"><img loading=\"lazy\" class=\"alignnone size-full wp-image-2130\" src=\"http:\/\/www.martinstrattner.de\/fotoblog\/wp-content\/uploads\/2013\/06\/13-Amsterdam_2-31.jpg\" alt=\"13-Amsterdam_2-31\" width=\"600\" height=\"450\" srcset=\"http:\/\/www.martinstrattner.de\/fotoblog\/wp-content\/uploads\/2013\/06\/13-Amsterdam_2-31.jpg 600w, http:\/\/www.martinstrattner.de\/fotoblog\/wp-content\/uploads\/2013\/06\/13-Amsterdam_2-31-288x216.jpg 288w, http:\/\/www.martinstrattner.de\/fotoblog\/wp-content\/uploads\/2013\/06\/13-Amsterdam_2-31-494x370.jpg 494w\" sizes=\"(max-width: 600px) 100vw, 600px\" \/><\/a> <a href=\"http:\/\/www.martinstrattner.de\/fotoblog\/wp-content\/uploads\/2013\/06\/13-Amsterdam_2-32.jpg\"><img loading=\"lazy\" class=\"alignnone size-full wp-image-2131\" src=\"http:\/\/www.martinstrattner.de\/fotoblog\/wp-content\/uploads\/2013\/06\/13-Amsterdam_2-32.jpg\" alt=\"13-Amsterdam_2-32\" width=\"600\" height=\"450\" srcset=\"http:\/\/www.martinstrattner.de\/fotoblog\/wp-content\/uploads\/2013\/06\/13-Amsterdam_2-32.jpg 600w, http:\/\/www.martinstrattner.de\/fotoblog\/wp-content\/uploads\/2013\/06\/13-Amsterdam_2-32-288x216.jpg 288w, http:\/\/www.martinstrattner.de\/fotoblog\/wp-content\/uploads\/2013\/06\/13-Amsterdam_2-32-494x370.jpg 494w\" sizes=\"(max-width: 600px) 100vw, 600px\" \/><\/a> <a href=\"http:\/\/www.martinstrattner.de\/fotoblog\/wp-content\/uploads\/2013\/06\/13-Amsterdam_2-33.jpg\"><img loading=\"lazy\" class=\"alignnone size-full wp-image-2132\" src=\"http:\/\/www.martinstrattner.de\/fotoblog\/wp-content\/uploads\/2013\/06\/13-Amsterdam_2-33.jpg\" alt=\"13-Amsterdam_2-33\" width=\"600\" height=\"800\" srcset=\"http:\/\/www.martinstrattner.de\/fotoblog\/wp-content\/uploads\/2013\/06\/13-Amsterdam_2-33.jpg 600w, http:\/\/www.martinstrattner.de\/fotoblog\/wp-content\/uploads\/2013\/06\/13-Amsterdam_2-33-216x288.jpg 216w, http:\/\/www.martinstrattner.de\/fotoblog\/wp-content\/uploads\/2013\/06\/13-Amsterdam_2-33-370x494.jpg 370w, http:\/\/www.martinstrattner.de\/fotoblog\/wp-content\/uploads\/2013\/06\/13-Amsterdam_2-33-450x600.jpg 450w\" sizes=\"(max-width: 600px) 100vw, 600px\" \/><\/a> <a href=\"http:\/\/www.martinstrattner.de\/fotoblog\/wp-content\/uploads\/2013\/06\/13-Amsterdam_2-34.jpg\"><img loading=\"lazy\" class=\"alignnone size-full wp-image-2133\" src=\"http:\/\/www.martinstrattner.de\/fotoblog\/wp-content\/uploads\/2013\/06\/13-Amsterdam_2-34.jpg\" alt=\"13-Amsterdam_2-34\" width=\"600\" height=\"450\" srcset=\"http:\/\/www.martinstrattner.de\/fotoblog\/wp-content\/uploads\/2013\/06\/13-Amsterdam_2-34.jpg 600w, http:\/\/www.martinstrattner.de\/fotoblog\/wp-content\/uploads\/2013\/06\/13-Amsterdam_2-34-288x216.jpg 288w, http:\/\/www.martinstrattner.de\/fotoblog\/wp-content\/uploads\/2013\/06\/13-Amsterdam_2-34-494x370.jpg 494w\" sizes=\"(max-width: 600px) 100vw, 600px\" \/><\/a><\/p>\n<p style=\"text-align: center;\">Maaaaan. Immer noch Zeit \u00fcbrig. Und der Flug geht doch erst abends. Also machten wir noch ne Grachtentour mit dem Boot. Was dann doch \u00fcberraschend interessant war.<\/p>\n<p style=\"text-align: center;\"><a href=\"http:\/\/www.martinstrattner.de\/fotoblog\/wp-content\/uploads\/2013\/06\/13-Amsterdam_2-35.jpg\"><img loading=\"lazy\" class=\"alignnone size-full wp-image-2134\" src=\"http:\/\/www.martinstrattner.de\/fotoblog\/wp-content\/uploads\/2013\/06\/13-Amsterdam_2-35.jpg\" alt=\"13-Amsterdam_2-35\" width=\"600\" height=\"450\" srcset=\"http:\/\/www.martinstrattner.de\/fotoblog\/wp-content\/uploads\/2013\/06\/13-Amsterdam_2-35.jpg 600w, http:\/\/www.martinstrattner.de\/fotoblog\/wp-content\/uploads\/2013\/06\/13-Amsterdam_2-35-288x216.jpg 288w, http:\/\/www.martinstrattner.de\/fotoblog\/wp-content\/uploads\/2013\/06\/13-Amsterdam_2-35-494x370.jpg 494w\" sizes=\"(max-width: 600px) 100vw, 600px\" \/><\/a> <a href=\"http:\/\/www.martinstrattner.de\/fotoblog\/wp-content\/uploads\/2013\/06\/13-Amsterdam_2-36.jpg\"><img loading=\"lazy\" class=\"alignnone size-full wp-image-2135\" src=\"http:\/\/www.martinstrattner.de\/fotoblog\/wp-content\/uploads\/2013\/06\/13-Amsterdam_2-36.jpg\" alt=\"13-Amsterdam_2-36\" width=\"600\" height=\"450\" srcset=\"http:\/\/www.martinstrattner.de\/fotoblog\/wp-content\/uploads\/2013\/06\/13-Amsterdam_2-36.jpg 600w, http:\/\/www.martinstrattner.de\/fotoblog\/wp-content\/uploads\/2013\/06\/13-Amsterdam_2-36-288x216.jpg 288w, http:\/\/www.martinstrattner.de\/fotoblog\/wp-content\/uploads\/2013\/06\/13-Amsterdam_2-36-494x370.jpg 494w\" sizes=\"(max-width: 600px) 100vw, 600px\" \/><\/a> <a href=\"http:\/\/www.martinstrattner.de\/fotoblog\/wp-content\/uploads\/2013\/06\/13-Amsterdam_2-38.jpg\"><img loading=\"lazy\" class=\"alignnone size-full wp-image-2137\" src=\"http:\/\/www.martinstrattner.de\/fotoblog\/wp-content\/uploads\/2013\/06\/13-Amsterdam_2-38.jpg\" alt=\"13-Amsterdam_2-38\" width=\"600\" height=\"450\" srcset=\"http:\/\/www.martinstrattner.de\/fotoblog\/wp-content\/uploads\/2013\/06\/13-Amsterdam_2-38.jpg 600w, http:\/\/www.martinstrattner.de\/fotoblog\/wp-content\/uploads\/2013\/06\/13-Amsterdam_2-38-288x216.jpg 288w, http:\/\/www.martinstrattner.de\/fotoblog\/wp-content\/uploads\/2013\/06\/13-Amsterdam_2-38-494x370.jpg 494w\" sizes=\"(max-width: 600px) 100vw, 600px\" \/><\/a><\/p>\n<p style=\"text-align: center;\">&#8222;Diese H\u00e4user hei\u00dfen tanzende H\u00e4user, weil sie so schief sind&#8220; sagte der Kapit\u00e4n hier. Und ich musste grinsen. Weil es genau dieses Bild war was ich schon die Tage vorher immer im Kopf hatte. Die H\u00e4user, wenn keiner hinsieht, bewegen sich ein bisschen, und freuen sich riesig dabei. In Wirklichkeit ist es wohl so, dass sie auf Pf\u00e4hlen stehen damit sie der nasse weiche Untergrund tragen kann. _Und dabei ungleichm\u00e4\u00dfig einsinken. Dann erz\u00e4hlte der Kapit\u00e4n noch, dass sie alle so schmal sind, weil fr\u00fcher wohl der Betrag der Steuer den man zahlen musste von der Breite des Hauses abh\u00e4ngig war. Ich sagte ja, es war interessant :)<\/p>\n<p style=\"text-align: center;\"><a href=\"http:\/\/www.martinstrattner.de\/fotoblog\/wp-content\/uploads\/2013\/06\/13-Amsterdam_2-39.jpg\"><img loading=\"lazy\" class=\"alignnone size-full wp-image-2138\" src=\"http:\/\/www.martinstrattner.de\/fotoblog\/wp-content\/uploads\/2013\/06\/13-Amsterdam_2-39.jpg\" alt=\"13-Amsterdam_2-39\" width=\"600\" height=\"450\" srcset=\"http:\/\/www.martinstrattner.de\/fotoblog\/wp-content\/uploads\/2013\/06\/13-Amsterdam_2-39.jpg 600w, http:\/\/www.martinstrattner.de\/fotoblog\/wp-content\/uploads\/2013\/06\/13-Amsterdam_2-39-288x216.jpg 288w, http:\/\/www.martinstrattner.de\/fotoblog\/wp-content\/uploads\/2013\/06\/13-Amsterdam_2-39-494x370.jpg 494w\" sizes=\"(max-width: 600px) 100vw, 600px\" \/><\/a> <a href=\"http:\/\/www.martinstrattner.de\/fotoblog\/wp-content\/uploads\/2013\/06\/13-Amsterdam_2-40.jpg\"><img loading=\"lazy\" class=\"alignnone size-full wp-image-2139\" src=\"http:\/\/www.martinstrattner.de\/fotoblog\/wp-content\/uploads\/2013\/06\/13-Amsterdam_2-40.jpg\" alt=\"13-Amsterdam_2-40\" width=\"600\" height=\"450\" srcset=\"http:\/\/www.martinstrattner.de\/fotoblog\/wp-content\/uploads\/2013\/06\/13-Amsterdam_2-40.jpg 600w, http:\/\/www.martinstrattner.de\/fotoblog\/wp-content\/uploads\/2013\/06\/13-Amsterdam_2-40-288x216.jpg 288w, http:\/\/www.martinstrattner.de\/fotoblog\/wp-content\/uploads\/2013\/06\/13-Amsterdam_2-40-494x370.jpg 494w\" sizes=\"(max-width: 600px) 100vw, 600px\" \/><\/a> <a href=\"http:\/\/www.martinstrattner.de\/fotoblog\/wp-content\/uploads\/2013\/06\/13-Amsterdam_2-41.jpg\"><img loading=\"lazy\" class=\"alignnone size-full wp-image-2140\" src=\"http:\/\/www.martinstrattner.de\/fotoblog\/wp-content\/uploads\/2013\/06\/13-Amsterdam_2-41.jpg\" alt=\"13-Amsterdam_2-41\" width=\"600\" height=\"800\" srcset=\"http:\/\/www.martinstrattner.de\/fotoblog\/wp-content\/uploads\/2013\/06\/13-Amsterdam_2-41.jpg 600w, http:\/\/www.martinstrattner.de\/fotoblog\/wp-content\/uploads\/2013\/06\/13-Amsterdam_2-41-216x288.jpg 216w, http:\/\/www.martinstrattner.de\/fotoblog\/wp-content\/uploads\/2013\/06\/13-Amsterdam_2-41-370x494.jpg 370w, http:\/\/www.martinstrattner.de\/fotoblog\/wp-content\/uploads\/2013\/06\/13-Amsterdam_2-41-450x600.jpg 450w\" sizes=\"(max-width: 600px) 100vw, 600px\" \/><\/a><\/p>\n<p style=\"text-align: center;\">Ich habe, bis auf das folgende Foto, keines aus dem Rotlichtviertel. Entweder weil ich mich nicht traute. Oder vielleicht weil ich zu besch\u00e4ftigt war alles zu sehen :)<\/p>\n<p><a href=\"http:\/\/www.martinstrattner.de\/fotoblog\/wp-content\/uploads\/2013\/06\/13-Amsterdam_2-42.jpg\"><img loading=\"lazy\" class=\" size-full wp-image-2141 aligncenter\" src=\"http:\/\/www.martinstrattner.de\/fotoblog\/wp-content\/uploads\/2013\/06\/13-Amsterdam_2-42.jpg\" alt=\"13-Amsterdam_2-42\" width=\"600\" height=\"450\" srcset=\"http:\/\/www.martinstrattner.de\/fotoblog\/wp-content\/uploads\/2013\/06\/13-Amsterdam_2-42.jpg 600w, http:\/\/www.martinstrattner.de\/fotoblog\/wp-content\/uploads\/2013\/06\/13-Amsterdam_2-42-288x216.jpg 288w, http:\/\/www.martinstrattner.de\/fotoblog\/wp-content\/uploads\/2013\/06\/13-Amsterdam_2-42-494x370.jpg 494w\" sizes=\"(max-width: 600px) 100vw, 600px\" \/><\/a> <a href=\"http:\/\/www.martinstrattner.de\/fotoblog\/wp-content\/uploads\/2013\/06\/13-Amsterdam_2-43.jpg\"><img loading=\"lazy\" class=\" size-full wp-image-2142 aligncenter\" src=\"http:\/\/www.martinstrattner.de\/fotoblog\/wp-content\/uploads\/2013\/06\/13-Amsterdam_2-43.jpg\" alt=\"13-Amsterdam_2-43\" width=\"600\" height=\"800\" srcset=\"http:\/\/www.martinstrattner.de\/fotoblog\/wp-content\/uploads\/2013\/06\/13-Amsterdam_2-43.jpg 600w, http:\/\/www.martinstrattner.de\/fotoblog\/wp-content\/uploads\/2013\/06\/13-Amsterdam_2-43-216x288.jpg 216w, http:\/\/www.martinstrattner.de\/fotoblog\/wp-content\/uploads\/2013\/06\/13-Amsterdam_2-43-370x494.jpg 370w, http:\/\/www.martinstrattner.de\/fotoblog\/wp-content\/uploads\/2013\/06\/13-Amsterdam_2-43-450x600.jpg 450w\" sizes=\"(max-width: 600px) 100vw, 600px\" \/><\/a> <a href=\"http:\/\/www.martinstrattner.de\/fotoblog\/wp-content\/uploads\/2013\/06\/13-Amsterdam_2-44.jpg\"><img loading=\"lazy\" class=\"alignnone size-full wp-image-2143 aligncenter\" src=\"http:\/\/www.martinstrattner.de\/fotoblog\/wp-content\/uploads\/2013\/06\/13-Amsterdam_2-44.jpg\" alt=\"13-Amsterdam_2-44\" width=\"600\" height=\"450\" srcset=\"http:\/\/www.martinstrattner.de\/fotoblog\/wp-content\/uploads\/2013\/06\/13-Amsterdam_2-44.jpg 600w, http:\/\/www.martinstrattner.de\/fotoblog\/wp-content\/uploads\/2013\/06\/13-Amsterdam_2-44-288x216.jpg 288w, http:\/\/www.martinstrattner.de\/fotoblog\/wp-content\/uploads\/2013\/06\/13-Amsterdam_2-44-494x370.jpg 494w\" sizes=\"(max-width: 600px) 100vw, 600px\" \/><\/a><\/p>\n\n<!-- Facebook Like Button v1.9.6 BEGIN [http:\/\/blog.bottomlessinc.com] -->\n<fb:like href=\"http:\/\/www.martinstrattner.de\/fotoblog\/2013\/06\/grachten-und-hauschen-in-amsterdam-2\/\" layout=\"button_count\" show_faces=\"false\" width=\"450\" action=\"like\" colorscheme=\"light\"><\/fb:like>\n<!-- Facebook Like Button END -->\n<\/div><\/div>","protected":false},"excerpt":{"rendered":"<p>Wir hatten am Vortag schon so viel von Amsterdam gesehen, und das Gef\u00fchl das Wichtigste geschafft zu haben, dass wir ohne Wecker aufstehen konnten. Also gem\u00e4chlich in den Tag starten. Rein in die bequemen Treter, und los zum Fr\u00fchst\u00fccken. Seit New York und den unglublich fantastischen Bagels in Grand central jagen wir diesem Erlebnis hinterher. [&hellip;]<\/p>\n","protected":false},"author":1,"featured_media":2146,"comment_status":"open","ping_status":"open","sticky":false,"template":"","format":"standard","meta":{"spay_email":"","jetpack_publicize_message":""},"categories":[1,3,13,7],"tags":[],"jetpack_featured_media_url":"http:\/\/www.martinstrattner.de\/fotoblog\/wp-content\/uploads\/2013\/06\/13-Titel-Amsterdam_2-3.jpg","jetpack_publicize_connections":[],"jetpack_shortlink":"https:\/\/wp.me\/p2qpVl-x8","jetpack_sharing_enabled":true,"jetpack-related-posts":[],"_links":{"self":[{"href":"http:\/\/www.martinstrattner.de\/fotoblog\/wp-json\/wp\/v2\/posts\/2054"}],"collection":[{"href":"http:\/\/www.martinstrattner.de\/fotoblog\/wp-json\/wp\/v2\/posts"}],"about":[{"href":"http:\/\/www.martinstrattner.de\/fotoblog\/wp-json\/wp\/v2\/types\/post"}],"author":[{"embeddable":true,"href":"http:\/\/www.martinstrattner.de\/fotoblog\/wp-json\/wp\/v2\/users\/1"}],"replies":[{"embeddable":true,"href":"http:\/\/www.martinstrattner.de\/fotoblog\/wp-json\/wp\/v2\/comments?post=2054"}],"version-history":[{"count":8,"href":"http:\/\/www.martinstrattner.de\/fotoblog\/wp-json\/wp\/v2\/posts\/2054\/revisions"}],"predecessor-version":[{"id":5649,"href":"http:\/\/www.martinstrattner.de\/fotoblog\/wp-json\/wp\/v2\/posts\/2054\/revisions\/5649"}],"wp:featuredmedia":[{"embeddable":true,"href":"http:\/\/www.martinstrattner.de\/fotoblog\/wp-json\/wp\/v2\/media\/2146"}],"wp:attachment":[{"href":"http:\/\/www.martinstrattner.de\/fotoblog\/wp-json\/wp\/v2\/media?parent=2054"}],"wp:term":[{"taxonomy":"category","embeddable":true,"href":"http:\/\/www.martinstrattner.de\/fotoblog\/wp-json\/wp\/v2\/categories?post=2054"},{"taxonomy":"post_tag","embeddable":true,"href":"http:\/\/www.martinstrattner.de\/fotoblog\/wp-json\/wp\/v2\/tags?post=2054"}],"curies":[{"name":"wp","href":"https:\/\/api.w.org\/{rel}","templated":true}]}}