{"id":1968,"date":"2013-06-24T18:45:43","date_gmt":"2013-06-24T17:45:43","guid":{"rendered":"http:\/\/www.martinstrattner.de\/fotoblog\/?p=1968"},"modified":"2015-03-28T22:27:29","modified_gmt":"2015-03-28T21:27:29","slug":"1-amsterdam","status":"publish","type":"post","link":"http:\/\/www.martinstrattner.de\/fotoblog\/2013\/06\/1-amsterdam\/","title":{"rendered":"Grachten und H\u00e4uschen in (Amsterdam) 1"},"content":{"rendered":"<div id=\"dslc-theme-content\"><div id=\"dslc-theme-content-inner\"><p style=\"text-align: center;\">Eine neuer St\u00e4dteurlaub. Na ja, Urlaub, es war eine Stippvisite. Drei Tage in Amsterdam. Ich war noch nie dort, Freunde sagten es ist wunderbar, und ich sagte nach dem eher negativen Paris-Erlebnis &#8222;schaun ma mal&#8220;.<\/p>\n<p style=\"text-align: center;\">Die Tage davor beobachtete ich schon immer gespannt den Wetterbericht. Wochenlang nur Regenwetter in M\u00fcnchen und Hochwasser \u00fcberall.\u00a0Aber kurz vor der Abreise nach Amsterdam wurde es besser. Das Wetter blieb gut, und die Regenjacke im Koffer.<\/p>\n<p style=\"text-align: center;\"><a href=\"http:\/\/www.martinstrattner.de\/fotoblog\/wp-content\/uploads\/2013\/06\/13-Amsterdam_1-01.jpg\"><img loading=\"lazy\" class=\"alignnone size-full wp-image-2010\" src=\"http:\/\/www.martinstrattner.de\/fotoblog\/wp-content\/uploads\/2013\/06\/13-Amsterdam_1-01.jpg\" alt=\"13-Amsterdam_1-01\" width=\"600\" height=\"450\" srcset=\"http:\/\/www.martinstrattner.de\/fotoblog\/wp-content\/uploads\/2013\/06\/13-Amsterdam_1-01.jpg 600w, http:\/\/www.martinstrattner.de\/fotoblog\/wp-content\/uploads\/2013\/06\/13-Amsterdam_1-01-288x216.jpg 288w, http:\/\/www.martinstrattner.de\/fotoblog\/wp-content\/uploads\/2013\/06\/13-Amsterdam_1-01-494x370.jpg 494w\" sizes=\"(max-width: 600px) 100vw, 600px\" \/><\/a><a href=\"http:\/\/www.martinstrattner.de\/fotoblog\/wp-content\/uploads\/2013\/06\/13-Amsterdam_1-02.jpg\"><img loading=\"lazy\" class=\"alignnone size-full wp-image-2011\" src=\"http:\/\/www.martinstrattner.de\/fotoblog\/wp-content\/uploads\/2013\/06\/13-Amsterdam_1-02.jpg\" alt=\"13-Amsterdam_1-02\" width=\"600\" height=\"450\" srcset=\"http:\/\/www.martinstrattner.de\/fotoblog\/wp-content\/uploads\/2013\/06\/13-Amsterdam_1-02.jpg 600w, http:\/\/www.martinstrattner.de\/fotoblog\/wp-content\/uploads\/2013\/06\/13-Amsterdam_1-02-288x216.jpg 288w, http:\/\/www.martinstrattner.de\/fotoblog\/wp-content\/uploads\/2013\/06\/13-Amsterdam_1-02-494x370.jpg 494w\" sizes=\"(max-width: 600px) 100vw, 600px\" \/><\/a><\/p>\n<p style=\"text-align: center;\">Unser Hotel war gro\u00dfartig, im 14 Stock mit einer grandiosen Sicht \u00fcber Amsterdam. Am Hotel in die Tram, und das erste was wir nach dem aussteigen sehen ist ein K\u00e4seladen. (F\u00fcr die unwissenden: ich kann K\u00e4se nicht ausstehen.) Gut, war in den Niederlanden keine gro\u00dfe \u00dcberraschung.<\/p>\n<p style=\"text-align: center;\">\u00dcberall sind Grachten. So hei\u00dfen die Wasserstra\u00dfen, die in Halbkreisen um die Altstadt gelegt sind. Und wenn es in der Stadt wieder zu eng wurde, sie zu klein war, wurde der Stadtgraben zur neuen Gracht, und die Stadt wuchs aussen weiter, mit einem neuen Stadtgraben.<\/p>\n<p style=\"text-align: center;\"><a href=\"http:\/\/www.martinstrattner.de\/fotoblog\/wp-content\/uploads\/2013\/06\/13-Amsterdam_1-04.jpg\"><img loading=\"lazy\" class=\"alignnone size-full wp-image-2013\" src=\"http:\/\/www.martinstrattner.de\/fotoblog\/wp-content\/uploads\/2013\/06\/13-Amsterdam_1-04.jpg\" alt=\"13-Amsterdam_1-04\" width=\"600\" height=\"450\" srcset=\"http:\/\/www.martinstrattner.de\/fotoblog\/wp-content\/uploads\/2013\/06\/13-Amsterdam_1-04.jpg 600w, http:\/\/www.martinstrattner.de\/fotoblog\/wp-content\/uploads\/2013\/06\/13-Amsterdam_1-04-288x216.jpg 288w, http:\/\/www.martinstrattner.de\/fotoblog\/wp-content\/uploads\/2013\/06\/13-Amsterdam_1-04-494x370.jpg 494w\" sizes=\"(max-width: 600px) 100vw, 600px\" \/><\/a> <a href=\"http:\/\/www.martinstrattner.de\/fotoblog\/wp-content\/uploads\/2013\/06\/13-Amsterdam_1-05.jpg\"><img loading=\"lazy\" class=\"alignnone size-full wp-image-2014\" src=\"http:\/\/www.martinstrattner.de\/fotoblog\/wp-content\/uploads\/2013\/06\/13-Amsterdam_1-05.jpg\" alt=\"13-Amsterdam_1-05\" width=\"600\" height=\"800\" srcset=\"http:\/\/www.martinstrattner.de\/fotoblog\/wp-content\/uploads\/2013\/06\/13-Amsterdam_1-05.jpg 600w, http:\/\/www.martinstrattner.de\/fotoblog\/wp-content\/uploads\/2013\/06\/13-Amsterdam_1-05-216x288.jpg 216w, http:\/\/www.martinstrattner.de\/fotoblog\/wp-content\/uploads\/2013\/06\/13-Amsterdam_1-05-370x494.jpg 370w, http:\/\/www.martinstrattner.de\/fotoblog\/wp-content\/uploads\/2013\/06\/13-Amsterdam_1-05-450x600.jpg 450w\" sizes=\"(max-width: 600px) 100vw, 600px\" \/><\/a> <a href=\"http:\/\/www.martinstrattner.de\/fotoblog\/wp-content\/uploads\/2013\/06\/13-Amsterdam_1-06.jpg\"><img loading=\"lazy\" class=\"alignnone size-full wp-image-2015\" src=\"http:\/\/www.martinstrattner.de\/fotoblog\/wp-content\/uploads\/2013\/06\/13-Amsterdam_1-06.jpg\" alt=\"13-Amsterdam_1-06\" width=\"600\" height=\"450\" srcset=\"http:\/\/www.martinstrattner.de\/fotoblog\/wp-content\/uploads\/2013\/06\/13-Amsterdam_1-06.jpg 600w, http:\/\/www.martinstrattner.de\/fotoblog\/wp-content\/uploads\/2013\/06\/13-Amsterdam_1-06-288x216.jpg 288w, http:\/\/www.martinstrattner.de\/fotoblog\/wp-content\/uploads\/2013\/06\/13-Amsterdam_1-06-494x370.jpg 494w\" sizes=\"(max-width: 600px) 100vw, 600px\" \/><\/a><\/p>\n<p style=\"text-align: center;\">Neben den Grachten existieren, anders als in Venedig die ja auch Wasserstra\u00dfen haben, noch \u00a0Stra\u00dfen. Allerdings sind die eng, es gibt wenig Platz zum Parken. Und es ist n schlechter Lebensraum f\u00fcr die gemeine Tiefgarage, die in dem ganzen Wasser im Boden wohl aufschwimmen w\u00fcrde. Also hat der Amsterdamer ein Rad. Und darauf f\u00e4hrt er \u00fcberall hin. Und das nicht hektisch, sondern relativ gem\u00e4chlich. Ich fand es wunderbar, von Schulkindern \u00fcber BusinessKaspern ist alles auf Fahrr\u00e4dern unterwegs, Vorfahrtsregeln konnte ich als Aussenstehender keine erkennen, aber es funktioniert wohl fantastisch.<\/p>\n<p style=\"text-align: center;\"><a href=\"http:\/\/www.martinstrattner.de\/fotoblog\/wp-content\/uploads\/2013\/06\/13-Amsterdam_1-07.jpg\"><img loading=\"lazy\" class=\"alignnone size-full wp-image-2016\" src=\"http:\/\/www.martinstrattner.de\/fotoblog\/wp-content\/uploads\/2013\/06\/13-Amsterdam_1-07.jpg\" alt=\"13-Amsterdam_1-07\" width=\"600\" height=\"800\" srcset=\"http:\/\/www.martinstrattner.de\/fotoblog\/wp-content\/uploads\/2013\/06\/13-Amsterdam_1-07.jpg 600w, http:\/\/www.martinstrattner.de\/fotoblog\/wp-content\/uploads\/2013\/06\/13-Amsterdam_1-07-216x288.jpg 216w, http:\/\/www.martinstrattner.de\/fotoblog\/wp-content\/uploads\/2013\/06\/13-Amsterdam_1-07-370x494.jpg 370w, http:\/\/www.martinstrattner.de\/fotoblog\/wp-content\/uploads\/2013\/06\/13-Amsterdam_1-07-450x600.jpg 450w\" sizes=\"(max-width: 600px) 100vw, 600px\" \/><\/a> <a href=\"http:\/\/www.martinstrattner.de\/fotoblog\/wp-content\/uploads\/2013\/06\/13-Amsterdam_1-08.jpg\"><img loading=\"lazy\" class=\"alignnone size-full wp-image-2017\" src=\"http:\/\/www.martinstrattner.de\/fotoblog\/wp-content\/uploads\/2013\/06\/13-Amsterdam_1-08.jpg\" alt=\"13-Amsterdam_1-08\" width=\"600\" height=\"450\" srcset=\"http:\/\/www.martinstrattner.de\/fotoblog\/wp-content\/uploads\/2013\/06\/13-Amsterdam_1-08.jpg 600w, http:\/\/www.martinstrattner.de\/fotoblog\/wp-content\/uploads\/2013\/06\/13-Amsterdam_1-08-288x216.jpg 288w, http:\/\/www.martinstrattner.de\/fotoblog\/wp-content\/uploads\/2013\/06\/13-Amsterdam_1-08-494x370.jpg 494w\" sizes=\"(max-width: 600px) 100vw, 600px\" \/><\/a> <a href=\"http:\/\/www.martinstrattner.de\/fotoblog\/wp-content\/uploads\/2013\/06\/13-Amsterdam_1-09.jpg\"><img loading=\"lazy\" class=\"alignnone size-full wp-image-2018\" src=\"http:\/\/www.martinstrattner.de\/fotoblog\/wp-content\/uploads\/2013\/06\/13-Amsterdam_1-09.jpg\" alt=\"13-Amsterdam_1-09\" width=\"600\" height=\"450\" srcset=\"http:\/\/www.martinstrattner.de\/fotoblog\/wp-content\/uploads\/2013\/06\/13-Amsterdam_1-09.jpg 600w, http:\/\/www.martinstrattner.de\/fotoblog\/wp-content\/uploads\/2013\/06\/13-Amsterdam_1-09-288x216.jpg 288w, http:\/\/www.martinstrattner.de\/fotoblog\/wp-content\/uploads\/2013\/06\/13-Amsterdam_1-09-494x370.jpg 494w\" sizes=\"(max-width: 600px) 100vw, 600px\" \/><\/a> <a href=\"http:\/\/www.martinstrattner.de\/fotoblog\/wp-content\/uploads\/2013\/06\/13-Amsterdam_1-10.jpg\"><img loading=\"lazy\" class=\"alignnone size-full wp-image-2019\" src=\"http:\/\/www.martinstrattner.de\/fotoblog\/wp-content\/uploads\/2013\/06\/13-Amsterdam_1-10.jpg\" alt=\"13-Amsterdam_1-10\" width=\"600\" height=\"450\" srcset=\"http:\/\/www.martinstrattner.de\/fotoblog\/wp-content\/uploads\/2013\/06\/13-Amsterdam_1-10.jpg 600w, http:\/\/www.martinstrattner.de\/fotoblog\/wp-content\/uploads\/2013\/06\/13-Amsterdam_1-10-288x216.jpg 288w, http:\/\/www.martinstrattner.de\/fotoblog\/wp-content\/uploads\/2013\/06\/13-Amsterdam_1-10-494x370.jpg 494w\" sizes=\"(max-width: 600px) 100vw, 600px\" \/><\/a> <a href=\"http:\/\/www.martinstrattner.de\/fotoblog\/wp-content\/uploads\/2013\/06\/13-Amsterdam_1-11.jpg\"><img loading=\"lazy\" class=\"alignnone size-full wp-image-2020\" src=\"http:\/\/www.martinstrattner.de\/fotoblog\/wp-content\/uploads\/2013\/06\/13-Amsterdam_1-11.jpg\" alt=\"13-Amsterdam_1-11\" width=\"600\" height=\"450\" srcset=\"http:\/\/www.martinstrattner.de\/fotoblog\/wp-content\/uploads\/2013\/06\/13-Amsterdam_1-11.jpg 600w, http:\/\/www.martinstrattner.de\/fotoblog\/wp-content\/uploads\/2013\/06\/13-Amsterdam_1-11-288x216.jpg 288w, http:\/\/www.martinstrattner.de\/fotoblog\/wp-content\/uploads\/2013\/06\/13-Amsterdam_1-11-494x370.jpg 494w\" sizes=\"(max-width: 600px) 100vw, 600px\" \/><\/a> <a href=\"http:\/\/www.martinstrattner.de\/fotoblog\/wp-content\/uploads\/2013\/06\/13-Amsterdam_1-12.jpg\"><img loading=\"lazy\" class=\"alignnone size-full wp-image-2021\" src=\"http:\/\/www.martinstrattner.de\/fotoblog\/wp-content\/uploads\/2013\/06\/13-Amsterdam_1-12.jpg\" alt=\"13-Amsterdam_1-12\" width=\"600\" height=\"800\" srcset=\"http:\/\/www.martinstrattner.de\/fotoblog\/wp-content\/uploads\/2013\/06\/13-Amsterdam_1-12.jpg 600w, http:\/\/www.martinstrattner.de\/fotoblog\/wp-content\/uploads\/2013\/06\/13-Amsterdam_1-12-216x288.jpg 216w, http:\/\/www.martinstrattner.de\/fotoblog\/wp-content\/uploads\/2013\/06\/13-Amsterdam_1-12-370x494.jpg 370w, http:\/\/www.martinstrattner.de\/fotoblog\/wp-content\/uploads\/2013\/06\/13-Amsterdam_1-12-450x600.jpg 450w\" sizes=\"(max-width: 600px) 100vw, 600px\" \/><\/a> <a href=\"http:\/\/www.martinstrattner.de\/fotoblog\/wp-content\/uploads\/2013\/06\/13-Amsterdam_1-13.jpg\"><img loading=\"lazy\" class=\"alignnone size-full wp-image-2022\" src=\"http:\/\/www.martinstrattner.de\/fotoblog\/wp-content\/uploads\/2013\/06\/13-Amsterdam_1-13.jpg\" alt=\"13-Amsterdam_1-13\" width=\"600\" height=\"800\" srcset=\"http:\/\/www.martinstrattner.de\/fotoblog\/wp-content\/uploads\/2013\/06\/13-Amsterdam_1-13.jpg 600w, http:\/\/www.martinstrattner.de\/fotoblog\/wp-content\/uploads\/2013\/06\/13-Amsterdam_1-13-216x288.jpg 216w, http:\/\/www.martinstrattner.de\/fotoblog\/wp-content\/uploads\/2013\/06\/13-Amsterdam_1-13-370x494.jpg 370w, http:\/\/www.martinstrattner.de\/fotoblog\/wp-content\/uploads\/2013\/06\/13-Amsterdam_1-13-450x600.jpg 450w\" sizes=\"(max-width: 600px) 100vw, 600px\" \/><\/a> <a href=\"http:\/\/www.martinstrattner.de\/fotoblog\/wp-content\/uploads\/2013\/06\/13-Amsterdam_1-14.jpg\"><img loading=\"lazy\" class=\"alignnone size-full wp-image-2023\" src=\"http:\/\/www.martinstrattner.de\/fotoblog\/wp-content\/uploads\/2013\/06\/13-Amsterdam_1-14.jpg\" alt=\"13-Amsterdam_1-14\" width=\"600\" height=\"800\" srcset=\"http:\/\/www.martinstrattner.de\/fotoblog\/wp-content\/uploads\/2013\/06\/13-Amsterdam_1-14.jpg 600w, http:\/\/www.martinstrattner.de\/fotoblog\/wp-content\/uploads\/2013\/06\/13-Amsterdam_1-14-216x288.jpg 216w, http:\/\/www.martinstrattner.de\/fotoblog\/wp-content\/uploads\/2013\/06\/13-Amsterdam_1-14-370x494.jpg 370w, http:\/\/www.martinstrattner.de\/fotoblog\/wp-content\/uploads\/2013\/06\/13-Amsterdam_1-14-450x600.jpg 450w\" sizes=\"(max-width: 600px) 100vw, 600px\" \/><\/a> <a href=\"http:\/\/www.martinstrattner.de\/fotoblog\/wp-content\/uploads\/2013\/06\/13-Amsterdam_1-15.jpg\"><img loading=\"lazy\" class=\"alignnone size-full wp-image-2024\" src=\"http:\/\/www.martinstrattner.de\/fotoblog\/wp-content\/uploads\/2013\/06\/13-Amsterdam_1-15.jpg\" alt=\"13-Amsterdam_1-15\" width=\"600\" height=\"800\" srcset=\"http:\/\/www.martinstrattner.de\/fotoblog\/wp-content\/uploads\/2013\/06\/13-Amsterdam_1-15.jpg 600w, http:\/\/www.martinstrattner.de\/fotoblog\/wp-content\/uploads\/2013\/06\/13-Amsterdam_1-15-216x288.jpg 216w, http:\/\/www.martinstrattner.de\/fotoblog\/wp-content\/uploads\/2013\/06\/13-Amsterdam_1-15-370x494.jpg 370w, http:\/\/www.martinstrattner.de\/fotoblog\/wp-content\/uploads\/2013\/06\/13-Amsterdam_1-15-450x600.jpg 450w\" sizes=\"(max-width: 600px) 100vw, 600px\" \/><\/a> <a href=\"http:\/\/www.martinstrattner.de\/fotoblog\/wp-content\/uploads\/2013\/06\/13-Amsterdam_1-16.jpg\"><img loading=\"lazy\" class=\"alignnone size-full wp-image-2025\" src=\"http:\/\/www.martinstrattner.de\/fotoblog\/wp-content\/uploads\/2013\/06\/13-Amsterdam_1-16.jpg\" alt=\"13-Amsterdam_1-16\" width=\"600\" height=\"450\" srcset=\"http:\/\/www.martinstrattner.de\/fotoblog\/wp-content\/uploads\/2013\/06\/13-Amsterdam_1-16.jpg 600w, http:\/\/www.martinstrattner.de\/fotoblog\/wp-content\/uploads\/2013\/06\/13-Amsterdam_1-16-288x216.jpg 288w, http:\/\/www.martinstrattner.de\/fotoblog\/wp-content\/uploads\/2013\/06\/13-Amsterdam_1-16-494x370.jpg 494w\" sizes=\"(max-width: 600px) 100vw, 600px\" \/><\/a><\/p>\n<p style=\"text-align: center;\">Der Wohnraum ist wohl ziemlich begrenzt in Amsterdam. Auch deshalb gibt es viele Hausboote an den Ufern. Da es aber von denen auch keine neuen mehr geben darf, so kostet so ein Hausboot angeblich 400,000\u20ac. Finde ich ne ganze Menge.<\/p>\n<p style=\"text-align: center;\"><a href=\"http:\/\/www.martinstrattner.de\/fotoblog\/wp-content\/uploads\/2013\/06\/13-Amsterdam_1-17.jpg\"><img loading=\"lazy\" class=\"alignnone size-full wp-image-2026\" src=\"http:\/\/www.martinstrattner.de\/fotoblog\/wp-content\/uploads\/2013\/06\/13-Amsterdam_1-17.jpg\" alt=\"13-Amsterdam_1-17\" width=\"600\" height=\"450\" srcset=\"http:\/\/www.martinstrattner.de\/fotoblog\/wp-content\/uploads\/2013\/06\/13-Amsterdam_1-17.jpg 600w, http:\/\/www.martinstrattner.de\/fotoblog\/wp-content\/uploads\/2013\/06\/13-Amsterdam_1-17-288x216.jpg 288w, http:\/\/www.martinstrattner.de\/fotoblog\/wp-content\/uploads\/2013\/06\/13-Amsterdam_1-17-494x370.jpg 494w\" sizes=\"(max-width: 600px) 100vw, 600px\" \/><\/a> <a href=\"http:\/\/www.martinstrattner.de\/fotoblog\/wp-content\/uploads\/2013\/06\/13-Amsterdam_1-18.jpg\"><img loading=\"lazy\" class=\"alignnone size-full wp-image-2027\" src=\"http:\/\/www.martinstrattner.de\/fotoblog\/wp-content\/uploads\/2013\/06\/13-Amsterdam_1-18.jpg\" alt=\"13-Amsterdam_1-18\" width=\"600\" height=\"800\" srcset=\"http:\/\/www.martinstrattner.de\/fotoblog\/wp-content\/uploads\/2013\/06\/13-Amsterdam_1-18.jpg 600w, http:\/\/www.martinstrattner.de\/fotoblog\/wp-content\/uploads\/2013\/06\/13-Amsterdam_1-18-216x288.jpg 216w, http:\/\/www.martinstrattner.de\/fotoblog\/wp-content\/uploads\/2013\/06\/13-Amsterdam_1-18-370x494.jpg 370w, http:\/\/www.martinstrattner.de\/fotoblog\/wp-content\/uploads\/2013\/06\/13-Amsterdam_1-18-450x600.jpg 450w\" sizes=\"(max-width: 600px) 100vw, 600px\" \/><\/a> <a href=\"http:\/\/www.martinstrattner.de\/fotoblog\/wp-content\/uploads\/2013\/06\/13-Amsterdam_1-19.jpg\"><img loading=\"lazy\" class=\"alignnone size-full wp-image-2028\" src=\"http:\/\/www.martinstrattner.de\/fotoblog\/wp-content\/uploads\/2013\/06\/13-Amsterdam_1-19.jpg\" alt=\"13-Amsterdam_1-19\" width=\"600\" height=\"450\" srcset=\"http:\/\/www.martinstrattner.de\/fotoblog\/wp-content\/uploads\/2013\/06\/13-Amsterdam_1-19.jpg 600w, http:\/\/www.martinstrattner.de\/fotoblog\/wp-content\/uploads\/2013\/06\/13-Amsterdam_1-19-288x216.jpg 288w, http:\/\/www.martinstrattner.de\/fotoblog\/wp-content\/uploads\/2013\/06\/13-Amsterdam_1-19-494x370.jpg 494w\" sizes=\"(max-width: 600px) 100vw, 600px\" \/><\/a> <a href=\"http:\/\/www.martinstrattner.de\/fotoblog\/wp-content\/uploads\/2013\/06\/13-Amsterdam_1-20.jpg\"><img loading=\"lazy\" class=\"alignnone size-full wp-image-2029\" src=\"http:\/\/www.martinstrattner.de\/fotoblog\/wp-content\/uploads\/2013\/06\/13-Amsterdam_1-20.jpg\" alt=\"13-Amsterdam_1-20\" width=\"600\" height=\"450\" srcset=\"http:\/\/www.martinstrattner.de\/fotoblog\/wp-content\/uploads\/2013\/06\/13-Amsterdam_1-20.jpg 600w, http:\/\/www.martinstrattner.de\/fotoblog\/wp-content\/uploads\/2013\/06\/13-Amsterdam_1-20-288x216.jpg 288w, http:\/\/www.martinstrattner.de\/fotoblog\/wp-content\/uploads\/2013\/06\/13-Amsterdam_1-20-494x370.jpg 494w\" sizes=\"(max-width: 600px) 100vw, 600px\" \/><\/a> <a href=\"http:\/\/www.martinstrattner.de\/fotoblog\/wp-content\/uploads\/2013\/06\/13-Amsterdam_1-21.jpg\"><img loading=\"lazy\" class=\"alignnone size-full wp-image-2030\" src=\"http:\/\/www.martinstrattner.de\/fotoblog\/wp-content\/uploads\/2013\/06\/13-Amsterdam_1-21.jpg\" alt=\"13-Amsterdam_1-21\" width=\"600\" height=\"450\" srcset=\"http:\/\/www.martinstrattner.de\/fotoblog\/wp-content\/uploads\/2013\/06\/13-Amsterdam_1-21.jpg 600w, http:\/\/www.martinstrattner.de\/fotoblog\/wp-content\/uploads\/2013\/06\/13-Amsterdam_1-21-288x216.jpg 288w, http:\/\/www.martinstrattner.de\/fotoblog\/wp-content\/uploads\/2013\/06\/13-Amsterdam_1-21-494x370.jpg 494w\" sizes=\"(max-width: 600px) 100vw, 600px\" \/><\/a> <a href=\"http:\/\/www.martinstrattner.de\/fotoblog\/wp-content\/uploads\/2013\/06\/13-Amsterdam_1-22.jpg\"><img loading=\"lazy\" class=\"alignnone size-full wp-image-2031\" src=\"http:\/\/www.martinstrattner.de\/fotoblog\/wp-content\/uploads\/2013\/06\/13-Amsterdam_1-22.jpg\" alt=\"13-Amsterdam_1-22\" width=\"600\" height=\"800\" srcset=\"http:\/\/www.martinstrattner.de\/fotoblog\/wp-content\/uploads\/2013\/06\/13-Amsterdam_1-22.jpg 600w, http:\/\/www.martinstrattner.de\/fotoblog\/wp-content\/uploads\/2013\/06\/13-Amsterdam_1-22-216x288.jpg 216w, http:\/\/www.martinstrattner.de\/fotoblog\/wp-content\/uploads\/2013\/06\/13-Amsterdam_1-22-370x494.jpg 370w, http:\/\/www.martinstrattner.de\/fotoblog\/wp-content\/uploads\/2013\/06\/13-Amsterdam_1-22-450x600.jpg 450w\" sizes=\"(max-width: 600px) 100vw, 600px\" \/><\/a> <a href=\"http:\/\/www.martinstrattner.de\/fotoblog\/wp-content\/uploads\/2013\/06\/13-Amsterdam_1-23.jpg\"><img loading=\"lazy\" class=\"alignnone size-full wp-image-2032\" src=\"http:\/\/www.martinstrattner.de\/fotoblog\/wp-content\/uploads\/2013\/06\/13-Amsterdam_1-23.jpg\" alt=\"13-Amsterdam_1-23\" width=\"600\" height=\"450\" srcset=\"http:\/\/www.martinstrattner.de\/fotoblog\/wp-content\/uploads\/2013\/06\/13-Amsterdam_1-23.jpg 600w, http:\/\/www.martinstrattner.de\/fotoblog\/wp-content\/uploads\/2013\/06\/13-Amsterdam_1-23-288x216.jpg 288w, http:\/\/www.martinstrattner.de\/fotoblog\/wp-content\/uploads\/2013\/06\/13-Amsterdam_1-23-494x370.jpg 494w\" sizes=\"(max-width: 600px) 100vw, 600px\" \/><\/a><a href=\"http:\/\/www.martinstrattner.de\/fotoblog\/wp-content\/uploads\/2013\/06\/13-Amsterdam_1-24.jpg\"><img loading=\"lazy\" class=\"alignnone size-full wp-image-2033\" src=\"http:\/\/www.martinstrattner.de\/fotoblog\/wp-content\/uploads\/2013\/06\/13-Amsterdam_1-24.jpg\" alt=\"13-Amsterdam_1-24\" width=\"600\" height=\"800\" srcset=\"http:\/\/www.martinstrattner.de\/fotoblog\/wp-content\/uploads\/2013\/06\/13-Amsterdam_1-24.jpg 600w, http:\/\/www.martinstrattner.de\/fotoblog\/wp-content\/uploads\/2013\/06\/13-Amsterdam_1-24-216x288.jpg 216w, http:\/\/www.martinstrattner.de\/fotoblog\/wp-content\/uploads\/2013\/06\/13-Amsterdam_1-24-370x494.jpg 370w, http:\/\/www.martinstrattner.de\/fotoblog\/wp-content\/uploads\/2013\/06\/13-Amsterdam_1-24-450x600.jpg 450w\" sizes=\"(max-width: 600px) 100vw, 600px\" \/><\/a><\/p>\n<p style=\"text-align: center;\">Das Anne Frank Haus haben wir uns nat\u00fcrlich auch angesehen. Dort aber keine Fotos gemacht. Weil man es nicht durfte, und es einer dieser Orte ist, wo es sich einfach falsch anf\u00fchlt. Unten seht ihr aber als Panorama den Blick den man vom Haus aus auf die Prinsengracht hat.<\/p>\n<p style=\"text-align: center;\"><a href=\"http:\/\/www.martinstrattner.de\/fotoblog\/wp-content\/uploads\/2013\/06\/13-Amsterdam_1-03.jpg\"><img loading=\"lazy\" src=\"http:\/\/www.martinstrattner.de\/fotoblog\/wp-content\/uploads\/2013\/06\/13-Amsterdam_1-03.jpg\" alt=\"13-Amsterdam_1-03\" width=\"600\" height=\"177\" \/><\/a> <a href=\"http:\/\/www.martinstrattner.de\/fotoblog\/wp-content\/uploads\/2013\/06\/13-Amsterdam_1-25.jpg\"><img loading=\"lazy\" class=\"alignnone size-full wp-image-2034\" src=\"http:\/\/www.martinstrattner.de\/fotoblog\/wp-content\/uploads\/2013\/06\/13-Amsterdam_1-25.jpg\" alt=\"13-Amsterdam_1-25\" width=\"600\" height=\"600\" srcset=\"http:\/\/www.martinstrattner.de\/fotoblog\/wp-content\/uploads\/2013\/06\/13-Amsterdam_1-25.jpg 600w, http:\/\/www.martinstrattner.de\/fotoblog\/wp-content\/uploads\/2013\/06\/13-Amsterdam_1-25-188x188.jpg 188w, http:\/\/www.martinstrattner.de\/fotoblog\/wp-content\/uploads\/2013\/06\/13-Amsterdam_1-25-288x288.jpg 288w, http:\/\/www.martinstrattner.de\/fotoblog\/wp-content\/uploads\/2013\/06\/13-Amsterdam_1-25-494x494.jpg 494w, http:\/\/www.martinstrattner.de\/fotoblog\/wp-content\/uploads\/2013\/06\/13-Amsterdam_1-25-88x88.jpg 88w\" sizes=\"(max-width: 600px) 100vw, 600px\" \/><\/a> <a href=\"http:\/\/www.martinstrattner.de\/fotoblog\/wp-content\/uploads\/2013\/06\/13-Amsterdam_1-26.jpg\"><img loading=\"lazy\" class=\"alignnone size-full wp-image-2035\" src=\"http:\/\/www.martinstrattner.de\/fotoblog\/wp-content\/uploads\/2013\/06\/13-Amsterdam_1-26.jpg\" alt=\"13-Amsterdam_1-26\" width=\"600\" height=\"450\" srcset=\"http:\/\/www.martinstrattner.de\/fotoblog\/wp-content\/uploads\/2013\/06\/13-Amsterdam_1-26.jpg 600w, http:\/\/www.martinstrattner.de\/fotoblog\/wp-content\/uploads\/2013\/06\/13-Amsterdam_1-26-288x216.jpg 288w, http:\/\/www.martinstrattner.de\/fotoblog\/wp-content\/uploads\/2013\/06\/13-Amsterdam_1-26-494x370.jpg 494w\" sizes=\"(max-width: 600px) 100vw, 600px\" \/><\/a> <a href=\"http:\/\/www.martinstrattner.de\/fotoblog\/wp-content\/uploads\/2013\/06\/13-Amsterdam_1-27.jpg\"><img loading=\"lazy\" class=\"alignnone size-full wp-image-2036\" src=\"http:\/\/www.martinstrattner.de\/fotoblog\/wp-content\/uploads\/2013\/06\/13-Amsterdam_1-27.jpg\" alt=\"13-Amsterdam_1-27\" width=\"600\" height=\"600\" srcset=\"http:\/\/www.martinstrattner.de\/fotoblog\/wp-content\/uploads\/2013\/06\/13-Amsterdam_1-27.jpg 600w, http:\/\/www.martinstrattner.de\/fotoblog\/wp-content\/uploads\/2013\/06\/13-Amsterdam_1-27-188x188.jpg 188w, http:\/\/www.martinstrattner.de\/fotoblog\/wp-content\/uploads\/2013\/06\/13-Amsterdam_1-27-288x288.jpg 288w, http:\/\/www.martinstrattner.de\/fotoblog\/wp-content\/uploads\/2013\/06\/13-Amsterdam_1-27-494x494.jpg 494w, http:\/\/www.martinstrattner.de\/fotoblog\/wp-content\/uploads\/2013\/06\/13-Amsterdam_1-27-88x88.jpg 88w\" sizes=\"(max-width: 600px) 100vw, 600px\" \/><\/a> <a href=\"http:\/\/www.martinstrattner.de\/fotoblog\/wp-content\/uploads\/2013\/06\/13-Amsterdam_1-28.jpg\"><img loading=\"lazy\" class=\"alignnone size-full wp-image-2037\" src=\"http:\/\/www.martinstrattner.de\/fotoblog\/wp-content\/uploads\/2013\/06\/13-Amsterdam_1-28.jpg\" alt=\"13-Amsterdam_1-28\" width=\"600\" height=\"400\" srcset=\"http:\/\/www.martinstrattner.de\/fotoblog\/wp-content\/uploads\/2013\/06\/13-Amsterdam_1-28.jpg 600w, http:\/\/www.martinstrattner.de\/fotoblog\/wp-content\/uploads\/2013\/06\/13-Amsterdam_1-28-288x192.jpg 288w, http:\/\/www.martinstrattner.de\/fotoblog\/wp-content\/uploads\/2013\/06\/13-Amsterdam_1-28-494x329.jpg 494w\" sizes=\"(max-width: 600px) 100vw, 600px\" \/><\/a> <a href=\"http:\/\/www.martinstrattner.de\/fotoblog\/wp-content\/uploads\/2013\/06\/13-Amsterdam_1-29.jpg\"><img loading=\"lazy\" class=\"alignnone size-full wp-image-2038\" src=\"http:\/\/www.martinstrattner.de\/fotoblog\/wp-content\/uploads\/2013\/06\/13-Amsterdam_1-29.jpg\" alt=\"13-Amsterdam_1-29\" width=\"600\" height=\"450\" srcset=\"http:\/\/www.martinstrattner.de\/fotoblog\/wp-content\/uploads\/2013\/06\/13-Amsterdam_1-29.jpg 600w, http:\/\/www.martinstrattner.de\/fotoblog\/wp-content\/uploads\/2013\/06\/13-Amsterdam_1-29-288x216.jpg 288w, http:\/\/www.martinstrattner.de\/fotoblog\/wp-content\/uploads\/2013\/06\/13-Amsterdam_1-29-494x370.jpg 494w\" sizes=\"(max-width: 600px) 100vw, 600px\" \/><\/a> <a href=\"http:\/\/www.martinstrattner.de\/fotoblog\/wp-content\/uploads\/2013\/06\/13-Amsterdam_1-30.jpg\"><img loading=\"lazy\" class=\"alignnone size-full wp-image-2039\" src=\"http:\/\/www.martinstrattner.de\/fotoblog\/wp-content\/uploads\/2013\/06\/13-Amsterdam_1-30.jpg\" alt=\"13-Amsterdam_1-30\" width=\"600\" height=\"450\" srcset=\"http:\/\/www.martinstrattner.de\/fotoblog\/wp-content\/uploads\/2013\/06\/13-Amsterdam_1-30.jpg 600w, http:\/\/www.martinstrattner.de\/fotoblog\/wp-content\/uploads\/2013\/06\/13-Amsterdam_1-30-288x216.jpg 288w, http:\/\/www.martinstrattner.de\/fotoblog\/wp-content\/uploads\/2013\/06\/13-Amsterdam_1-30-494x370.jpg 494w\" sizes=\"(max-width: 600px) 100vw, 600px\" \/><\/a> <a href=\"http:\/\/www.martinstrattner.de\/fotoblog\/wp-content\/uploads\/2013\/06\/13-Amsterdam_1-31.jpg\"><img loading=\"lazy\" class=\"alignnone size-full wp-image-2040\" src=\"http:\/\/www.martinstrattner.de\/fotoblog\/wp-content\/uploads\/2013\/06\/13-Amsterdam_1-31.jpg\" alt=\"13-Amsterdam_1-31\" width=\"600\" height=\"800\" srcset=\"http:\/\/www.martinstrattner.de\/fotoblog\/wp-content\/uploads\/2013\/06\/13-Amsterdam_1-31.jpg 600w, http:\/\/www.martinstrattner.de\/fotoblog\/wp-content\/uploads\/2013\/06\/13-Amsterdam_1-31-216x288.jpg 216w, http:\/\/www.martinstrattner.de\/fotoblog\/wp-content\/uploads\/2013\/06\/13-Amsterdam_1-31-370x494.jpg 370w, http:\/\/www.martinstrattner.de\/fotoblog\/wp-content\/uploads\/2013\/06\/13-Amsterdam_1-31-450x600.jpg 450w\" sizes=\"(max-width: 600px) 100vw, 600px\" \/><\/a><\/p>\n<p style=\"text-align: center;\">WHAAA, was war das. Pl\u00f6tzlich tauchte ein Zombie auf. Zuviel in der Sonne gelaufen und Halluzinationen? Nein, es ist der Zombiewalk in den ich zuf\u00e4llig hineingeriet. Seltsame Veranstaltung.<\/p>\n<p style=\"text-align: center;\"><a href=\"http:\/\/www.martinstrattner.de\/fotoblog\/wp-content\/uploads\/2013\/06\/13-Amsterdam_1-32.jpg\"><img loading=\"lazy\" class=\"alignnone size-full wp-image-2041\" src=\"http:\/\/www.martinstrattner.de\/fotoblog\/wp-content\/uploads\/2013\/06\/13-Amsterdam_1-32.jpg\" alt=\"13-Amsterdam_1-32\" width=\"600\" height=\"450\" srcset=\"http:\/\/www.martinstrattner.de\/fotoblog\/wp-content\/uploads\/2013\/06\/13-Amsterdam_1-32.jpg 600w, http:\/\/www.martinstrattner.de\/fotoblog\/wp-content\/uploads\/2013\/06\/13-Amsterdam_1-32-288x216.jpg 288w, http:\/\/www.martinstrattner.de\/fotoblog\/wp-content\/uploads\/2013\/06\/13-Amsterdam_1-32-494x370.jpg 494w\" sizes=\"(max-width: 600px) 100vw, 600px\" \/><\/a> <a href=\"http:\/\/www.martinstrattner.de\/fotoblog\/wp-content\/uploads\/2013\/06\/13-Amsterdam_1-33.jpg\"><img loading=\"lazy\" class=\"alignnone size-full wp-image-2042\" src=\"http:\/\/www.martinstrattner.de\/fotoblog\/wp-content\/uploads\/2013\/06\/13-Amsterdam_1-33.jpg\" alt=\"13-Amsterdam_1-33\" width=\"600\" height=\"400\" srcset=\"http:\/\/www.martinstrattner.de\/fotoblog\/wp-content\/uploads\/2013\/06\/13-Amsterdam_1-33.jpg 600w, http:\/\/www.martinstrattner.de\/fotoblog\/wp-content\/uploads\/2013\/06\/13-Amsterdam_1-33-288x192.jpg 288w, http:\/\/www.martinstrattner.de\/fotoblog\/wp-content\/uploads\/2013\/06\/13-Amsterdam_1-33-494x329.jpg 494w\" sizes=\"(max-width: 600px) 100vw, 600px\" \/><\/a> <a href=\"http:\/\/www.martinstrattner.de\/fotoblog\/wp-content\/uploads\/2013\/06\/13-Amsterdam_1-34.jpg\"><img loading=\"lazy\" class=\"alignnone size-full wp-image-2043\" src=\"http:\/\/www.martinstrattner.de\/fotoblog\/wp-content\/uploads\/2013\/06\/13-Amsterdam_1-34.jpg\" alt=\"13-Amsterdam_1-34\" width=\"600\" height=\"800\" srcset=\"http:\/\/www.martinstrattner.de\/fotoblog\/wp-content\/uploads\/2013\/06\/13-Amsterdam_1-34.jpg 600w, http:\/\/www.martinstrattner.de\/fotoblog\/wp-content\/uploads\/2013\/06\/13-Amsterdam_1-34-216x288.jpg 216w, http:\/\/www.martinstrattner.de\/fotoblog\/wp-content\/uploads\/2013\/06\/13-Amsterdam_1-34-370x494.jpg 370w, http:\/\/www.martinstrattner.de\/fotoblog\/wp-content\/uploads\/2013\/06\/13-Amsterdam_1-34-450x600.jpg 450w\" sizes=\"(max-width: 600px) 100vw, 600px\" \/><\/a> <a href=\"http:\/\/www.martinstrattner.de\/fotoblog\/wp-content\/uploads\/2013\/06\/13-Amsterdam_1-35.jpg\"><img loading=\"lazy\" class=\"alignnone size-full wp-image-2044\" src=\"http:\/\/www.martinstrattner.de\/fotoblog\/wp-content\/uploads\/2013\/06\/13-Amsterdam_1-35.jpg\" alt=\"13-Amsterdam_1-35\" width=\"600\" height=\"400\" srcset=\"http:\/\/www.martinstrattner.de\/fotoblog\/wp-content\/uploads\/2013\/06\/13-Amsterdam_1-35.jpg 600w, http:\/\/www.martinstrattner.de\/fotoblog\/wp-content\/uploads\/2013\/06\/13-Amsterdam_1-35-288x192.jpg 288w, http:\/\/www.martinstrattner.de\/fotoblog\/wp-content\/uploads\/2013\/06\/13-Amsterdam_1-35-494x329.jpg 494w\" sizes=\"(max-width: 600px) 100vw, 600px\" \/><\/a><\/p>\n<p style=\"text-align: center;\">Jetzt wird es gro\u00dfartig. Ihr wisst vielleicht von vorherigen Blogeintr\u00e4gen, ich kann mich riesig f\u00fcr Erlebnis-Marken-Welten-Flagship-Store-Dingsis begeistern. Riesen Freude \u00a0also, als wir am Rembrandt\u00a0Square den Magnum Pleasure Store (!) entdecken. Wo man sich sein eigenes Eis zusammenstellen kann. Mein erster Wurf: Wei\u00dfe Schokolade, mit 2 Sorten Bl\u00fctenbl\u00e4ttern und Pistazien. Dar\u00fcber nochmals wei\u00dfe Schokolade. Doris&#8216; Versuch war weniger blumig, daf\u00fcr schmeckte er besser ;)<\/p>\n<p><a href=\"http:\/\/www.martinstrattner.de\/fotoblog\/wp-content\/uploads\/2013\/06\/13-Amsterdam_1-37.jpg\"><img loading=\"lazy\" class=\" size-full wp-image-2046 aligncenter\" src=\"http:\/\/www.martinstrattner.de\/fotoblog\/wp-content\/uploads\/2013\/06\/13-Amsterdam_1-37.jpg\" alt=\"13-Amsterdam_1-37\" width=\"600\" height=\"800\" srcset=\"http:\/\/www.martinstrattner.de\/fotoblog\/wp-content\/uploads\/2013\/06\/13-Amsterdam_1-37.jpg 600w, http:\/\/www.martinstrattner.de\/fotoblog\/wp-content\/uploads\/2013\/06\/13-Amsterdam_1-37-216x288.jpg 216w, http:\/\/www.martinstrattner.de\/fotoblog\/wp-content\/uploads\/2013\/06\/13-Amsterdam_1-37-370x494.jpg 370w, http:\/\/www.martinstrattner.de\/fotoblog\/wp-content\/uploads\/2013\/06\/13-Amsterdam_1-37-450x600.jpg 450w\" sizes=\"(max-width: 600px) 100vw, 600px\" \/><\/a><a href=\"http:\/\/www.martinstrattner.de\/fotoblog\/wp-content\/uploads\/2013\/06\/13-Amsterdam_1-38.jpg\"><img loading=\"lazy\" class=\" size-full wp-image-2047 aligncenter\" src=\"http:\/\/www.martinstrattner.de\/fotoblog\/wp-content\/uploads\/2013\/06\/13-Amsterdam_1-38.jpg\" alt=\"13-Amsterdam_1-38\" width=\"600\" height=\"800\" srcset=\"http:\/\/www.martinstrattner.de\/fotoblog\/wp-content\/uploads\/2013\/06\/13-Amsterdam_1-38.jpg 600w, http:\/\/www.martinstrattner.de\/fotoblog\/wp-content\/uploads\/2013\/06\/13-Amsterdam_1-38-216x288.jpg 216w, http:\/\/www.martinstrattner.de\/fotoblog\/wp-content\/uploads\/2013\/06\/13-Amsterdam_1-38-370x494.jpg 370w, http:\/\/www.martinstrattner.de\/fotoblog\/wp-content\/uploads\/2013\/06\/13-Amsterdam_1-38-450x600.jpg 450w\" sizes=\"(max-width: 600px) 100vw, 600px\" \/><\/a> <a href=\"http:\/\/www.martinstrattner.de\/fotoblog\/wp-content\/uploads\/2013\/06\/13-Amsterdam_1-39.jpg\"><img loading=\"lazy\" class=\" size-full wp-image-2048 aligncenter\" src=\"http:\/\/www.martinstrattner.de\/fotoblog\/wp-content\/uploads\/2013\/06\/13-Amsterdam_1-39.jpg\" alt=\"13-Amsterdam_1-39\" width=\"600\" height=\"800\" srcset=\"http:\/\/www.martinstrattner.de\/fotoblog\/wp-content\/uploads\/2013\/06\/13-Amsterdam_1-39.jpg 600w, http:\/\/www.martinstrattner.de\/fotoblog\/wp-content\/uploads\/2013\/06\/13-Amsterdam_1-39-216x288.jpg 216w, http:\/\/www.martinstrattner.de\/fotoblog\/wp-content\/uploads\/2013\/06\/13-Amsterdam_1-39-370x494.jpg 370w, http:\/\/www.martinstrattner.de\/fotoblog\/wp-content\/uploads\/2013\/06\/13-Amsterdam_1-39-450x600.jpg 450w\" sizes=\"(max-width: 600px) 100vw, 600px\" \/><\/a> <a href=\"http:\/\/www.martinstrattner.de\/fotoblog\/wp-content\/uploads\/2013\/06\/13-Amsterdam_1-40.jpg\"><img loading=\"lazy\" class=\"alignnone size-full wp-image-2049 aligncenter\" src=\"http:\/\/www.martinstrattner.de\/fotoblog\/wp-content\/uploads\/2013\/06\/13-Amsterdam_1-40.jpg\" alt=\"13-Amsterdam_1-40\" width=\"600\" height=\"450\" srcset=\"http:\/\/www.martinstrattner.de\/fotoblog\/wp-content\/uploads\/2013\/06\/13-Amsterdam_1-40.jpg 600w, http:\/\/www.martinstrattner.de\/fotoblog\/wp-content\/uploads\/2013\/06\/13-Amsterdam_1-40-288x216.jpg 288w, http:\/\/www.martinstrattner.de\/fotoblog\/wp-content\/uploads\/2013\/06\/13-Amsterdam_1-40-494x370.jpg 494w\" sizes=\"(max-width: 600px) 100vw, 600px\" \/><\/a><\/p>\n\n<!-- Facebook Like Button v1.9.6 BEGIN [http:\/\/blog.bottomlessinc.com] -->\n<fb:like href=\"http:\/\/www.martinstrattner.de\/fotoblog\/2013\/06\/1-amsterdam\/\" layout=\"button_count\" show_faces=\"false\" width=\"450\" action=\"like\" colorscheme=\"light\"><\/fb:like>\n<!-- Facebook Like Button END -->\n<\/div><\/div>","protected":false},"excerpt":{"rendered":"<p>Eine neuer St\u00e4dteurlaub. Na ja, Urlaub, es war eine Stippvisite. Drei Tage in Amsterdam. Ich war noch nie dort, Freunde sagten es ist wunderbar, und ich sagte nach dem eher negativen Paris-Erlebnis &#8222;schaun ma mal&#8220;. Die Tage davor beobachtete ich schon immer gespannt den Wetterbericht. Wochenlang nur Regenwetter in M\u00fcnchen und Hochwasser \u00fcberall.\u00a0Aber kurz vor [&hellip;]<\/p>\n","protected":false},"author":1,"featured_media":2050,"comment_status":"open","ping_status":"open","sticky":false,"template":"","format":"standard","meta":{"spay_email":"","jetpack_publicize_message":""},"categories":[1,13,6],"tags":[],"jetpack_featured_media_url":"http:\/\/www.martinstrattner.de\/fotoblog\/wp-content\/uploads\/2013\/06\/13-Titel-Amsterdam_1.jpg","jetpack_publicize_connections":[],"jetpack_shortlink":"https:\/\/wp.me\/p2qpVl-vK","jetpack_sharing_enabled":true,"jetpack-related-posts":[],"_links":{"self":[{"href":"http:\/\/www.martinstrattner.de\/fotoblog\/wp-json\/wp\/v2\/posts\/1968"}],"collection":[{"href":"http:\/\/www.martinstrattner.de\/fotoblog\/wp-json\/wp\/v2\/posts"}],"about":[{"href":"http:\/\/www.martinstrattner.de\/fotoblog\/wp-json\/wp\/v2\/types\/post"}],"author":[{"embeddable":true,"href":"http:\/\/www.martinstrattner.de\/fotoblog\/wp-json\/wp\/v2\/users\/1"}],"replies":[{"embeddable":true,"href":"http:\/\/www.martinstrattner.de\/fotoblog\/wp-json\/wp\/v2\/comments?post=1968"}],"version-history":[{"count":14,"href":"http:\/\/www.martinstrattner.de\/fotoblog\/wp-json\/wp\/v2\/posts\/1968\/revisions"}],"predecessor-version":[{"id":5651,"href":"http:\/\/www.martinstrattner.de\/fotoblog\/wp-json\/wp\/v2\/posts\/1968\/revisions\/5651"}],"wp:featuredmedia":[{"embeddable":true,"href":"http:\/\/www.martinstrattner.de\/fotoblog\/wp-json\/wp\/v2\/media\/2050"}],"wp:attachment":[{"href":"http:\/\/www.martinstrattner.de\/fotoblog\/wp-json\/wp\/v2\/media?parent=1968"}],"wp:term":[{"taxonomy":"category","embeddable":true,"href":"http:\/\/www.martinstrattner.de\/fotoblog\/wp-json\/wp\/v2\/categories?post=1968"},{"taxonomy":"post_tag","embeddable":true,"href":"http:\/\/www.martinstrattner.de\/fotoblog\/wp-json\/wp\/v2\/tags?post=1968"}],"curies":[{"name":"wp","href":"https:\/\/api.w.org\/{rel}","templated":true}]}}