{"id":1633,"date":"2013-03-09T18:56:25","date_gmt":"2013-03-09T17:56:25","guid":{"rendered":"http:\/\/www.martinstrattner.de\/fotoblog\/?p=1633"},"modified":"2015-03-29T02:29:24","modified_gmt":"2015-03-29T01:29:24","slug":"kirchen-in-barcelona","status":"publish","type":"post","link":"http:\/\/www.martinstrattner.de\/fotoblog\/2013\/03\/kirchen-in-barcelona\/","title":{"rendered":"Kirchen in (Barcelona)"},"content":{"rendered":"<div id=\"dslc-theme-content\"><div id=\"dslc-theme-content-inner\"><p style=\"text-align: center;\">Erwartungen. Man bin ich schlecht gelaunt wenn die nicht erf\u00fcllt werden. Vor dem Besuch Barcelonas wurde mir erz\u00e4hlt, die Sagrada Fam\u00edlia\u00a0w\u00e4re das tollste Geb\u00e4ude. Der Welt. Jede Menge Potential also, ordentlich entt\u00e4uscht zu werden.<\/p>\n<p style=\"text-align: center;\">Aber um hier ne ordentliche Spannungskurve hinzubekommen, geht es aber jetzt los mit der Cathedral.<\/p>\n<p style=\"text-align: center;\"><a href=\"http:\/\/www.martinstrattner.de\/fotoblog\/wp-content\/uploads\/2013\/02\/13-BarcelonaKirchen-01.jpg\"><img loading=\"lazy\" class=\"alignnone size-full wp-image-1634\" src=\"http:\/\/www.martinstrattner.de\/fotoblog\/wp-content\/uploads\/2013\/02\/13-BarcelonaKirchen-01.jpg\" alt=\"13-BarcelonaKirchen-01\" width=\"600\" height=\"900\" srcset=\"http:\/\/www.martinstrattner.de\/fotoblog\/wp-content\/uploads\/2013\/02\/13-BarcelonaKirchen-01.jpg 600w, http:\/\/www.martinstrattner.de\/fotoblog\/wp-content\/uploads\/2013\/02\/13-BarcelonaKirchen-01-192x288.jpg 192w, http:\/\/www.martinstrattner.de\/fotoblog\/wp-content\/uploads\/2013\/02\/13-BarcelonaKirchen-01-329x494.jpg 329w, http:\/\/www.martinstrattner.de\/fotoblog\/wp-content\/uploads\/2013\/02\/13-BarcelonaKirchen-01-400x600.jpg 400w\" sizes=\"(max-width: 600px) 100vw, 600px\" \/><\/a><\/p>\n<p style=\"text-align: center;\"><a href=\"http:\/\/www.martinstrattner.de\/fotoblog\/wp-content\/uploads\/2013\/02\/13-BarcelonaKirchen-02.jpg\"><img loading=\"lazy\" class=\"alignnone size-full wp-image-1635\" src=\"http:\/\/www.martinstrattner.de\/fotoblog\/wp-content\/uploads\/2013\/02\/13-BarcelonaKirchen-02.jpg\" alt=\"13-BarcelonaKirchen-02\" width=\"600\" height=\"900\" srcset=\"http:\/\/www.martinstrattner.de\/fotoblog\/wp-content\/uploads\/2013\/02\/13-BarcelonaKirchen-02.jpg 600w, http:\/\/www.martinstrattner.de\/fotoblog\/wp-content\/uploads\/2013\/02\/13-BarcelonaKirchen-02-192x288.jpg 192w, http:\/\/www.martinstrattner.de\/fotoblog\/wp-content\/uploads\/2013\/02\/13-BarcelonaKirchen-02-329x494.jpg 329w, http:\/\/www.martinstrattner.de\/fotoblog\/wp-content\/uploads\/2013\/02\/13-BarcelonaKirchen-02-400x600.jpg 400w\" sizes=\"(max-width: 600px) 100vw, 600px\" \/><\/a><\/p>\n<p style=\"text-align: center;\"><a href=\"http:\/\/www.martinstrattner.de\/fotoblog\/wp-content\/uploads\/2013\/02\/13-BarcelonaKirchen-03.jpg\"><img loading=\"lazy\" class=\"alignnone size-full wp-image-1636\" src=\"http:\/\/www.martinstrattner.de\/fotoblog\/wp-content\/uploads\/2013\/02\/13-BarcelonaKirchen-03.jpg\" alt=\"13-BarcelonaKirchen-03\" width=\"600\" height=\"900\" srcset=\"http:\/\/www.martinstrattner.de\/fotoblog\/wp-content\/uploads\/2013\/02\/13-BarcelonaKirchen-03.jpg 600w, http:\/\/www.martinstrattner.de\/fotoblog\/wp-content\/uploads\/2013\/02\/13-BarcelonaKirchen-03-192x288.jpg 192w, http:\/\/www.martinstrattner.de\/fotoblog\/wp-content\/uploads\/2013\/02\/13-BarcelonaKirchen-03-329x494.jpg 329w, http:\/\/www.martinstrattner.de\/fotoblog\/wp-content\/uploads\/2013\/02\/13-BarcelonaKirchen-03-400x600.jpg 400w\" sizes=\"(max-width: 600px) 100vw, 600px\" \/><\/a><\/p>\n<p style=\"text-align: center;\"><a href=\"http:\/\/www.martinstrattner.de\/fotoblog\/wp-content\/uploads\/2013\/02\/13-BarcelonaKirchen-04.jpg\"><img loading=\"lazy\" class=\"alignnone size-full wp-image-1637\" src=\"http:\/\/www.martinstrattner.de\/fotoblog\/wp-content\/uploads\/2013\/02\/13-BarcelonaKirchen-04.jpg\" alt=\"13-BarcelonaKirchen-04\" width=\"600\" height=\"400\" srcset=\"http:\/\/www.martinstrattner.de\/fotoblog\/wp-content\/uploads\/2013\/02\/13-BarcelonaKirchen-04.jpg 600w, http:\/\/www.martinstrattner.de\/fotoblog\/wp-content\/uploads\/2013\/02\/13-BarcelonaKirchen-04-288x192.jpg 288w, http:\/\/www.martinstrattner.de\/fotoblog\/wp-content\/uploads\/2013\/02\/13-BarcelonaKirchen-04-494x329.jpg 494w\" sizes=\"(max-width: 600px) 100vw, 600px\" \/><\/a><\/p>\n<p style=\"text-align: center;\"><a href=\"http:\/\/www.martinstrattner.de\/fotoblog\/wp-content\/uploads\/2013\/02\/13-BarcelonaKirchen-05.jpg\"><img loading=\"lazy\" class=\"alignnone size-full wp-image-1638\" src=\"http:\/\/www.martinstrattner.de\/fotoblog\/wp-content\/uploads\/2013\/02\/13-BarcelonaKirchen-05.jpg\" alt=\"13-BarcelonaKirchen-05\" width=\"600\" height=\"400\" srcset=\"http:\/\/www.martinstrattner.de\/fotoblog\/wp-content\/uploads\/2013\/02\/13-BarcelonaKirchen-05.jpg 600w, http:\/\/www.martinstrattner.de\/fotoblog\/wp-content\/uploads\/2013\/02\/13-BarcelonaKirchen-05-288x192.jpg 288w, http:\/\/www.martinstrattner.de\/fotoblog\/wp-content\/uploads\/2013\/02\/13-BarcelonaKirchen-05-494x329.jpg 494w\" sizes=\"(max-width: 600px) 100vw, 600px\" \/><\/a><\/p>\n<p style=\"text-align: center;\"><a href=\"http:\/\/www.martinstrattner.de\/fotoblog\/wp-content\/uploads\/2013\/02\/13-BarcelonaKirchen-06.jpg\"><img loading=\"lazy\" class=\"alignnone size-full wp-image-1639\" src=\"http:\/\/www.martinstrattner.de\/fotoblog\/wp-content\/uploads\/2013\/02\/13-BarcelonaKirchen-06.jpg\" alt=\"13-BarcelonaKirchen-06\" width=\"600\" height=\"400\" srcset=\"http:\/\/www.martinstrattner.de\/fotoblog\/wp-content\/uploads\/2013\/02\/13-BarcelonaKirchen-06.jpg 600w, http:\/\/www.martinstrattner.de\/fotoblog\/wp-content\/uploads\/2013\/02\/13-BarcelonaKirchen-06-288x192.jpg 288w, http:\/\/www.martinstrattner.de\/fotoblog\/wp-content\/uploads\/2013\/02\/13-BarcelonaKirchen-06-494x329.jpg 494w\" sizes=\"(max-width: 600px) 100vw, 600px\" \/><\/a><\/p>\n<p style=\"text-align: center;\">Sch\u00f6n oder?<br \/>\nWeniger sch\u00f6n war die Fahrt auf das Dach der Kirche. In einem Aufzug, abgenommen vom T\u00dcV Rheinland. M\u00f6glicherweise. Wahrscheinlicher ist, dass der Mesner h\u00f6chstselbst den Aufkleber gef\u00e4lscht hat. Das Rumpel-Ding ist sicherlich f\u00fcr die H\u00e4lfte aller Beerdigungen verantwortlich die hier die letzten Jahre gehalten werden mussten.<\/p>\n<p style=\"text-align: center;\"><a href=\"http:\/\/www.martinstrattner.de\/fotoblog\/wp-content\/uploads\/2013\/02\/13-BarcelonaKirchen-07.jpg\"><img loading=\"lazy\" class=\"alignnone size-full wp-image-1640\" src=\"http:\/\/www.martinstrattner.de\/fotoblog\/wp-content\/uploads\/2013\/02\/13-BarcelonaKirchen-07.jpg\" alt=\"13-BarcelonaKirchen-07\" width=\"600\" height=\"400\" srcset=\"http:\/\/www.martinstrattner.de\/fotoblog\/wp-content\/uploads\/2013\/02\/13-BarcelonaKirchen-07.jpg 600w, http:\/\/www.martinstrattner.de\/fotoblog\/wp-content\/uploads\/2013\/02\/13-BarcelonaKirchen-07-288x192.jpg 288w, http:\/\/www.martinstrattner.de\/fotoblog\/wp-content\/uploads\/2013\/02\/13-BarcelonaKirchen-07-494x329.jpg 494w\" sizes=\"(max-width: 600px) 100vw, 600px\" \/><\/a><\/p>\n<p style=\"text-align: center;\"><a href=\"http:\/\/www.martinstrattner.de\/fotoblog\/wp-content\/uploads\/2013\/02\/13-BarcelonaKirchen-09.jpg\"><img loading=\"lazy\" class=\"alignnone size-full wp-image-1642\" src=\"http:\/\/www.martinstrattner.de\/fotoblog\/wp-content\/uploads\/2013\/02\/13-BarcelonaKirchen-09.jpg\" alt=\"13-BarcelonaKirchen-09\" width=\"600\" height=\"400\" srcset=\"http:\/\/www.martinstrattner.de\/fotoblog\/wp-content\/uploads\/2013\/02\/13-BarcelonaKirchen-09.jpg 600w, http:\/\/www.martinstrattner.de\/fotoblog\/wp-content\/uploads\/2013\/02\/13-BarcelonaKirchen-09-288x192.jpg 288w, http:\/\/www.martinstrattner.de\/fotoblog\/wp-content\/uploads\/2013\/02\/13-BarcelonaKirchen-09-494x329.jpg 494w\" sizes=\"(max-width: 600px) 100vw, 600px\" \/><\/a><\/p>\n<p style=\"text-align: center;\"><a href=\"http:\/\/www.martinstrattner.de\/fotoblog\/wp-content\/uploads\/2013\/02\/13-BarcelonaKirchen-10.jpg\"><img loading=\"lazy\" class=\"alignnone size-full wp-image-1643\" src=\"http:\/\/www.martinstrattner.de\/fotoblog\/wp-content\/uploads\/2013\/02\/13-BarcelonaKirchen-10.jpg\" alt=\"13-BarcelonaKirchen-10\" width=\"600\" height=\"400\" srcset=\"http:\/\/www.martinstrattner.de\/fotoblog\/wp-content\/uploads\/2013\/02\/13-BarcelonaKirchen-10.jpg 600w, http:\/\/www.martinstrattner.de\/fotoblog\/wp-content\/uploads\/2013\/02\/13-BarcelonaKirchen-10-288x192.jpg 288w, http:\/\/www.martinstrattner.de\/fotoblog\/wp-content\/uploads\/2013\/02\/13-BarcelonaKirchen-10-494x329.jpg 494w\" sizes=\"(max-width: 600px) 100vw, 600px\" \/><\/a><\/p>\n<p style=\"text-align: center;\">N\u00e4chster Halt: Santa Maria del Mar. Ich mag es ja wirklich gerne, sich bei Stadtbesichtigungen f\u00fcr ein paar Minuten in eine Kirche zu setzen. Kurzes Durchatmen, Ruhe.<\/p>\n<p style=\"text-align: center;\"><a href=\"http:\/\/www.martinstrattner.de\/fotoblog\/wp-content\/uploads\/2013\/02\/13-BarcelonaKirchen-11.jpg\"><img loading=\"lazy\" class=\"alignnone size-full wp-image-1644\" src=\"http:\/\/www.martinstrattner.de\/fotoblog\/wp-content\/uploads\/2013\/02\/13-BarcelonaKirchen-11.jpg\" alt=\"13-BarcelonaKirchen-11\" width=\"600\" height=\"400\" srcset=\"http:\/\/www.martinstrattner.de\/fotoblog\/wp-content\/uploads\/2013\/02\/13-BarcelonaKirchen-11.jpg 600w, http:\/\/www.martinstrattner.de\/fotoblog\/wp-content\/uploads\/2013\/02\/13-BarcelonaKirchen-11-288x192.jpg 288w, http:\/\/www.martinstrattner.de\/fotoblog\/wp-content\/uploads\/2013\/02\/13-BarcelonaKirchen-11-494x329.jpg 494w\" sizes=\"(max-width: 600px) 100vw, 600px\" \/><\/a><\/p>\n<p style=\"text-align: center;\"><a href=\"http:\/\/www.martinstrattner.de\/fotoblog\/wp-content\/uploads\/2013\/02\/13-BarcelonaKirchen-12.jpg\"><img loading=\"lazy\" class=\"alignnone size-full wp-image-1645\" src=\"http:\/\/www.martinstrattner.de\/fotoblog\/wp-content\/uploads\/2013\/02\/13-BarcelonaKirchen-12.jpg\" alt=\"13-BarcelonaKirchen-12\" width=\"600\" height=\"900\" srcset=\"http:\/\/www.martinstrattner.de\/fotoblog\/wp-content\/uploads\/2013\/02\/13-BarcelonaKirchen-12.jpg 600w, http:\/\/www.martinstrattner.de\/fotoblog\/wp-content\/uploads\/2013\/02\/13-BarcelonaKirchen-12-192x288.jpg 192w, http:\/\/www.martinstrattner.de\/fotoblog\/wp-content\/uploads\/2013\/02\/13-BarcelonaKirchen-12-329x494.jpg 329w, http:\/\/www.martinstrattner.de\/fotoblog\/wp-content\/uploads\/2013\/02\/13-BarcelonaKirchen-12-400x600.jpg 400w\" sizes=\"(max-width: 600px) 100vw, 600px\" \/><\/a><\/p>\n<p style=\"text-align: center;\"><a href=\"http:\/\/www.martinstrattner.de\/fotoblog\/wp-content\/uploads\/2013\/02\/13-BarcelonaKirchen-13.jpg\"><img loading=\"lazy\" class=\"alignnone size-full wp-image-1646\" src=\"http:\/\/www.martinstrattner.de\/fotoblog\/wp-content\/uploads\/2013\/02\/13-BarcelonaKirchen-13.jpg\" alt=\"13-BarcelonaKirchen-13\" width=\"600\" height=\"400\" srcset=\"http:\/\/www.martinstrattner.de\/fotoblog\/wp-content\/uploads\/2013\/02\/13-BarcelonaKirchen-13.jpg 600w, http:\/\/www.martinstrattner.de\/fotoblog\/wp-content\/uploads\/2013\/02\/13-BarcelonaKirchen-13-288x192.jpg 288w, http:\/\/www.martinstrattner.de\/fotoblog\/wp-content\/uploads\/2013\/02\/13-BarcelonaKirchen-13-494x329.jpg 494w\" sizes=\"(max-width: 600px) 100vw, 600px\" \/><\/a><\/p>\n<p style=\"text-align: center;\">La Sagrada Fam\u00edlia. Das tollste Geb\u00e4ude, dass ich bisher gesehen habe:<\/p>\n<p style=\"text-align: center;\"><a href=\"http:\/\/www.martinstrattner.de\/fotoblog\/wp-content\/uploads\/2013\/02\/13-BarcelonaKirchen-14.jpg\"><img loading=\"lazy\" class=\"alignnone size-full wp-image-1647\" src=\"http:\/\/www.martinstrattner.de\/fotoblog\/wp-content\/uploads\/2013\/02\/13-BarcelonaKirchen-14.jpg\" alt=\"13-BarcelonaKirchen-14\" width=\"600\" height=\"400\" srcset=\"http:\/\/www.martinstrattner.de\/fotoblog\/wp-content\/uploads\/2013\/02\/13-BarcelonaKirchen-14.jpg 600w, http:\/\/www.martinstrattner.de\/fotoblog\/wp-content\/uploads\/2013\/02\/13-BarcelonaKirchen-14-288x192.jpg 288w, http:\/\/www.martinstrattner.de\/fotoblog\/wp-content\/uploads\/2013\/02\/13-BarcelonaKirchen-14-494x329.jpg 494w\" sizes=\"(max-width: 600px) 100vw, 600px\" \/><\/a><\/p>\n<p style=\"text-align: center;\"><a href=\"http:\/\/www.martinstrattner.de\/fotoblog\/wp-content\/uploads\/2013\/02\/13-BarcelonaKirchen-15.jpg\"><img loading=\"lazy\" class=\"alignnone size-full wp-image-1648\" src=\"http:\/\/www.martinstrattner.de\/fotoblog\/wp-content\/uploads\/2013\/02\/13-BarcelonaKirchen-15.jpg\" alt=\"13-BarcelonaKirchen-15\" width=\"600\" height=\"900\" srcset=\"http:\/\/www.martinstrattner.de\/fotoblog\/wp-content\/uploads\/2013\/02\/13-BarcelonaKirchen-15.jpg 600w, http:\/\/www.martinstrattner.de\/fotoblog\/wp-content\/uploads\/2013\/02\/13-BarcelonaKirchen-15-192x288.jpg 192w, http:\/\/www.martinstrattner.de\/fotoblog\/wp-content\/uploads\/2013\/02\/13-BarcelonaKirchen-15-329x494.jpg 329w, http:\/\/www.martinstrattner.de\/fotoblog\/wp-content\/uploads\/2013\/02\/13-BarcelonaKirchen-15-400x600.jpg 400w\" sizes=\"(max-width: 600px) 100vw, 600px\" \/><\/a><\/p>\n<p style=\"text-align: center;\">Au\u00dfen gleichzeitig gro\u00df und kleinteilig. Noch nicht \u00fcberw\u00e4ltigend. Dazu ist es noch zu sehr Baustelle. Wir konnten dank des Online-Tickets an der langen Schlange vorbeigehen. St\u00fcrmten schon fast rein, ohne uns gro\u00df die Fassade anzusehen.<\/p>\n<p style=\"text-align: center;\"><a href=\"http:\/\/www.martinstrattner.de\/fotoblog\/wp-content\/uploads\/2013\/02\/13-BarcelonaKirchen-16.jpg\"><img loading=\"lazy\" class=\"alignnone size-full wp-image-1649\" src=\"http:\/\/www.martinstrattner.de\/fotoblog\/wp-content\/uploads\/2013\/02\/13-BarcelonaKirchen-16.jpg\" alt=\"13-BarcelonaKirchen-16\" width=\"600\" height=\"400\" srcset=\"http:\/\/www.martinstrattner.de\/fotoblog\/wp-content\/uploads\/2013\/02\/13-BarcelonaKirchen-16.jpg 600w, http:\/\/www.martinstrattner.de\/fotoblog\/wp-content\/uploads\/2013\/02\/13-BarcelonaKirchen-16-288x192.jpg 288w, http:\/\/www.martinstrattner.de\/fotoblog\/wp-content\/uploads\/2013\/02\/13-BarcelonaKirchen-16-494x329.jpg 494w\" sizes=\"(max-width: 600px) 100vw, 600px\" \/><\/a><\/p>\n<p style=\"text-align: center;\"><a href=\"http:\/\/www.martinstrattner.de\/fotoblog\/wp-content\/uploads\/2013\/02\/13-BarcelonaKirchen-17.jpg\"><img loading=\"lazy\" class=\"alignnone size-full wp-image-1650\" src=\"http:\/\/www.martinstrattner.de\/fotoblog\/wp-content\/uploads\/2013\/02\/13-BarcelonaKirchen-17.jpg\" alt=\"13-BarcelonaKirchen-17\" width=\"600\" height=\"900\" srcset=\"http:\/\/www.martinstrattner.de\/fotoblog\/wp-content\/uploads\/2013\/02\/13-BarcelonaKirchen-17.jpg 600w, http:\/\/www.martinstrattner.de\/fotoblog\/wp-content\/uploads\/2013\/02\/13-BarcelonaKirchen-17-192x288.jpg 192w, http:\/\/www.martinstrattner.de\/fotoblog\/wp-content\/uploads\/2013\/02\/13-BarcelonaKirchen-17-329x494.jpg 329w, http:\/\/www.martinstrattner.de\/fotoblog\/wp-content\/uploads\/2013\/02\/13-BarcelonaKirchen-17-400x600.jpg 400w\" sizes=\"(max-width: 600px) 100vw, 600px\" \/><\/a><\/p>\n<p style=\"text-align: center;\">Reinkommen.<\/p>\n<p style=\"text-align: center;\">Krass.<\/p>\n<p style=\"text-align: center;\">Es ist riesig. Sehr hoch. Zuerst alles wei\u00df. Die S\u00e4ulen ragen wie B\u00e4ume nach oben. Verzweigen sich. Enden in einem Bl\u00e4tterdach.<\/p>\n<p style=\"text-align: center;\"><a href=\"http:\/\/www.martinstrattner.de\/fotoblog\/wp-content\/uploads\/2013\/02\/13-BarcelonaKirchen-18.jpg\"><img loading=\"lazy\" class=\"alignnone size-full wp-image-1651\" src=\"http:\/\/www.martinstrattner.de\/fotoblog\/wp-content\/uploads\/2013\/02\/13-BarcelonaKirchen-18.jpg\" alt=\"13-BarcelonaKirchen-18\" width=\"600\" height=\"900\" srcset=\"http:\/\/www.martinstrattner.de\/fotoblog\/wp-content\/uploads\/2013\/02\/13-BarcelonaKirchen-18.jpg 600w, http:\/\/www.martinstrattner.de\/fotoblog\/wp-content\/uploads\/2013\/02\/13-BarcelonaKirchen-18-192x288.jpg 192w, http:\/\/www.martinstrattner.de\/fotoblog\/wp-content\/uploads\/2013\/02\/13-BarcelonaKirchen-18-329x494.jpg 329w, http:\/\/www.martinstrattner.de\/fotoblog\/wp-content\/uploads\/2013\/02\/13-BarcelonaKirchen-18-400x600.jpg 400w\" sizes=\"(max-width: 600px) 100vw, 600px\" \/><\/a><\/p>\n<p style=\"text-align: center;\"><a href=\"http:\/\/www.martinstrattner.de\/fotoblog\/wp-content\/uploads\/2013\/02\/13-BarcelonaKirchen-19.jpg\"><img loading=\"lazy\" class=\"alignnone size-full wp-image-1652\" src=\"http:\/\/www.martinstrattner.de\/fotoblog\/wp-content\/uploads\/2013\/02\/13-BarcelonaKirchen-19.jpg\" alt=\"13-BarcelonaKirchen-19\" width=\"600\" height=\"400\" srcset=\"http:\/\/www.martinstrattner.de\/fotoblog\/wp-content\/uploads\/2013\/02\/13-BarcelonaKirchen-19.jpg 600w, http:\/\/www.martinstrattner.de\/fotoblog\/wp-content\/uploads\/2013\/02\/13-BarcelonaKirchen-19-288x192.jpg 288w, http:\/\/www.martinstrattner.de\/fotoblog\/wp-content\/uploads\/2013\/02\/13-BarcelonaKirchen-19-494x329.jpg 494w\" sizes=\"(max-width: 600px) 100vw, 600px\" \/><\/a><\/p>\n<p style=\"text-align: center;\"><a href=\"http:\/\/www.martinstrattner.de\/fotoblog\/wp-content\/uploads\/2013\/02\/13-BarcelonaKirchen-20.jpg\"><img loading=\"lazy\" class=\"alignnone size-full wp-image-1653\" src=\"http:\/\/www.martinstrattner.de\/fotoblog\/wp-content\/uploads\/2013\/02\/13-BarcelonaKirchen-20.jpg\" alt=\"13-BarcelonaKirchen-20\" width=\"600\" height=\"400\" srcset=\"http:\/\/www.martinstrattner.de\/fotoblog\/wp-content\/uploads\/2013\/02\/13-BarcelonaKirchen-20.jpg 600w, http:\/\/www.martinstrattner.de\/fotoblog\/wp-content\/uploads\/2013\/02\/13-BarcelonaKirchen-20-288x192.jpg 288w, http:\/\/www.martinstrattner.de\/fotoblog\/wp-content\/uploads\/2013\/02\/13-BarcelonaKirchen-20-494x329.jpg 494w\" sizes=\"(max-width: 600px) 100vw, 600px\" \/><\/a><\/p>\n<p style=\"text-align: center;\"><a href=\"http:\/\/www.martinstrattner.de\/fotoblog\/wp-content\/uploads\/2013\/02\/13-BarcelonaKirchen-21.jpg\"><img loading=\"lazy\" class=\"alignnone size-full wp-image-1654\" src=\"http:\/\/www.martinstrattner.de\/fotoblog\/wp-content\/uploads\/2013\/02\/13-BarcelonaKirchen-21.jpg\" alt=\"13-BarcelonaKirchen-21\" width=\"600\" height=\"900\" srcset=\"http:\/\/www.martinstrattner.de\/fotoblog\/wp-content\/uploads\/2013\/02\/13-BarcelonaKirchen-21.jpg 600w, http:\/\/www.martinstrattner.de\/fotoblog\/wp-content\/uploads\/2013\/02\/13-BarcelonaKirchen-21-192x288.jpg 192w, http:\/\/www.martinstrattner.de\/fotoblog\/wp-content\/uploads\/2013\/02\/13-BarcelonaKirchen-21-329x494.jpg 329w, http:\/\/www.martinstrattner.de\/fotoblog\/wp-content\/uploads\/2013\/02\/13-BarcelonaKirchen-21-400x600.jpg 400w\" sizes=\"(max-width: 600px) 100vw, 600px\" \/><\/a><\/p>\n<p style=\"text-align: center;\"><a href=\"http:\/\/www.martinstrattner.de\/fotoblog\/wp-content\/uploads\/2013\/02\/13-BarcelonaKirchen-22.jpg\"><img loading=\"lazy\" class=\"alignnone size-full wp-image-1655\" src=\"http:\/\/www.martinstrattner.de\/fotoblog\/wp-content\/uploads\/2013\/02\/13-BarcelonaKirchen-22.jpg\" alt=\"13-BarcelonaKirchen-22\" width=\"600\" height=\"900\" srcset=\"http:\/\/www.martinstrattner.de\/fotoblog\/wp-content\/uploads\/2013\/02\/13-BarcelonaKirchen-22.jpg 600w, http:\/\/www.martinstrattner.de\/fotoblog\/wp-content\/uploads\/2013\/02\/13-BarcelonaKirchen-22-192x288.jpg 192w, http:\/\/www.martinstrattner.de\/fotoblog\/wp-content\/uploads\/2013\/02\/13-BarcelonaKirchen-22-329x494.jpg 329w, http:\/\/www.martinstrattner.de\/fotoblog\/wp-content\/uploads\/2013\/02\/13-BarcelonaKirchen-22-400x600.jpg 400w\" sizes=\"(max-width: 600px) 100vw, 600px\" \/><\/a><\/p>\n<p style=\"text-align: center;\">Wie nat\u00fcrliches und k\u00fcnstliches Licht einbezogen sind ist fantastisch. Egal wo man in der Kirche steht und nach oben sieht, immer ist man in der Mitte, die Lichter des Daches immer \u00fcber einem zentriert.<\/p>\n<p style=\"text-align: center;\"><a href=\"http:\/\/www.martinstrattner.de\/fotoblog\/wp-content\/uploads\/2013\/02\/13-BarcelonaKirchen-23.jpg\"><img loading=\"lazy\" class=\"alignnone size-full wp-image-1656\" src=\"http:\/\/www.martinstrattner.de\/fotoblog\/wp-content\/uploads\/2013\/02\/13-BarcelonaKirchen-23.jpg\" alt=\"13-BarcelonaKirchen-23\" width=\"600\" height=\"900\" srcset=\"http:\/\/www.martinstrattner.de\/fotoblog\/wp-content\/uploads\/2013\/02\/13-BarcelonaKirchen-23.jpg 600w, http:\/\/www.martinstrattner.de\/fotoblog\/wp-content\/uploads\/2013\/02\/13-BarcelonaKirchen-23-192x288.jpg 192w, http:\/\/www.martinstrattner.de\/fotoblog\/wp-content\/uploads\/2013\/02\/13-BarcelonaKirchen-23-329x494.jpg 329w, http:\/\/www.martinstrattner.de\/fotoblog\/wp-content\/uploads\/2013\/02\/13-BarcelonaKirchen-23-400x600.jpg 400w\" sizes=\"(max-width: 600px) 100vw, 600px\" \/><\/a><\/p>\n<p style=\"text-align: center;\"><a href=\"http:\/\/www.martinstrattner.de\/fotoblog\/wp-content\/uploads\/2013\/02\/13-BarcelonaKirchen-24.jpg\"><img loading=\"lazy\" class=\"alignnone size-full wp-image-1657\" src=\"http:\/\/www.martinstrattner.de\/fotoblog\/wp-content\/uploads\/2013\/02\/13-BarcelonaKirchen-24.jpg\" alt=\"13-BarcelonaKirchen-24\" width=\"600\" height=\"400\" srcset=\"http:\/\/www.martinstrattner.de\/fotoblog\/wp-content\/uploads\/2013\/02\/13-BarcelonaKirchen-24.jpg 600w, http:\/\/www.martinstrattner.de\/fotoblog\/wp-content\/uploads\/2013\/02\/13-BarcelonaKirchen-24-288x192.jpg 288w, http:\/\/www.martinstrattner.de\/fotoblog\/wp-content\/uploads\/2013\/02\/13-BarcelonaKirchen-24-494x329.jpg 494w\" sizes=\"(max-width: 600px) 100vw, 600px\" \/><\/a><\/p>\n<p style=\"text-align: center;\"><a href=\"http:\/\/www.martinstrattner.de\/fotoblog\/wp-content\/uploads\/2013\/02\/13-BarcelonaKirchen-25.jpg\"><img loading=\"lazy\" class=\"alignnone size-full wp-image-1658\" src=\"http:\/\/www.martinstrattner.de\/fotoblog\/wp-content\/uploads\/2013\/02\/13-BarcelonaKirchen-25.jpg\" alt=\"13-BarcelonaKirchen-25\" width=\"600\" height=\"900\" srcset=\"http:\/\/www.martinstrattner.de\/fotoblog\/wp-content\/uploads\/2013\/02\/13-BarcelonaKirchen-25.jpg 600w, http:\/\/www.martinstrattner.de\/fotoblog\/wp-content\/uploads\/2013\/02\/13-BarcelonaKirchen-25-192x288.jpg 192w, http:\/\/www.martinstrattner.de\/fotoblog\/wp-content\/uploads\/2013\/02\/13-BarcelonaKirchen-25-329x494.jpg 329w, http:\/\/www.martinstrattner.de\/fotoblog\/wp-content\/uploads\/2013\/02\/13-BarcelonaKirchen-25-400x600.jpg 400w\" sizes=\"(max-width: 600px) 100vw, 600px\" \/><\/a><\/p>\n<p style=\"text-align: center;\"><a href=\"http:\/\/www.martinstrattner.de\/fotoblog\/wp-content\/uploads\/2013\/02\/13-BarcelonaKirchen-26.jpg\"><img loading=\"lazy\" class=\"alignnone size-full wp-image-1659\" src=\"http:\/\/www.martinstrattner.de\/fotoblog\/wp-content\/uploads\/2013\/02\/13-BarcelonaKirchen-26.jpg\" alt=\"13-BarcelonaKirchen-26\" width=\"600\" height=\"400\" srcset=\"http:\/\/www.martinstrattner.de\/fotoblog\/wp-content\/uploads\/2013\/02\/13-BarcelonaKirchen-26.jpg 600w, http:\/\/www.martinstrattner.de\/fotoblog\/wp-content\/uploads\/2013\/02\/13-BarcelonaKirchen-26-288x192.jpg 288w, http:\/\/www.martinstrattner.de\/fotoblog\/wp-content\/uploads\/2013\/02\/13-BarcelonaKirchen-26-494x329.jpg 494w\" sizes=\"(max-width: 600px) 100vw, 600px\" \/><\/a><\/p>\n<p style=\"text-align: center;\">\u00dcberall Details. Balkone auf mehreren Ebenen. Bis in die 40 Meter H\u00f6he. Allein die Balkone einer Ebene fassen 1000 Menschen. 1000 Menschen Chor.<\/p>\n<p style=\"text-align: center;\"><a href=\"http:\/\/www.martinstrattner.de\/fotoblog\/wp-content\/uploads\/2013\/02\/13-BarcelonaKirchen-28.jpg\"><img loading=\"lazy\" class=\"alignnone size-full wp-image-1661\" src=\"http:\/\/www.martinstrattner.de\/fotoblog\/wp-content\/uploads\/2013\/02\/13-BarcelonaKirchen-28.jpg\" alt=\"13-BarcelonaKirchen-28\" width=\"600\" height=\"400\" srcset=\"http:\/\/www.martinstrattner.de\/fotoblog\/wp-content\/uploads\/2013\/02\/13-BarcelonaKirchen-28.jpg 600w, http:\/\/www.martinstrattner.de\/fotoblog\/wp-content\/uploads\/2013\/02\/13-BarcelonaKirchen-28-288x192.jpg 288w, http:\/\/www.martinstrattner.de\/fotoblog\/wp-content\/uploads\/2013\/02\/13-BarcelonaKirchen-28-494x329.jpg 494w\" sizes=\"(max-width: 600px) 100vw, 600px\" \/><\/a><\/p>\n<p style=\"text-align: center;\"><a href=\"http:\/\/www.martinstrattner.de\/fotoblog\/wp-content\/uploads\/2013\/02\/13-BarcelonaKirchen-29.jpg\"><img loading=\"lazy\" class=\"alignnone size-full wp-image-1662\" src=\"http:\/\/www.martinstrattner.de\/fotoblog\/wp-content\/uploads\/2013\/02\/13-BarcelonaKirchen-29.jpg\" alt=\"13-BarcelonaKirchen-29\" width=\"600\" height=\"900\" srcset=\"http:\/\/www.martinstrattner.de\/fotoblog\/wp-content\/uploads\/2013\/02\/13-BarcelonaKirchen-29.jpg 600w, http:\/\/www.martinstrattner.de\/fotoblog\/wp-content\/uploads\/2013\/02\/13-BarcelonaKirchen-29-192x288.jpg 192w, http:\/\/www.martinstrattner.de\/fotoblog\/wp-content\/uploads\/2013\/02\/13-BarcelonaKirchen-29-329x494.jpg 329w, http:\/\/www.martinstrattner.de\/fotoblog\/wp-content\/uploads\/2013\/02\/13-BarcelonaKirchen-29-400x600.jpg 400w\" sizes=\"(max-width: 600px) 100vw, 600px\" \/><\/a><\/p>\n<p style=\"text-align: center;\"><a href=\"http:\/\/www.martinstrattner.de\/fotoblog\/wp-content\/uploads\/2013\/02\/13-BarcelonaKirchen-30.jpg\"><img loading=\"lazy\" class=\"alignnone size-full wp-image-1663\" src=\"http:\/\/www.martinstrattner.de\/fotoblog\/wp-content\/uploads\/2013\/02\/13-BarcelonaKirchen-30.jpg\" alt=\"13-BarcelonaKirchen-30\" width=\"600\" height=\"900\" srcset=\"http:\/\/www.martinstrattner.de\/fotoblog\/wp-content\/uploads\/2013\/02\/13-BarcelonaKirchen-30.jpg 600w, http:\/\/www.martinstrattner.de\/fotoblog\/wp-content\/uploads\/2013\/02\/13-BarcelonaKirchen-30-192x288.jpg 192w, http:\/\/www.martinstrattner.de\/fotoblog\/wp-content\/uploads\/2013\/02\/13-BarcelonaKirchen-30-329x494.jpg 329w, http:\/\/www.martinstrattner.de\/fotoblog\/wp-content\/uploads\/2013\/02\/13-BarcelonaKirchen-30-400x600.jpg 400w\" sizes=\"(max-width: 600px) 100vw, 600px\" \/><\/a><\/p>\n<p style=\"text-align: center;\"><a href=\"http:\/\/www.martinstrattner.de\/fotoblog\/wp-content\/uploads\/2013\/02\/13-BarcelonaKirchen-31.jpg\"><img loading=\"lazy\" class=\"alignnone size-full wp-image-1664\" src=\"http:\/\/www.martinstrattner.de\/fotoblog\/wp-content\/uploads\/2013\/02\/13-BarcelonaKirchen-31.jpg\" alt=\"13-BarcelonaKirchen-31\" width=\"600\" height=\"900\" srcset=\"http:\/\/www.martinstrattner.de\/fotoblog\/wp-content\/uploads\/2013\/02\/13-BarcelonaKirchen-31.jpg 600w, http:\/\/www.martinstrattner.de\/fotoblog\/wp-content\/uploads\/2013\/02\/13-BarcelonaKirchen-31-192x288.jpg 192w, http:\/\/www.martinstrattner.de\/fotoblog\/wp-content\/uploads\/2013\/02\/13-BarcelonaKirchen-31-329x494.jpg 329w, http:\/\/www.martinstrattner.de\/fotoblog\/wp-content\/uploads\/2013\/02\/13-BarcelonaKirchen-31-400x600.jpg 400w\" sizes=\"(max-width: 600px) 100vw, 600px\" \/><\/a><\/p>\n<p style=\"text-align: center;\"><a href=\"http:\/\/www.martinstrattner.de\/fotoblog\/wp-content\/uploads\/2013\/02\/13-BarcelonaKirchen-32.jpg\"><img loading=\"lazy\" class=\"alignnone size-full wp-image-1665\" src=\"http:\/\/www.martinstrattner.de\/fotoblog\/wp-content\/uploads\/2013\/02\/13-BarcelonaKirchen-32.jpg\" alt=\"13-BarcelonaKirchen-32\" width=\"600\" height=\"900\" srcset=\"http:\/\/www.martinstrattner.de\/fotoblog\/wp-content\/uploads\/2013\/02\/13-BarcelonaKirchen-32.jpg 600w, http:\/\/www.martinstrattner.de\/fotoblog\/wp-content\/uploads\/2013\/02\/13-BarcelonaKirchen-32-192x288.jpg 192w, http:\/\/www.martinstrattner.de\/fotoblog\/wp-content\/uploads\/2013\/02\/13-BarcelonaKirchen-32-329x494.jpg 329w, http:\/\/www.martinstrattner.de\/fotoblog\/wp-content\/uploads\/2013\/02\/13-BarcelonaKirchen-32-400x600.jpg 400w\" sizes=\"(max-width: 600px) 100vw, 600px\" \/><\/a><\/p>\n<p style=\"text-align: center;\"><a href=\"http:\/\/www.martinstrattner.de\/fotoblog\/wp-content\/uploads\/2013\/02\/13-BarcelonaKirchen-34.jpg\"><img loading=\"lazy\" class=\"alignnone size-full wp-image-1667\" src=\"http:\/\/www.martinstrattner.de\/fotoblog\/wp-content\/uploads\/2013\/02\/13-BarcelonaKirchen-34.jpg\" alt=\"13-BarcelonaKirchen-34\" width=\"600\" height=\"900\" srcset=\"http:\/\/www.martinstrattner.de\/fotoblog\/wp-content\/uploads\/2013\/02\/13-BarcelonaKirchen-34.jpg 600w, http:\/\/www.martinstrattner.de\/fotoblog\/wp-content\/uploads\/2013\/02\/13-BarcelonaKirchen-34-192x288.jpg 192w, http:\/\/www.martinstrattner.de\/fotoblog\/wp-content\/uploads\/2013\/02\/13-BarcelonaKirchen-34-329x494.jpg 329w, http:\/\/www.martinstrattner.de\/fotoblog\/wp-content\/uploads\/2013\/02\/13-BarcelonaKirchen-34-400x600.jpg 400w\" sizes=\"(max-width: 600px) 100vw, 600px\" \/><\/a><\/p>\n<p style=\"text-align: center;\"><a href=\"http:\/\/www.martinstrattner.de\/fotoblog\/wp-content\/uploads\/2013\/02\/13-BarcelonaKirchen-35.jpg\"><img loading=\"lazy\" class=\"alignnone size-full wp-image-1668\" src=\"http:\/\/www.martinstrattner.de\/fotoblog\/wp-content\/uploads\/2013\/02\/13-BarcelonaKirchen-35.jpg\" alt=\"13-BarcelonaKirchen-35\" width=\"600\" height=\"400\" srcset=\"http:\/\/www.martinstrattner.de\/fotoblog\/wp-content\/uploads\/2013\/02\/13-BarcelonaKirchen-35.jpg 600w, http:\/\/www.martinstrattner.de\/fotoblog\/wp-content\/uploads\/2013\/02\/13-BarcelonaKirchen-35-288x192.jpg 288w, http:\/\/www.martinstrattner.de\/fotoblog\/wp-content\/uploads\/2013\/02\/13-BarcelonaKirchen-35-494x329.jpg 494w\" sizes=\"(max-width: 600px) 100vw, 600px\" \/><\/a><\/p>\n<p style=\"text-align: center;\"><a href=\"http:\/\/www.martinstrattner.de\/fotoblog\/wp-content\/uploads\/2013\/02\/13-BarcelonaKirchen-37.jpg\"><img loading=\"lazy\" class=\"alignnone size-full wp-image-1670\" src=\"http:\/\/www.martinstrattner.de\/fotoblog\/wp-content\/uploads\/2013\/02\/13-BarcelonaKirchen-37.jpg\" alt=\"13-BarcelonaKirchen-37\" width=\"600\" height=\"400\" srcset=\"http:\/\/www.martinstrattner.de\/fotoblog\/wp-content\/uploads\/2013\/02\/13-BarcelonaKirchen-37.jpg 600w, http:\/\/www.martinstrattner.de\/fotoblog\/wp-content\/uploads\/2013\/02\/13-BarcelonaKirchen-37-288x192.jpg 288w, http:\/\/www.martinstrattner.de\/fotoblog\/wp-content\/uploads\/2013\/02\/13-BarcelonaKirchen-37-494x329.jpg 494w\" sizes=\"(max-width: 600px) 100vw, 600px\" \/><\/a><\/p>\n<p style=\"text-align: center;\"><a href=\"http:\/\/www.martinstrattner.de\/fotoblog\/wp-content\/uploads\/2013\/02\/13-BarcelonaKirchen-38.jpg\"><img loading=\"lazy\" class=\"alignnone size-full wp-image-1671\" src=\"http:\/\/www.martinstrattner.de\/fotoblog\/wp-content\/uploads\/2013\/02\/13-BarcelonaKirchen-38.jpg\" alt=\"13-BarcelonaKirchen-38\" width=\"600\" height=\"400\" srcset=\"http:\/\/www.martinstrattner.de\/fotoblog\/wp-content\/uploads\/2013\/02\/13-BarcelonaKirchen-38.jpg 600w, http:\/\/www.martinstrattner.de\/fotoblog\/wp-content\/uploads\/2013\/02\/13-BarcelonaKirchen-38-288x192.jpg 288w, http:\/\/www.martinstrattner.de\/fotoblog\/wp-content\/uploads\/2013\/02\/13-BarcelonaKirchen-38-494x329.jpg 494w\" sizes=\"(max-width: 600px) 100vw, 600px\" \/><\/a><\/p>\n<p style=\"text-align: center;\"><a href=\"http:\/\/www.martinstrattner.de\/fotoblog\/wp-content\/uploads\/2013\/02\/13-BarcelonaKirchen-39.jpg\"><img loading=\"lazy\" class=\"alignnone size-full wp-image-1672\" src=\"http:\/\/www.martinstrattner.de\/fotoblog\/wp-content\/uploads\/2013\/02\/13-BarcelonaKirchen-39.jpg\" alt=\"13-BarcelonaKirchen-39\" width=\"600\" height=\"400\" srcset=\"http:\/\/www.martinstrattner.de\/fotoblog\/wp-content\/uploads\/2013\/02\/13-BarcelonaKirchen-39.jpg 600w, http:\/\/www.martinstrattner.de\/fotoblog\/wp-content\/uploads\/2013\/02\/13-BarcelonaKirchen-39-288x192.jpg 288w, http:\/\/www.martinstrattner.de\/fotoblog\/wp-content\/uploads\/2013\/02\/13-BarcelonaKirchen-39-494x329.jpg 494w\" sizes=\"(max-width: 600px) 100vw, 600px\" \/><\/a><\/p>\n<p style=\"text-align: center;\">Der Reisef\u00fchrer empfahl, am Abend hinzugehen. Guter Reisef\u00fchrer. Dann nach einem Abstecher auf das Dach der Kirche ging die Sonne langsam unter, und schien schr\u00e4g durch die Kirchenfenster. Die vorher wei\u00dfe Kirche quoll \u00fcber vor Farben.<\/p>\n<p style=\"text-align: center;\"><a href=\"http:\/\/www.martinstrattner.de\/fotoblog\/wp-content\/uploads\/2013\/02\/13-BarcelonaKirchen-40.jpg\"><img loading=\"lazy\" class=\"alignnone size-full wp-image-1673\" src=\"http:\/\/www.martinstrattner.de\/fotoblog\/wp-content\/uploads\/2013\/02\/13-BarcelonaKirchen-40.jpg\" alt=\"13-BarcelonaKirchen-40\" width=\"600\" height=\"400\" srcset=\"http:\/\/www.martinstrattner.de\/fotoblog\/wp-content\/uploads\/2013\/02\/13-BarcelonaKirchen-40.jpg 600w, http:\/\/www.martinstrattner.de\/fotoblog\/wp-content\/uploads\/2013\/02\/13-BarcelonaKirchen-40-288x192.jpg 288w, http:\/\/www.martinstrattner.de\/fotoblog\/wp-content\/uploads\/2013\/02\/13-BarcelonaKirchen-40-494x329.jpg 494w\" sizes=\"(max-width: 600px) 100vw, 600px\" \/><\/a><\/p>\n<p style=\"text-align: center;\"><a href=\"http:\/\/www.martinstrattner.de\/fotoblog\/wp-content\/uploads\/2013\/02\/13-BarcelonaKirchen-41.jpg\"><img loading=\"lazy\" class=\"alignnone size-full wp-image-1674\" src=\"http:\/\/www.martinstrattner.de\/fotoblog\/wp-content\/uploads\/2013\/02\/13-BarcelonaKirchen-41.jpg\" alt=\"13-BarcelonaKirchen-41\" width=\"600\" height=\"400\" srcset=\"http:\/\/www.martinstrattner.de\/fotoblog\/wp-content\/uploads\/2013\/02\/13-BarcelonaKirchen-41.jpg 600w, http:\/\/www.martinstrattner.de\/fotoblog\/wp-content\/uploads\/2013\/02\/13-BarcelonaKirchen-41-288x192.jpg 288w, http:\/\/www.martinstrattner.de\/fotoblog\/wp-content\/uploads\/2013\/02\/13-BarcelonaKirchen-41-494x329.jpg 494w\" sizes=\"(max-width: 600px) 100vw, 600px\" \/><\/a><\/p>\n<p style=\"text-align: center;\"><a href=\"http:\/\/www.martinstrattner.de\/fotoblog\/wp-content\/uploads\/2013\/02\/13-BarcelonaKirchen-42.jpg\"><img loading=\"lazy\" class=\"alignnone size-full wp-image-1675\" src=\"http:\/\/www.martinstrattner.de\/fotoblog\/wp-content\/uploads\/2013\/02\/13-BarcelonaKirchen-42.jpg\" alt=\"13-BarcelonaKirchen-42\" width=\"600\" height=\"400\" srcset=\"http:\/\/www.martinstrattner.de\/fotoblog\/wp-content\/uploads\/2013\/02\/13-BarcelonaKirchen-42.jpg 600w, http:\/\/www.martinstrattner.de\/fotoblog\/wp-content\/uploads\/2013\/02\/13-BarcelonaKirchen-42-288x192.jpg 288w, http:\/\/www.martinstrattner.de\/fotoblog\/wp-content\/uploads\/2013\/02\/13-BarcelonaKirchen-42-494x329.jpg 494w\" sizes=\"(max-width: 600px) 100vw, 600px\" \/><\/a><\/p>\n<p style=\"text-align: center;\"><a href=\"http:\/\/www.martinstrattner.de\/fotoblog\/wp-content\/uploads\/2013\/02\/13-BarcelonaKirchen-43.jpg\"><img loading=\"lazy\" class=\"alignnone size-full wp-image-1676\" src=\"http:\/\/www.martinstrattner.de\/fotoblog\/wp-content\/uploads\/2013\/02\/13-BarcelonaKirchen-43.jpg\" alt=\"13-BarcelonaKirchen-43\" width=\"600\" height=\"400\" srcset=\"http:\/\/www.martinstrattner.de\/fotoblog\/wp-content\/uploads\/2013\/02\/13-BarcelonaKirchen-43.jpg 600w, http:\/\/www.martinstrattner.de\/fotoblog\/wp-content\/uploads\/2013\/02\/13-BarcelonaKirchen-43-288x192.jpg 288w, http:\/\/www.martinstrattner.de\/fotoblog\/wp-content\/uploads\/2013\/02\/13-BarcelonaKirchen-43-494x329.jpg 494w\" sizes=\"(max-width: 600px) 100vw, 600px\" \/><\/a><\/p>\n<p style=\"text-align: center;\"><a href=\"http:\/\/www.martinstrattner.de\/fotoblog\/wp-content\/uploads\/2013\/02\/13-BarcelonaKirchen-45.jpg\"><img loading=\"lazy\" class=\"alignnone size-full wp-image-1678\" src=\"http:\/\/www.martinstrattner.de\/fotoblog\/wp-content\/uploads\/2013\/02\/13-BarcelonaKirchen-45.jpg\" alt=\"13-BarcelonaKirchen-45\" width=\"600\" height=\"900\" srcset=\"http:\/\/www.martinstrattner.de\/fotoblog\/wp-content\/uploads\/2013\/02\/13-BarcelonaKirchen-45.jpg 600w, http:\/\/www.martinstrattner.de\/fotoblog\/wp-content\/uploads\/2013\/02\/13-BarcelonaKirchen-45-192x288.jpg 192w, http:\/\/www.martinstrattner.de\/fotoblog\/wp-content\/uploads\/2013\/02\/13-BarcelonaKirchen-45-329x494.jpg 329w, http:\/\/www.martinstrattner.de\/fotoblog\/wp-content\/uploads\/2013\/02\/13-BarcelonaKirchen-45-400x600.jpg 400w\" sizes=\"(max-width: 600px) 100vw, 600px\" \/><\/a><\/p>\n<p style=\"text-align: center;\"><a href=\"http:\/\/www.martinstrattner.de\/fotoblog\/wp-content\/uploads\/2013\/02\/13-BarcelonaKirchen-46.jpg\"><img loading=\"lazy\" class=\"alignnone size-full wp-image-1679\" src=\"http:\/\/www.martinstrattner.de\/fotoblog\/wp-content\/uploads\/2013\/02\/13-BarcelonaKirchen-46.jpg\" alt=\"13-BarcelonaKirchen-46\" width=\"600\" height=\"400\" srcset=\"http:\/\/www.martinstrattner.de\/fotoblog\/wp-content\/uploads\/2013\/02\/13-BarcelonaKirchen-46.jpg 600w, http:\/\/www.martinstrattner.de\/fotoblog\/wp-content\/uploads\/2013\/02\/13-BarcelonaKirchen-46-288x192.jpg 288w, http:\/\/www.martinstrattner.de\/fotoblog\/wp-content\/uploads\/2013\/02\/13-BarcelonaKirchen-46-494x329.jpg 494w\" sizes=\"(max-width: 600px) 100vw, 600px\" \/><\/a><\/p>\n<p style=\"text-align: center;\"><a href=\"http:\/\/www.martinstrattner.de\/fotoblog\/wp-content\/uploads\/2013\/02\/13-BarcelonaKirchen-48.jpg\"><img loading=\"lazy\" class=\"alignnone size-full wp-image-1681\" src=\"http:\/\/www.martinstrattner.de\/fotoblog\/wp-content\/uploads\/2013\/02\/13-BarcelonaKirchen-48.jpg\" alt=\"13-BarcelonaKirchen-48\" width=\"600\" height=\"400\" srcset=\"http:\/\/www.martinstrattner.de\/fotoblog\/wp-content\/uploads\/2013\/02\/13-BarcelonaKirchen-48.jpg 600w, http:\/\/www.martinstrattner.de\/fotoblog\/wp-content\/uploads\/2013\/02\/13-BarcelonaKirchen-48-288x192.jpg 288w, http:\/\/www.martinstrattner.de\/fotoblog\/wp-content\/uploads\/2013\/02\/13-BarcelonaKirchen-48-494x329.jpg 494w\" sizes=\"(max-width: 600px) 100vw, 600px\" \/><\/a><\/p>\n<p style=\"text-align: center;\"><a href=\"http:\/\/www.martinstrattner.de\/fotoblog\/wp-content\/uploads\/2013\/02\/13-BarcelonaKirchen-49.jpg\"><img loading=\"lazy\" class=\"alignnone size-full wp-image-1682\" src=\"http:\/\/www.martinstrattner.de\/fotoblog\/wp-content\/uploads\/2013\/02\/13-BarcelonaKirchen-49.jpg\" alt=\"13-BarcelonaKirchen-49\" width=\"600\" height=\"400\" srcset=\"http:\/\/www.martinstrattner.de\/fotoblog\/wp-content\/uploads\/2013\/02\/13-BarcelonaKirchen-49.jpg 600w, http:\/\/www.martinstrattner.de\/fotoblog\/wp-content\/uploads\/2013\/02\/13-BarcelonaKirchen-49-288x192.jpg 288w, http:\/\/www.martinstrattner.de\/fotoblog\/wp-content\/uploads\/2013\/02\/13-BarcelonaKirchen-49-494x329.jpg 494w\" sizes=\"(max-width: 600px) 100vw, 600px\" \/><\/a><\/p>\n<p style=\"text-align: center;\">Die Bilder sind toll, die Wirklichkeit viel besser.<br \/>\nDeswegen, auf nach Barcelona.<\/p>\n\n<!-- Facebook Like Button v1.9.6 BEGIN [http:\/\/blog.bottomlessinc.com] -->\n<fb:like href=\"http:\/\/www.martinstrattner.de\/fotoblog\/2013\/03\/kirchen-in-barcelona\/\" layout=\"button_count\" show_faces=\"false\" width=\"450\" action=\"like\" colorscheme=\"light\"><\/fb:like>\n<!-- Facebook Like Button END -->\n<\/div><\/div>","protected":false},"excerpt":{"rendered":"<p>Erwartungen. Man bin ich schlecht gelaunt wenn die nicht erf\u00fcllt werden. Vor dem Besuch Barcelonas wurde mir erz\u00e4hlt, die Sagrada Fam\u00edlia\u00a0w\u00e4re das tollste Geb\u00e4ude. Der Welt. Jede Menge Potential also, ordentlich entt\u00e4uscht zu werden. Aber um hier ne ordentliche Spannungskurve hinzubekommen, geht es aber jetzt los mit der Cathedral. Sch\u00f6n oder? Weniger sch\u00f6n war die [&hellip;]<\/p>\n","protected":false},"author":1,"featured_media":1683,"comment_status":"open","ping_status":"open","sticky":false,"template":"","format":"standard","meta":{"spay_email":"","jetpack_publicize_message":""},"categories":[3,13],"tags":[],"jetpack_featured_media_url":"http:\/\/www.martinstrattner.de\/fotoblog\/wp-content\/uploads\/2013\/02\/13-Titel-BarcelonaKirchen.jpg","jetpack_publicize_connections":[],"jetpack_shortlink":"https:\/\/wp.me\/p2qpVl-ql","jetpack_sharing_enabled":true,"jetpack-related-posts":[],"_links":{"self":[{"href":"http:\/\/www.martinstrattner.de\/fotoblog\/wp-json\/wp\/v2\/posts\/1633"}],"collection":[{"href":"http:\/\/www.martinstrattner.de\/fotoblog\/wp-json\/wp\/v2\/posts"}],"about":[{"href":"http:\/\/www.martinstrattner.de\/fotoblog\/wp-json\/wp\/v2\/types\/post"}],"author":[{"embeddable":true,"href":"http:\/\/www.martinstrattner.de\/fotoblog\/wp-json\/wp\/v2\/users\/1"}],"replies":[{"embeddable":true,"href":"http:\/\/www.martinstrattner.de\/fotoblog\/wp-json\/wp\/v2\/comments?post=1633"}],"version-history":[{"count":8,"href":"http:\/\/www.martinstrattner.de\/fotoblog\/wp-json\/wp\/v2\/posts\/1633\/revisions"}],"predecessor-version":[{"id":5715,"href":"http:\/\/www.martinstrattner.de\/fotoblog\/wp-json\/wp\/v2\/posts\/1633\/revisions\/5715"}],"wp:featuredmedia":[{"embeddable":true,"href":"http:\/\/www.martinstrattner.de\/fotoblog\/wp-json\/wp\/v2\/media\/1683"}],"wp:attachment":[{"href":"http:\/\/www.martinstrattner.de\/fotoblog\/wp-json\/wp\/v2\/media?parent=1633"}],"wp:term":[{"taxonomy":"category","embeddable":true,"href":"http:\/\/www.martinstrattner.de\/fotoblog\/wp-json\/wp\/v2\/categories?post=1633"},{"taxonomy":"post_tag","embeddable":true,"href":"http:\/\/www.martinstrattner.de\/fotoblog\/wp-json\/wp\/v2\/tags?post=1633"}],"curies":[{"name":"wp","href":"https:\/\/api.w.org\/{rel}","templated":true}]}}