{"id":1588,"date":"2013-02-28T21:21:04","date_gmt":"2013-02-28T20:21:04","guid":{"rendered":"http:\/\/www.martinstrattner.de\/fotoblog\/?p=1588"},"modified":"2015-03-29T02:29:02","modified_gmt":"2015-03-29T01:29:02","slug":"stadtspaziergange-in-barcelona","status":"publish","type":"post","link":"http:\/\/www.martinstrattner.de\/fotoblog\/2013\/02\/stadtspaziergange-in-barcelona\/","title":{"rendered":"Stadtspazierg\u00e4nge in (Barcelona)"},"content":{"rendered":"<div id=\"dslc-theme-content\"><div id=\"dslc-theme-content-inner\"><div style=\"text-align: center;\">Wichtig ist doch, dass man auf die Frage die Andere einem nach jeder Stadtbesichtigung stellen &#8222;Ach, und habt ihr xy auch gesehen? Soooo toll!&#8220; mit nem schnellen &#8222;JA&#8220; antworten kann, nur um dann selbst die n\u00e4chste Sehensw\u00fcrdigkeit zu nennen die man unbedingt gesehen haben muss. Sieger ist der, der die tollsten Dinge gesehen hat. Und viele davon.<\/div>\n<div style=\"text-align: center;\">Mit dem Wissen um diesen sozialen Druck ging&#8217;s diesmal also nach Barcelona. Knappe vier Tage Zeit. Im <a href=\"http:\/\/www.amazon.de\/NATIONAL-GEOGRAPHIC-Spirallo-Reisef%C3%BChrer-Barcelona\/dp\/3829732236\">National Geographic Spirallo sind f\u00fcr Barcelona<\/a>\u00a0 aber f\u00fcnf touristisch relevante Bereiche angegeben. Ein echtes Problem.<\/div>\n<div style=\"text-align: center;\">Der Flug hin \u00fcber die Alpen war himmlisch ;) Keinerlei Turbolenzen, die einzige Reihe im ganzen Flugzeug wo der Mittelplatz nicht besetzt war, und darin mit mir der lustigste Businesskasper der Welt. Der leider nicht wusste, wie man auf seinem brandneuen Handyfon die SIM-Karte entsperrt, mir f\u00fcr meine technische Hilfestellung eine Stunde Gratisinternet schenkte.<\/div>\n<p style=\"text-align: center;\"><a href=\"http:\/\/www.martinstrattner.de\/fotoblog\/wp-content\/uploads\/2013\/02\/13-BarcelonaStadt-01.jpg\"><img loading=\"lazy\" class=\"alignnone size-full wp-image-1589\" src=\"http:\/\/www.martinstrattner.de\/fotoblog\/wp-content\/uploads\/2013\/02\/13-BarcelonaStadt-01.jpg\" alt=\"13-BarcelonaStadt-01\" width=\"600\" height=\"900\" srcset=\"http:\/\/www.martinstrattner.de\/fotoblog\/wp-content\/uploads\/2013\/02\/13-BarcelonaStadt-01.jpg 600w, http:\/\/www.martinstrattner.de\/fotoblog\/wp-content\/uploads\/2013\/02\/13-BarcelonaStadt-01-192x288.jpg 192w, http:\/\/www.martinstrattner.de\/fotoblog\/wp-content\/uploads\/2013\/02\/13-BarcelonaStadt-01-329x494.jpg 329w, http:\/\/www.martinstrattner.de\/fotoblog\/wp-content\/uploads\/2013\/02\/13-BarcelonaStadt-01-400x600.jpg 400w\" sizes=\"(max-width: 600px) 100vw, 600px\" \/><\/a><\/p>\n<div style=\"text-align: center;\">Barcelona begr\u00fc\u00dfte mich freundlich, angenehme Temperatur, und entband mich von der sozialen Pflicht der verbalen Kommunikation. Selbst der Flughafenbusfahrer kann kein Englisch. Respekt.<\/div>\n<div style=\"text-align: center;\">Im Hotel wartete das <a href=\"http:\/\/www.herbstkind.com\">herbstkind <\/a>auf mich.<\/div>\n<div style=\"text-align: center;\">Vom Hotel sind es nur ein paar Schritte bis zum Placa de Catalunya. Dem Verkehrsknotenpunkt der Stadt. Nicht unbedingt sch\u00f6n, aber ziemlich grau. Nicht nur am Boden, auch in der Luft. Daf\u00fcr sorgen die vielen Tauben, die von Verr\u00fcckten mit Futter hier gehalten werden.<\/div>\n<div style=\"text-align: center;\"><\/div>\n<p style=\"text-align: center;\"><a href=\"http:\/\/www.martinstrattner.de\/fotoblog\/wp-content\/uploads\/2013\/02\/13-BarcelonaStadt-02.jpg\"><img loading=\"lazy\" class=\"alignnone size-full wp-image-1590\" src=\"http:\/\/www.martinstrattner.de\/fotoblog\/wp-content\/uploads\/2013\/02\/13-BarcelonaStadt-02.jpg\" alt=\"13-BarcelonaStadt-02\" width=\"600\" height=\"400\" srcset=\"http:\/\/www.martinstrattner.de\/fotoblog\/wp-content\/uploads\/2013\/02\/13-BarcelonaStadt-02.jpg 600w, http:\/\/www.martinstrattner.de\/fotoblog\/wp-content\/uploads\/2013\/02\/13-BarcelonaStadt-02-288x192.jpg 288w, http:\/\/www.martinstrattner.de\/fotoblog\/wp-content\/uploads\/2013\/02\/13-BarcelonaStadt-02-494x329.jpg 494w\" sizes=\"(max-width: 600px) 100vw, 600px\" \/><\/a><\/p>\n<div style=\"text-align: center;\">Las Ramblas runter, und schlendern durch Barri G\u00f2tic.<\/div>\n<div style=\"text-align: center;\"><\/div>\n<p style=\"text-align: center;\"><a href=\"http:\/\/www.martinstrattner.de\/fotoblog\/wp-content\/uploads\/2013\/02\/13-BarcelonaStadt-03.jpg\"><img loading=\"lazy\" class=\"alignnone size-full wp-image-1591\" src=\"http:\/\/www.martinstrattner.de\/fotoblog\/wp-content\/uploads\/2013\/02\/13-BarcelonaStadt-03.jpg\" alt=\"13-BarcelonaStadt-03\" width=\"600\" height=\"900\" srcset=\"http:\/\/www.martinstrattner.de\/fotoblog\/wp-content\/uploads\/2013\/02\/13-BarcelonaStadt-03.jpg 600w, http:\/\/www.martinstrattner.de\/fotoblog\/wp-content\/uploads\/2013\/02\/13-BarcelonaStadt-03-192x288.jpg 192w, http:\/\/www.martinstrattner.de\/fotoblog\/wp-content\/uploads\/2013\/02\/13-BarcelonaStadt-03-329x494.jpg 329w, http:\/\/www.martinstrattner.de\/fotoblog\/wp-content\/uploads\/2013\/02\/13-BarcelonaStadt-03-400x600.jpg 400w\" sizes=\"(max-width: 600px) 100vw, 600px\" \/><\/a> <a href=\"http:\/\/www.martinstrattner.de\/fotoblog\/wp-content\/uploads\/2013\/02\/13-BarcelonaStadt-04.jpg\"><img loading=\"lazy\" class=\"alignnone size-full wp-image-1592\" src=\"http:\/\/www.martinstrattner.de\/fotoblog\/wp-content\/uploads\/2013\/02\/13-BarcelonaStadt-04.jpg\" alt=\"13-BarcelonaStadt-04\" width=\"600\" height=\"900\" srcset=\"http:\/\/www.martinstrattner.de\/fotoblog\/wp-content\/uploads\/2013\/02\/13-BarcelonaStadt-04.jpg 600w, http:\/\/www.martinstrattner.de\/fotoblog\/wp-content\/uploads\/2013\/02\/13-BarcelonaStadt-04-192x288.jpg 192w, http:\/\/www.martinstrattner.de\/fotoblog\/wp-content\/uploads\/2013\/02\/13-BarcelonaStadt-04-329x494.jpg 329w, http:\/\/www.martinstrattner.de\/fotoblog\/wp-content\/uploads\/2013\/02\/13-BarcelonaStadt-04-400x600.jpg 400w\" sizes=\"(max-width: 600px) 100vw, 600px\" \/><\/a> <a href=\"http:\/\/www.martinstrattner.de\/fotoblog\/wp-content\/uploads\/2013\/02\/13-BarcelonaStadt-05.jpg\"><img loading=\"lazy\" class=\"alignnone size-full wp-image-1593\" src=\"http:\/\/www.martinstrattner.de\/fotoblog\/wp-content\/uploads\/2013\/02\/13-BarcelonaStadt-05.jpg\" alt=\"13-BarcelonaStadt-05\" width=\"600\" height=\"400\" srcset=\"http:\/\/www.martinstrattner.de\/fotoblog\/wp-content\/uploads\/2013\/02\/13-BarcelonaStadt-05.jpg 600w, http:\/\/www.martinstrattner.de\/fotoblog\/wp-content\/uploads\/2013\/02\/13-BarcelonaStadt-05-288x192.jpg 288w, http:\/\/www.martinstrattner.de\/fotoblog\/wp-content\/uploads\/2013\/02\/13-BarcelonaStadt-05-494x329.jpg 494w\" sizes=\"(max-width: 600px) 100vw, 600px\" \/><\/a> <a href=\"http:\/\/www.martinstrattner.de\/fotoblog\/wp-content\/uploads\/2013\/02\/13-BarcelonaStadt-06.jpg\"><img loading=\"lazy\" class=\"alignnone size-full wp-image-1594\" src=\"http:\/\/www.martinstrattner.de\/fotoblog\/wp-content\/uploads\/2013\/02\/13-BarcelonaStadt-06.jpg\" alt=\"13-BarcelonaStadt-06\" width=\"600\" height=\"803\" srcset=\"http:\/\/www.martinstrattner.de\/fotoblog\/wp-content\/uploads\/2013\/02\/13-BarcelonaStadt-06.jpg 600w, http:\/\/www.martinstrattner.de\/fotoblog\/wp-content\/uploads\/2013\/02\/13-BarcelonaStadt-06-215x288.jpg 215w, http:\/\/www.martinstrattner.de\/fotoblog\/wp-content\/uploads\/2013\/02\/13-BarcelonaStadt-06-369x494.jpg 369w, http:\/\/www.martinstrattner.de\/fotoblog\/wp-content\/uploads\/2013\/02\/13-BarcelonaStadt-06-448x600.jpg 448w\" sizes=\"(max-width: 600px) 100vw, 600px\" \/><\/a> <a href=\"http:\/\/www.martinstrattner.de\/fotoblog\/wp-content\/uploads\/2013\/02\/13-BarcelonaStadt-07.jpg\"><img loading=\"lazy\" class=\"alignnone size-full wp-image-1595\" src=\"http:\/\/www.martinstrattner.de\/fotoblog\/wp-content\/uploads\/2013\/02\/13-BarcelonaStadt-07.jpg\" alt=\"13-BarcelonaStadt-07\" width=\"600\" height=\"803\" srcset=\"http:\/\/www.martinstrattner.de\/fotoblog\/wp-content\/uploads\/2013\/02\/13-BarcelonaStadt-07.jpg 600w, http:\/\/www.martinstrattner.de\/fotoblog\/wp-content\/uploads\/2013\/02\/13-BarcelonaStadt-07-215x288.jpg 215w, http:\/\/www.martinstrattner.de\/fotoblog\/wp-content\/uploads\/2013\/02\/13-BarcelonaStadt-07-369x494.jpg 369w, http:\/\/www.martinstrattner.de\/fotoblog\/wp-content\/uploads\/2013\/02\/13-BarcelonaStadt-07-448x600.jpg 448w\" sizes=\"(max-width: 600px) 100vw, 600px\" \/><\/a> <a href=\"http:\/\/www.martinstrattner.de\/fotoblog\/wp-content\/uploads\/2013\/02\/13-BarcelonaStadt-08.jpg\"><img loading=\"lazy\" class=\"alignnone size-full wp-image-1596\" src=\"http:\/\/www.martinstrattner.de\/fotoblog\/wp-content\/uploads\/2013\/02\/13-BarcelonaStadt-08.jpg\" alt=\"13-BarcelonaStadt-08\" width=\"600\" height=\"900\" srcset=\"http:\/\/www.martinstrattner.de\/fotoblog\/wp-content\/uploads\/2013\/02\/13-BarcelonaStadt-08.jpg 600w, http:\/\/www.martinstrattner.de\/fotoblog\/wp-content\/uploads\/2013\/02\/13-BarcelonaStadt-08-192x288.jpg 192w, http:\/\/www.martinstrattner.de\/fotoblog\/wp-content\/uploads\/2013\/02\/13-BarcelonaStadt-08-329x494.jpg 329w, http:\/\/www.martinstrattner.de\/fotoblog\/wp-content\/uploads\/2013\/02\/13-BarcelonaStadt-08-400x600.jpg 400w\" sizes=\"(max-width: 600px) 100vw, 600px\" \/><\/a> <a href=\"http:\/\/www.martinstrattner.de\/fotoblog\/wp-content\/uploads\/2013\/02\/13-BarcelonaStadt-09.jpg\"><img loading=\"lazy\" class=\"alignnone size-full wp-image-1597\" src=\"http:\/\/www.martinstrattner.de\/fotoblog\/wp-content\/uploads\/2013\/02\/13-BarcelonaStadt-09.jpg\" alt=\"13-BarcelonaStadt-09\" width=\"600\" height=\"900\" srcset=\"http:\/\/www.martinstrattner.de\/fotoblog\/wp-content\/uploads\/2013\/02\/13-BarcelonaStadt-09.jpg 600w, http:\/\/www.martinstrattner.de\/fotoblog\/wp-content\/uploads\/2013\/02\/13-BarcelonaStadt-09-192x288.jpg 192w, http:\/\/www.martinstrattner.de\/fotoblog\/wp-content\/uploads\/2013\/02\/13-BarcelonaStadt-09-329x494.jpg 329w, http:\/\/www.martinstrattner.de\/fotoblog\/wp-content\/uploads\/2013\/02\/13-BarcelonaStadt-09-400x600.jpg 400w\" sizes=\"(max-width: 600px) 100vw, 600px\" \/><\/a> <a href=\"http:\/\/www.martinstrattner.de\/fotoblog\/wp-content\/uploads\/2013\/02\/13-BarcelonaStadt-10.jpg\"><img loading=\"lazy\" class=\"alignnone size-full wp-image-1598\" src=\"http:\/\/www.martinstrattner.de\/fotoblog\/wp-content\/uploads\/2013\/02\/13-BarcelonaStadt-10.jpg\" alt=\"13-BarcelonaStadt-10\" width=\"600\" height=\"400\" srcset=\"http:\/\/www.martinstrattner.de\/fotoblog\/wp-content\/uploads\/2013\/02\/13-BarcelonaStadt-10.jpg 600w, http:\/\/www.martinstrattner.de\/fotoblog\/wp-content\/uploads\/2013\/02\/13-BarcelonaStadt-10-288x192.jpg 288w, http:\/\/www.martinstrattner.de\/fotoblog\/wp-content\/uploads\/2013\/02\/13-BarcelonaStadt-10-494x329.jpg 494w\" sizes=\"(max-width: 600px) 100vw, 600px\" \/><\/a> <a href=\"http:\/\/www.martinstrattner.de\/fotoblog\/wp-content\/uploads\/2013\/02\/13-BarcelonaStadt-11.jpg\"><img loading=\"lazy\" class=\"alignnone size-full wp-image-1599\" src=\"http:\/\/www.martinstrattner.de\/fotoblog\/wp-content\/uploads\/2013\/02\/13-BarcelonaStadt-11.jpg\" alt=\"13-BarcelonaStadt-11\" width=\"600\" height=\"400\" srcset=\"http:\/\/www.martinstrattner.de\/fotoblog\/wp-content\/uploads\/2013\/02\/13-BarcelonaStadt-11.jpg 600w, http:\/\/www.martinstrattner.de\/fotoblog\/wp-content\/uploads\/2013\/02\/13-BarcelonaStadt-11-288x192.jpg 288w, http:\/\/www.martinstrattner.de\/fotoblog\/wp-content\/uploads\/2013\/02\/13-BarcelonaStadt-11-494x329.jpg 494w\" sizes=\"(max-width: 600px) 100vw, 600px\" \/><\/a> <a href=\"http:\/\/www.martinstrattner.de\/fotoblog\/wp-content\/uploads\/2013\/02\/13-BarcelonaStadt-12.jpg\"><img loading=\"lazy\" class=\"alignnone size-full wp-image-1600\" src=\"http:\/\/www.martinstrattner.de\/fotoblog\/wp-content\/uploads\/2013\/02\/13-BarcelonaStadt-12.jpg\" alt=\"13-BarcelonaStadt-12\" width=\"600\" height=\"400\" srcset=\"http:\/\/www.martinstrattner.de\/fotoblog\/wp-content\/uploads\/2013\/02\/13-BarcelonaStadt-12.jpg 600w, http:\/\/www.martinstrattner.de\/fotoblog\/wp-content\/uploads\/2013\/02\/13-BarcelonaStadt-12-288x192.jpg 288w, http:\/\/www.martinstrattner.de\/fotoblog\/wp-content\/uploads\/2013\/02\/13-BarcelonaStadt-12-494x329.jpg 494w\" sizes=\"(max-width: 600px) 100vw, 600px\" \/><\/a> <a href=\"http:\/\/www.martinstrattner.de\/fotoblog\/wp-content\/uploads\/2013\/02\/13-BarcelonaStadt-13.jpg\"><img loading=\"lazy\" class=\"alignnone size-full wp-image-1601\" src=\"http:\/\/www.martinstrattner.de\/fotoblog\/wp-content\/uploads\/2013\/02\/13-BarcelonaStadt-13.jpg\" alt=\"13-BarcelonaStadt-13\" width=\"600\" height=\"400\" srcset=\"http:\/\/www.martinstrattner.de\/fotoblog\/wp-content\/uploads\/2013\/02\/13-BarcelonaStadt-13.jpg 600w, http:\/\/www.martinstrattner.de\/fotoblog\/wp-content\/uploads\/2013\/02\/13-BarcelonaStadt-13-288x192.jpg 288w, http:\/\/www.martinstrattner.de\/fotoblog\/wp-content\/uploads\/2013\/02\/13-BarcelonaStadt-13-494x329.jpg 494w\" sizes=\"(max-width: 600px) 100vw, 600px\" \/><\/a> <a href=\"http:\/\/www.martinstrattner.de\/fotoblog\/wp-content\/uploads\/2013\/02\/13-BarcelonaStadt-14.jpg\"><img loading=\"lazy\" class=\"alignnone size-full wp-image-1602\" src=\"http:\/\/www.martinstrattner.de\/fotoblog\/wp-content\/uploads\/2013\/02\/13-BarcelonaStadt-14.jpg\" alt=\"13-BarcelonaStadt-14\" width=\"600\" height=\"900\" srcset=\"http:\/\/www.martinstrattner.de\/fotoblog\/wp-content\/uploads\/2013\/02\/13-BarcelonaStadt-14.jpg 600w, http:\/\/www.martinstrattner.de\/fotoblog\/wp-content\/uploads\/2013\/02\/13-BarcelonaStadt-14-192x288.jpg 192w, http:\/\/www.martinstrattner.de\/fotoblog\/wp-content\/uploads\/2013\/02\/13-BarcelonaStadt-14-329x494.jpg 329w, http:\/\/www.martinstrattner.de\/fotoblog\/wp-content\/uploads\/2013\/02\/13-BarcelonaStadt-14-400x600.jpg 400w\" sizes=\"(max-width: 600px) 100vw, 600px\" \/><\/a> <a href=\"http:\/\/www.martinstrattner.de\/fotoblog\/wp-content\/uploads\/2013\/02\/13-BarcelonaStadt-15.jpg\"><img loading=\"lazy\" class=\"alignnone size-full wp-image-1603\" src=\"http:\/\/www.martinstrattner.de\/fotoblog\/wp-content\/uploads\/2013\/02\/13-BarcelonaStadt-15.jpg\" alt=\"13-BarcelonaStadt-15\" width=\"600\" height=\"900\" srcset=\"http:\/\/www.martinstrattner.de\/fotoblog\/wp-content\/uploads\/2013\/02\/13-BarcelonaStadt-15.jpg 600w, http:\/\/www.martinstrattner.de\/fotoblog\/wp-content\/uploads\/2013\/02\/13-BarcelonaStadt-15-192x288.jpg 192w, http:\/\/www.martinstrattner.de\/fotoblog\/wp-content\/uploads\/2013\/02\/13-BarcelonaStadt-15-329x494.jpg 329w, http:\/\/www.martinstrattner.de\/fotoblog\/wp-content\/uploads\/2013\/02\/13-BarcelonaStadt-15-400x600.jpg 400w\" sizes=\"(max-width: 600px) 100vw, 600px\" \/><\/a> <a href=\"http:\/\/www.martinstrattner.de\/fotoblog\/wp-content\/uploads\/2013\/02\/13-BarcelonaStadt-16.jpg\"><img loading=\"lazy\" class=\"alignnone size-full wp-image-1604\" src=\"http:\/\/www.martinstrattner.de\/fotoblog\/wp-content\/uploads\/2013\/02\/13-BarcelonaStadt-16.jpg\" alt=\"13-BarcelonaStadt-16\" width=\"600\" height=\"400\" srcset=\"http:\/\/www.martinstrattner.de\/fotoblog\/wp-content\/uploads\/2013\/02\/13-BarcelonaStadt-16.jpg 600w, http:\/\/www.martinstrattner.de\/fotoblog\/wp-content\/uploads\/2013\/02\/13-BarcelonaStadt-16-288x192.jpg 288w, http:\/\/www.martinstrattner.de\/fotoblog\/wp-content\/uploads\/2013\/02\/13-BarcelonaStadt-16-494x329.jpg 494w\" sizes=\"(max-width: 600px) 100vw, 600px\" \/><\/a><\/p>\n<div style=\"text-align: center;\">Jetzt kommt was neues. Das Au-o-Meter.<\/div>\n<div style=\"text-align: center;\">Am zweiten Tag tat mein rechter Fu\u00df weh. Sehr. Ohne dass ich wusste was passiert war. Er tat so weh, dass ich oft einfach nicht mehr gehen konnte. Schlecht bei einer Stadtbesichtigung. Ich probierte also mal aus, was die empfohlene Maximaldosis Paracetamol so kann. Ich sag euch, nicht viel. Es wurde jeden Tag schlimmer, oft dachte ich ich kann den Schmerz einer Geburt jetzt nachf\u00fchlen, nur dass es bei mir \u00fcber Tage geht. Nur die weibliche Begleitung hat mich davon abgehalten, manchmal wimmernd auf den Boden zu sinken.<\/div>\n<div style=\"text-align: center;\">Das Au-O-Meter jedenfalls: Skala von 1-10. 1 ist leichtes Ziepen, 10 ist ein gl\u00fchender Stahltr\u00e4ger der in den mit Chilli eingeriebenen Fu\u00df dringt und ihn dabei zerrei\u00dft.<\/div>\n<div style=\"text-align: center;\">Beim Spaziergang am Meer am zweiten Tag also stand das Au-O-Meter auf 7. Ich sa\u00df mich also vorne ans Wasser, sah den M\u00f6wen zu, und das herbstkind ging alleine ins Einkaufszentrum um einzukaufen.<\/div>\n<div style=\"text-align: center;\"><\/div>\n<p style=\"text-align: center;\"><a href=\"http:\/\/www.martinstrattner.de\/fotoblog\/wp-content\/uploads\/2013\/02\/13-BarcelonaStadt-17.jpg\"><img loading=\"lazy\" class=\"alignnone size-full wp-image-1605\" src=\"http:\/\/www.martinstrattner.de\/fotoblog\/wp-content\/uploads\/2013\/02\/13-BarcelonaStadt-17.jpg\" alt=\"13-BarcelonaStadt-17\" width=\"600\" height=\"400\" srcset=\"http:\/\/www.martinstrattner.de\/fotoblog\/wp-content\/uploads\/2013\/02\/13-BarcelonaStadt-17.jpg 600w, http:\/\/www.martinstrattner.de\/fotoblog\/wp-content\/uploads\/2013\/02\/13-BarcelonaStadt-17-288x192.jpg 288w, http:\/\/www.martinstrattner.de\/fotoblog\/wp-content\/uploads\/2013\/02\/13-BarcelonaStadt-17-494x329.jpg 494w\" sizes=\"(max-width: 600px) 100vw, 600px\" \/><\/a> <a href=\"http:\/\/www.martinstrattner.de\/fotoblog\/wp-content\/uploads\/2013\/02\/13-BarcelonaStadt-18.jpg\"><img loading=\"lazy\" class=\"alignnone size-full wp-image-1606\" src=\"http:\/\/www.martinstrattner.de\/fotoblog\/wp-content\/uploads\/2013\/02\/13-BarcelonaStadt-18.jpg\" alt=\"13-BarcelonaStadt-18\" width=\"600\" height=\"400\" srcset=\"http:\/\/www.martinstrattner.de\/fotoblog\/wp-content\/uploads\/2013\/02\/13-BarcelonaStadt-18.jpg 600w, http:\/\/www.martinstrattner.de\/fotoblog\/wp-content\/uploads\/2013\/02\/13-BarcelonaStadt-18-288x192.jpg 288w, http:\/\/www.martinstrattner.de\/fotoblog\/wp-content\/uploads\/2013\/02\/13-BarcelonaStadt-18-494x329.jpg 494w\" sizes=\"(max-width: 600px) 100vw, 600px\" \/><\/a> <a href=\"http:\/\/www.martinstrattner.de\/fotoblog\/wp-content\/uploads\/2013\/02\/13-BarcelonaStadt-19.jpg\"><img loading=\"lazy\" class=\"alignnone size-full wp-image-1607\" src=\"http:\/\/www.martinstrattner.de\/fotoblog\/wp-content\/uploads\/2013\/02\/13-BarcelonaStadt-19.jpg\" alt=\"13-BarcelonaStadt-19\" width=\"600\" height=\"400\" srcset=\"http:\/\/www.martinstrattner.de\/fotoblog\/wp-content\/uploads\/2013\/02\/13-BarcelonaStadt-19.jpg 600w, http:\/\/www.martinstrattner.de\/fotoblog\/wp-content\/uploads\/2013\/02\/13-BarcelonaStadt-19-288x192.jpg 288w, http:\/\/www.martinstrattner.de\/fotoblog\/wp-content\/uploads\/2013\/02\/13-BarcelonaStadt-19-494x329.jpg 494w\" sizes=\"(max-width: 600px) 100vw, 600px\" \/><\/a> <a href=\"http:\/\/www.martinstrattner.de\/fotoblog\/wp-content\/uploads\/2013\/02\/13-BarcelonaStadt-20.jpg\"><img loading=\"lazy\" class=\"alignnone size-full wp-image-1608\" src=\"http:\/\/www.martinstrattner.de\/fotoblog\/wp-content\/uploads\/2013\/02\/13-BarcelonaStadt-20.jpg\" alt=\"13-BarcelonaStadt-20\" width=\"600\" height=\"900\" srcset=\"http:\/\/www.martinstrattner.de\/fotoblog\/wp-content\/uploads\/2013\/02\/13-BarcelonaStadt-20.jpg 600w, http:\/\/www.martinstrattner.de\/fotoblog\/wp-content\/uploads\/2013\/02\/13-BarcelonaStadt-20-192x288.jpg 192w, http:\/\/www.martinstrattner.de\/fotoblog\/wp-content\/uploads\/2013\/02\/13-BarcelonaStadt-20-329x494.jpg 329w, http:\/\/www.martinstrattner.de\/fotoblog\/wp-content\/uploads\/2013\/02\/13-BarcelonaStadt-20-400x600.jpg 400w\" sizes=\"(max-width: 600px) 100vw, 600px\" \/><\/a> <a href=\"http:\/\/www.martinstrattner.de\/fotoblog\/wp-content\/uploads\/2013\/02\/13-BarcelonaStadt-21.jpg\"><img loading=\"lazy\" class=\"alignnone size-full wp-image-1609\" src=\"http:\/\/www.martinstrattner.de\/fotoblog\/wp-content\/uploads\/2013\/02\/13-BarcelonaStadt-21.jpg\" alt=\"13-BarcelonaStadt-21\" width=\"600\" height=\"400\" srcset=\"http:\/\/www.martinstrattner.de\/fotoblog\/wp-content\/uploads\/2013\/02\/13-BarcelonaStadt-21.jpg 600w, http:\/\/www.martinstrattner.de\/fotoblog\/wp-content\/uploads\/2013\/02\/13-BarcelonaStadt-21-288x192.jpg 288w, http:\/\/www.martinstrattner.de\/fotoblog\/wp-content\/uploads\/2013\/02\/13-BarcelonaStadt-21-494x329.jpg 494w\" sizes=\"(max-width: 600px) 100vw, 600px\" \/><\/a> <a href=\"http:\/\/www.martinstrattner.de\/fotoblog\/wp-content\/uploads\/2013\/02\/13-BarcelonaStadt-22.jpg\"><img loading=\"lazy\" class=\"alignnone size-full wp-image-1610\" src=\"http:\/\/www.martinstrattner.de\/fotoblog\/wp-content\/uploads\/2013\/02\/13-BarcelonaStadt-22.jpg\" alt=\"13-BarcelonaStadt-22\" width=\"600\" height=\"400\" srcset=\"http:\/\/www.martinstrattner.de\/fotoblog\/wp-content\/uploads\/2013\/02\/13-BarcelonaStadt-22.jpg 600w, http:\/\/www.martinstrattner.de\/fotoblog\/wp-content\/uploads\/2013\/02\/13-BarcelonaStadt-22-288x192.jpg 288w, http:\/\/www.martinstrattner.de\/fotoblog\/wp-content\/uploads\/2013\/02\/13-BarcelonaStadt-22-494x329.jpg 494w\" sizes=\"(max-width: 600px) 100vw, 600px\" \/><\/a> <a href=\"http:\/\/www.martinstrattner.de\/fotoblog\/wp-content\/uploads\/2013\/02\/13-BarcelonaStadt-23.jpg\"><img loading=\"lazy\" class=\"alignnone size-full wp-image-1611\" src=\"http:\/\/www.martinstrattner.de\/fotoblog\/wp-content\/uploads\/2013\/02\/13-BarcelonaStadt-23.jpg\" alt=\"13-BarcelonaStadt-23\" width=\"600\" height=\"400\" srcset=\"http:\/\/www.martinstrattner.de\/fotoblog\/wp-content\/uploads\/2013\/02\/13-BarcelonaStadt-23.jpg 600w, http:\/\/www.martinstrattner.de\/fotoblog\/wp-content\/uploads\/2013\/02\/13-BarcelonaStadt-23-288x192.jpg 288w, http:\/\/www.martinstrattner.de\/fotoblog\/wp-content\/uploads\/2013\/02\/13-BarcelonaStadt-23-494x329.jpg 494w\" sizes=\"(max-width: 600px) 100vw, 600px\" \/><\/a> <a href=\"http:\/\/www.martinstrattner.de\/fotoblog\/wp-content\/uploads\/2013\/02\/13-BarcelonaStadt-24.jpg\"><img loading=\"lazy\" class=\"alignnone size-full wp-image-1612\" src=\"http:\/\/www.martinstrattner.de\/fotoblog\/wp-content\/uploads\/2013\/02\/13-BarcelonaStadt-24.jpg\" alt=\"13-BarcelonaStadt-24\" width=\"600\" height=\"400\" srcset=\"http:\/\/www.martinstrattner.de\/fotoblog\/wp-content\/uploads\/2013\/02\/13-BarcelonaStadt-24.jpg 600w, http:\/\/www.martinstrattner.de\/fotoblog\/wp-content\/uploads\/2013\/02\/13-BarcelonaStadt-24-288x192.jpg 288w, http:\/\/www.martinstrattner.de\/fotoblog\/wp-content\/uploads\/2013\/02\/13-BarcelonaStadt-24-494x329.jpg 494w\" sizes=\"(max-width: 600px) 100vw, 600px\" \/><\/a><a href=\"http:\/\/www.martinstrattner.de\/fotoblog\/wp-content\/uploads\/2013\/02\/13-BarcelonaStadt-25.jpg\"><img loading=\"lazy\" class=\"alignnone size-full wp-image-1613\" src=\"http:\/\/www.martinstrattner.de\/fotoblog\/wp-content\/uploads\/2013\/02\/13-BarcelonaStadt-25.jpg\" alt=\"13-BarcelonaStadt-25\" width=\"600\" height=\"900\" srcset=\"http:\/\/www.martinstrattner.de\/fotoblog\/wp-content\/uploads\/2013\/02\/13-BarcelonaStadt-25.jpg 600w, http:\/\/www.martinstrattner.de\/fotoblog\/wp-content\/uploads\/2013\/02\/13-BarcelonaStadt-25-192x288.jpg 192w, http:\/\/www.martinstrattner.de\/fotoblog\/wp-content\/uploads\/2013\/02\/13-BarcelonaStadt-25-329x494.jpg 329w, http:\/\/www.martinstrattner.de\/fotoblog\/wp-content\/uploads\/2013\/02\/13-BarcelonaStadt-25-400x600.jpg 400w\" sizes=\"(max-width: 600px) 100vw, 600px\" \/><\/a> <a href=\"http:\/\/www.martinstrattner.de\/fotoblog\/wp-content\/uploads\/2013\/02\/13-BarcelonaStadt-26.jpg\"><img loading=\"lazy\" class=\"alignnone size-full wp-image-1614\" src=\"http:\/\/www.martinstrattner.de\/fotoblog\/wp-content\/uploads\/2013\/02\/13-BarcelonaStadt-26.jpg\" alt=\"13-BarcelonaStadt-26\" width=\"600\" height=\"400\" srcset=\"http:\/\/www.martinstrattner.de\/fotoblog\/wp-content\/uploads\/2013\/02\/13-BarcelonaStadt-26.jpg 600w, http:\/\/www.martinstrattner.de\/fotoblog\/wp-content\/uploads\/2013\/02\/13-BarcelonaStadt-26-288x192.jpg 288w, http:\/\/www.martinstrattner.de\/fotoblog\/wp-content\/uploads\/2013\/02\/13-BarcelonaStadt-26-494x329.jpg 494w\" sizes=\"(max-width: 600px) 100vw, 600px\" \/><\/a> <a href=\"http:\/\/www.martinstrattner.de\/fotoblog\/wp-content\/uploads\/2013\/02\/13-BarcelonaStadt-27.jpg\"><img loading=\"lazy\" class=\"alignnone size-full wp-image-1615\" src=\"http:\/\/www.martinstrattner.de\/fotoblog\/wp-content\/uploads\/2013\/02\/13-BarcelonaStadt-27.jpg\" alt=\"13-BarcelonaStadt-27\" width=\"600\" height=\"400\" srcset=\"http:\/\/www.martinstrattner.de\/fotoblog\/wp-content\/uploads\/2013\/02\/13-BarcelonaStadt-27.jpg 600w, http:\/\/www.martinstrattner.de\/fotoblog\/wp-content\/uploads\/2013\/02\/13-BarcelonaStadt-27-288x192.jpg 288w, http:\/\/www.martinstrattner.de\/fotoblog\/wp-content\/uploads\/2013\/02\/13-BarcelonaStadt-27-494x329.jpg 494w\" sizes=\"(max-width: 600px) 100vw, 600px\" \/><\/a><\/p>\n<p style=\"text-align: center;\">Wir stiegen am Placa Espagna aus. Wo sie aus einer Stierkampfarena ein Einkaufszentrum machten. Was gut gelungen ist. Obendrauf sind viele Restaurants, mit einem fantastischen Blick \u00fcber die Stadt von den Terassen. Leider haben die Restaurants aber geschlossen wenn der hungrige deutsche St\u00e4dtereisende dort essen will.<\/p>\n<p style=\"text-align: center;\">\n<p style=\"text-align: center;\"><a href=\"http:\/\/www.martinstrattner.de\/fotoblog\/wp-content\/uploads\/2013\/02\/13-BarcelonaStadt-32.jpg\"><img loading=\"lazy\" class=\"alignnone size-full wp-image-1620\" src=\"http:\/\/www.martinstrattner.de\/fotoblog\/wp-content\/uploads\/2013\/02\/13-BarcelonaStadt-32.jpg\" alt=\"13-BarcelonaStadt-32\" width=\"600\" height=\"400\" srcset=\"http:\/\/www.martinstrattner.de\/fotoblog\/wp-content\/uploads\/2013\/02\/13-BarcelonaStadt-32.jpg 600w, http:\/\/www.martinstrattner.de\/fotoblog\/wp-content\/uploads\/2013\/02\/13-BarcelonaStadt-32-288x192.jpg 288w, http:\/\/www.martinstrattner.de\/fotoblog\/wp-content\/uploads\/2013\/02\/13-BarcelonaStadt-32-494x329.jpg 494w\" sizes=\"(max-width: 600px) 100vw, 600px\" \/><br \/>\n<\/a><a href=\"http:\/\/www.martinstrattner.de\/fotoblog\/wp-content\/uploads\/2013\/02\/13-BarcelonaStadt-28.jpg\"><img loading=\"lazy\" class=\"alignnone size-full wp-image-1616\" src=\"http:\/\/www.martinstrattner.de\/fotoblog\/wp-content\/uploads\/2013\/02\/13-BarcelonaStadt-28.jpg\" alt=\"13-BarcelonaStadt-28\" width=\"600\" height=\"400\" srcset=\"http:\/\/www.martinstrattner.de\/fotoblog\/wp-content\/uploads\/2013\/02\/13-BarcelonaStadt-28.jpg 600w, http:\/\/www.martinstrattner.de\/fotoblog\/wp-content\/uploads\/2013\/02\/13-BarcelonaStadt-28-288x192.jpg 288w, http:\/\/www.martinstrattner.de\/fotoblog\/wp-content\/uploads\/2013\/02\/13-BarcelonaStadt-28-494x329.jpg 494w\" sizes=\"(max-width: 600px) 100vw, 600px\" \/><\/a><br \/>\n<a href=\"http:\/\/www.martinstrattner.de\/fotoblog\/wp-content\/uploads\/2013\/02\/13-BarcelonaStadt-33.jpg\"><img loading=\"lazy\" class=\"alignnone size-full wp-image-1621\" src=\"http:\/\/www.martinstrattner.de\/fotoblog\/wp-content\/uploads\/2013\/02\/13-BarcelonaStadt-33.jpg\" alt=\"13-BarcelonaStadt-33\" width=\"600\" height=\"400\" srcset=\"http:\/\/www.martinstrattner.de\/fotoblog\/wp-content\/uploads\/2013\/02\/13-BarcelonaStadt-33.jpg 600w, http:\/\/www.martinstrattner.de\/fotoblog\/wp-content\/uploads\/2013\/02\/13-BarcelonaStadt-33-288x192.jpg 288w, http:\/\/www.martinstrattner.de\/fotoblog\/wp-content\/uploads\/2013\/02\/13-BarcelonaStadt-33-494x329.jpg 494w\" sizes=\"(max-width: 600px) 100vw, 600px\" \/><\/a><\/p>\n<p style=\"text-align: center;\">Wir wollten zum\u00a0Museo Nacional de Arte de Catalu\u00f1a. Das sieht auf dem unteren Bild schon ein wenig weiter aus. Vor allem dann, wenn das Au-O-Meter auf Anschlag 10 steht.<\/p>\n<p style=\"text-align: center;\">\n<p style=\"text-align: center;\"><a href=\"http:\/\/www.martinstrattner.de\/fotoblog\/wp-content\/uploads\/2013\/02\/13-BarcelonaStadt-29.jpg\"><img loading=\"lazy\" class=\"alignnone size-full wp-image-1617\" src=\"http:\/\/www.martinstrattner.de\/fotoblog\/wp-content\/uploads\/2013\/02\/13-BarcelonaStadt-29.jpg\" alt=\"13-BarcelonaStadt-29\" width=\"600\" height=\"400\" srcset=\"http:\/\/www.martinstrattner.de\/fotoblog\/wp-content\/uploads\/2013\/02\/13-BarcelonaStadt-29.jpg 600w, http:\/\/www.martinstrattner.de\/fotoblog\/wp-content\/uploads\/2013\/02\/13-BarcelonaStadt-29-288x192.jpg 288w, http:\/\/www.martinstrattner.de\/fotoblog\/wp-content\/uploads\/2013\/02\/13-BarcelonaStadt-29-494x329.jpg 494w\" sizes=\"(max-width: 600px) 100vw, 600px\" \/><\/a><\/p>\n<p style=\"text-align: center;\">Nach einigen Pausen kamen wir dort an. Auch dank der netten Spaniern die Rolltreppen zu ihren Sehensw\u00fcrdigkeiten bauen. Topp!!<\/p>\n<p style=\"text-align: center;\"><a href=\"http:\/\/www.martinstrattner.de\/fotoblog\/wp-content\/uploads\/2013\/02\/13-BarcelonaStadt-30.jpg\"><img loading=\"lazy\" class=\"alignnone size-full wp-image-1618\" src=\"http:\/\/www.martinstrattner.de\/fotoblog\/wp-content\/uploads\/2013\/02\/13-BarcelonaStadt-30.jpg\" alt=\"13-BarcelonaStadt-30\" width=\"600\" height=\"900\" srcset=\"http:\/\/www.martinstrattner.de\/fotoblog\/wp-content\/uploads\/2013\/02\/13-BarcelonaStadt-30.jpg 600w, http:\/\/www.martinstrattner.de\/fotoblog\/wp-content\/uploads\/2013\/02\/13-BarcelonaStadt-30-192x288.jpg 192w, http:\/\/www.martinstrattner.de\/fotoblog\/wp-content\/uploads\/2013\/02\/13-BarcelonaStadt-30-329x494.jpg 329w, http:\/\/www.martinstrattner.de\/fotoblog\/wp-content\/uploads\/2013\/02\/13-BarcelonaStadt-30-400x600.jpg 400w\" sizes=\"(max-width: 600px) 100vw, 600px\" \/><\/a> <a href=\"http:\/\/www.martinstrattner.de\/fotoblog\/wp-content\/uploads\/2013\/02\/13-BarcelonaStadt-31.jpg\"><img loading=\"lazy\" class=\"alignnone size-full wp-image-1619\" src=\"http:\/\/www.martinstrattner.de\/fotoblog\/wp-content\/uploads\/2013\/02\/13-BarcelonaStadt-31.jpg\" alt=\"13-BarcelonaStadt-31\" width=\"600\" height=\"900\" srcset=\"http:\/\/www.martinstrattner.de\/fotoblog\/wp-content\/uploads\/2013\/02\/13-BarcelonaStadt-31.jpg 600w, http:\/\/www.martinstrattner.de\/fotoblog\/wp-content\/uploads\/2013\/02\/13-BarcelonaStadt-31-192x288.jpg 192w, http:\/\/www.martinstrattner.de\/fotoblog\/wp-content\/uploads\/2013\/02\/13-BarcelonaStadt-31-329x494.jpg 329w, http:\/\/www.martinstrattner.de\/fotoblog\/wp-content\/uploads\/2013\/02\/13-BarcelonaStadt-31-400x600.jpg 400w\" sizes=\"(max-width: 600px) 100vw, 600px\" \/><\/a><\/p>\n<p style=\"text-align: center;\">Der Strand. Hier sa\u00dfen wir ne Weile. Und ich habe fast nur Bilder mit dem Handyfon gemacht. Die findet ihr <a href=\"http:\/\/www.martinstrattner.de\/fotoblog\/2013\/02\/fonografie-barcelona\/\">hier<\/a>.<\/p>\n<p style=\"text-align: center;\"><a href=\"http:\/\/www.martinstrattner.de\/fotoblog\/wp-content\/uploads\/2013\/02\/13-BarcelonaStadt-35.jpg\"><img loading=\"lazy\" class=\"alignnone size-full wp-image-1623\" src=\"http:\/\/www.martinstrattner.de\/fotoblog\/wp-content\/uploads\/2013\/02\/13-BarcelonaStadt-35.jpg\" alt=\"13-BarcelonaStadt-35\" width=\"600\" height=\"400\" srcset=\"http:\/\/www.martinstrattner.de\/fotoblog\/wp-content\/uploads\/2013\/02\/13-BarcelonaStadt-35.jpg 600w, http:\/\/www.martinstrattner.de\/fotoblog\/wp-content\/uploads\/2013\/02\/13-BarcelonaStadt-35-288x192.jpg 288w, http:\/\/www.martinstrattner.de\/fotoblog\/wp-content\/uploads\/2013\/02\/13-BarcelonaStadt-35-494x329.jpg 494w\" sizes=\"(max-width: 600px) 100vw, 600px\" \/><\/a> <a href=\"http:\/\/www.martinstrattner.de\/fotoblog\/wp-content\/uploads\/2013\/02\/13-BarcelonaStadt-36.jpg\"><img loading=\"lazy\" class=\"alignnone size-full wp-image-1624\" src=\"http:\/\/www.martinstrattner.de\/fotoblog\/wp-content\/uploads\/2013\/02\/13-BarcelonaStadt-36.jpg\" alt=\"13-BarcelonaStadt-36\" width=\"600\" height=\"400\" srcset=\"http:\/\/www.martinstrattner.de\/fotoblog\/wp-content\/uploads\/2013\/02\/13-BarcelonaStadt-36.jpg 600w, http:\/\/www.martinstrattner.de\/fotoblog\/wp-content\/uploads\/2013\/02\/13-BarcelonaStadt-36-288x192.jpg 288w, http:\/\/www.martinstrattner.de\/fotoblog\/wp-content\/uploads\/2013\/02\/13-BarcelonaStadt-36-494x329.jpg 494w\" sizes=\"(max-width: 600px) 100vw, 600px\" \/><\/a> <a href=\"http:\/\/www.martinstrattner.de\/fotoblog\/wp-content\/uploads\/2013\/02\/13-BarcelonaStadt-37.jpg\"><img loading=\"lazy\" class=\"alignnone size-full wp-image-1625\" src=\"http:\/\/www.martinstrattner.de\/fotoblog\/wp-content\/uploads\/2013\/02\/13-BarcelonaStadt-37.jpg\" alt=\"13-BarcelonaStadt-37\" width=\"600\" height=\"900\" srcset=\"http:\/\/www.martinstrattner.de\/fotoblog\/wp-content\/uploads\/2013\/02\/13-BarcelonaStadt-37.jpg 600w, http:\/\/www.martinstrattner.de\/fotoblog\/wp-content\/uploads\/2013\/02\/13-BarcelonaStadt-37-192x288.jpg 192w, http:\/\/www.martinstrattner.de\/fotoblog\/wp-content\/uploads\/2013\/02\/13-BarcelonaStadt-37-329x494.jpg 329w, http:\/\/www.martinstrattner.de\/fotoblog\/wp-content\/uploads\/2013\/02\/13-BarcelonaStadt-37-400x600.jpg 400w\" sizes=\"(max-width: 600px) 100vw, 600px\" \/><\/a> <a href=\"http:\/\/www.martinstrattner.de\/fotoblog\/wp-content\/uploads\/2013\/02\/13-BarcelonaStadt-38.jpg\"><img loading=\"lazy\" class=\"alignnone size-full wp-image-1626\" src=\"http:\/\/www.martinstrattner.de\/fotoblog\/wp-content\/uploads\/2013\/02\/13-BarcelonaStadt-38.jpg\" alt=\"13-BarcelonaStadt-38\" width=\"600\" height=\"400\" srcset=\"http:\/\/www.martinstrattner.de\/fotoblog\/wp-content\/uploads\/2013\/02\/13-BarcelonaStadt-38.jpg 600w, http:\/\/www.martinstrattner.de\/fotoblog\/wp-content\/uploads\/2013\/02\/13-BarcelonaStadt-38-288x192.jpg 288w, http:\/\/www.martinstrattner.de\/fotoblog\/wp-content\/uploads\/2013\/02\/13-BarcelonaStadt-38-494x329.jpg 494w\" sizes=\"(max-width: 600px) 100vw, 600px\" \/><\/a> <a href=\"http:\/\/www.martinstrattner.de\/fotoblog\/wp-content\/uploads\/2013\/02\/13-BarcelonaStadt-39.jpg\"><img loading=\"lazy\" class=\"alignnone size-full wp-image-1627\" src=\"http:\/\/www.martinstrattner.de\/fotoblog\/wp-content\/uploads\/2013\/02\/13-BarcelonaStadt-39.jpg\" alt=\"13-BarcelonaStadt-39\" width=\"600\" height=\"900\" srcset=\"http:\/\/www.martinstrattner.de\/fotoblog\/wp-content\/uploads\/2013\/02\/13-BarcelonaStadt-39.jpg 600w, http:\/\/www.martinstrattner.de\/fotoblog\/wp-content\/uploads\/2013\/02\/13-BarcelonaStadt-39-192x288.jpg 192w, http:\/\/www.martinstrattner.de\/fotoblog\/wp-content\/uploads\/2013\/02\/13-BarcelonaStadt-39-329x494.jpg 329w, http:\/\/www.martinstrattner.de\/fotoblog\/wp-content\/uploads\/2013\/02\/13-BarcelonaStadt-39-400x600.jpg 400w\" sizes=\"(max-width: 600px) 100vw, 600px\" \/><\/a> <a href=\"http:\/\/www.martinstrattner.de\/fotoblog\/wp-content\/uploads\/2013\/02\/13-BarcelonaStadt-40.jpg\"><img loading=\"lazy\" class=\"alignnone size-full wp-image-1628\" src=\"http:\/\/www.martinstrattner.de\/fotoblog\/wp-content\/uploads\/2013\/02\/13-BarcelonaStadt-40.jpg\" alt=\"13-BarcelonaStadt-40\" width=\"600\" height=\"900\" srcset=\"http:\/\/www.martinstrattner.de\/fotoblog\/wp-content\/uploads\/2013\/02\/13-BarcelonaStadt-40.jpg 600w, http:\/\/www.martinstrattner.de\/fotoblog\/wp-content\/uploads\/2013\/02\/13-BarcelonaStadt-40-192x288.jpg 192w, http:\/\/www.martinstrattner.de\/fotoblog\/wp-content\/uploads\/2013\/02\/13-BarcelonaStadt-40-329x494.jpg 329w, http:\/\/www.martinstrattner.de\/fotoblog\/wp-content\/uploads\/2013\/02\/13-BarcelonaStadt-40-400x600.jpg 400w\" sizes=\"(max-width: 600px) 100vw, 600px\" \/><\/a><\/p>\n<p style=\"text-align: center;\">Aktueller Au-O-Meter-Stand: 8. Taktisch klug direkt vor den Strandduschen. Wo es direkt eine lange Bank gibt auf die man sich setzen kann und zusehen wie das Salz, Sonnen\u00f6l und der Sand von den braunen K\u00f6rpern gesp\u00fclt werden. Oder es ist fast noch Winter. Und man sieht nichts davon.<\/p>\n<p><a href=\"http:\/\/www.martinstrattner.de\/fotoblog\/wp-content\/uploads\/2013\/02\/13-BarcelonaStadt-41.jpg\"><img loading=\"lazy\" class=\" size-full wp-image-1629 aligncenter\" src=\"http:\/\/www.martinstrattner.de\/fotoblog\/wp-content\/uploads\/2013\/02\/13-BarcelonaStadt-41.jpg\" alt=\"13-BarcelonaStadt-41\" width=\"600\" height=\"400\" srcset=\"http:\/\/www.martinstrattner.de\/fotoblog\/wp-content\/uploads\/2013\/02\/13-BarcelonaStadt-41.jpg 600w, http:\/\/www.martinstrattner.de\/fotoblog\/wp-content\/uploads\/2013\/02\/13-BarcelonaStadt-41-288x192.jpg 288w, http:\/\/www.martinstrattner.de\/fotoblog\/wp-content\/uploads\/2013\/02\/13-BarcelonaStadt-41-494x329.jpg 494w\" sizes=\"(max-width: 600px) 100vw, 600px\" \/><\/a> <a href=\"http:\/\/www.martinstrattner.de\/fotoblog\/wp-content\/uploads\/2013\/02\/13-BarcelonaStadt-42.jpg\"><img loading=\"lazy\" class=\"alignnone size-full wp-image-1630 aligncenter\" src=\"http:\/\/www.martinstrattner.de\/fotoblog\/wp-content\/uploads\/2013\/02\/13-BarcelonaStadt-42.jpg\" alt=\"13-BarcelonaStadt-42\" width=\"600\" height=\"900\" srcset=\"http:\/\/www.martinstrattner.de\/fotoblog\/wp-content\/uploads\/2013\/02\/13-BarcelonaStadt-42.jpg 600w, http:\/\/www.martinstrattner.de\/fotoblog\/wp-content\/uploads\/2013\/02\/13-BarcelonaStadt-42-192x288.jpg 192w, http:\/\/www.martinstrattner.de\/fotoblog\/wp-content\/uploads\/2013\/02\/13-BarcelonaStadt-42-329x494.jpg 329w, http:\/\/www.martinstrattner.de\/fotoblog\/wp-content\/uploads\/2013\/02\/13-BarcelonaStadt-42-400x600.jpg 400w\" sizes=\"(max-width: 600px) 100vw, 600px\" \/><\/a><\/p>\n\n<!-- Facebook Like Button v1.9.6 BEGIN [http:\/\/blog.bottomlessinc.com] -->\n<fb:like href=\"http:\/\/www.martinstrattner.de\/fotoblog\/2013\/02\/stadtspaziergange-in-barcelona\/\" layout=\"button_count\" show_faces=\"false\" width=\"450\" action=\"like\" colorscheme=\"light\"><\/fb:like>\n<!-- Facebook Like Button END -->\n<\/div><\/div>","protected":false},"excerpt":{"rendered":"<p>Wichtig ist doch, dass man auf die Frage die Andere einem nach jeder Stadtbesichtigung stellen &#8222;Ach, und habt ihr xy auch gesehen? Soooo toll!&#8220; mit nem schnellen &#8222;JA&#8220; antworten kann, nur um dann selbst die n\u00e4chste Sehensw\u00fcrdigkeit zu nennen die man unbedingt gesehen haben muss. Sieger ist der, der die tollsten Dinge gesehen hat. Und [&hellip;]<\/p>\n","protected":false},"author":1,"featured_media":1631,"comment_status":"open","ping_status":"open","sticky":false,"template":"","format":"standard","meta":{"spay_email":"","jetpack_publicize_message":""},"categories":[3,13,6,12,7],"tags":[],"jetpack_featured_media_url":"http:\/\/www.martinstrattner.de\/fotoblog\/wp-content\/uploads\/2013\/02\/13-Titel-BarcelonaStadt.jpg","jetpack_publicize_connections":[],"jetpack_shortlink":"https:\/\/wp.me\/p2qpVl-pC","jetpack_sharing_enabled":true,"jetpack-related-posts":[],"_links":{"self":[{"href":"http:\/\/www.martinstrattner.de\/fotoblog\/wp-json\/wp\/v2\/posts\/1588"}],"collection":[{"href":"http:\/\/www.martinstrattner.de\/fotoblog\/wp-json\/wp\/v2\/posts"}],"about":[{"href":"http:\/\/www.martinstrattner.de\/fotoblog\/wp-json\/wp\/v2\/types\/post"}],"author":[{"embeddable":true,"href":"http:\/\/www.martinstrattner.de\/fotoblog\/wp-json\/wp\/v2\/users\/1"}],"replies":[{"embeddable":true,"href":"http:\/\/www.martinstrattner.de\/fotoblog\/wp-json\/wp\/v2\/comments?post=1588"}],"version-history":[{"count":15,"href":"http:\/\/www.martinstrattner.de\/fotoblog\/wp-json\/wp\/v2\/posts\/1588\/revisions"}],"predecessor-version":[{"id":5713,"href":"http:\/\/www.martinstrattner.de\/fotoblog\/wp-json\/wp\/v2\/posts\/1588\/revisions\/5713"}],"wp:featuredmedia":[{"embeddable":true,"href":"http:\/\/www.martinstrattner.de\/fotoblog\/wp-json\/wp\/v2\/media\/1631"}],"wp:attachment":[{"href":"http:\/\/www.martinstrattner.de\/fotoblog\/wp-json\/wp\/v2\/media?parent=1588"}],"wp:term":[{"taxonomy":"category","embeddable":true,"href":"http:\/\/www.martinstrattner.de\/fotoblog\/wp-json\/wp\/v2\/categories?post=1588"},{"taxonomy":"post_tag","embeddable":true,"href":"http:\/\/www.martinstrattner.de\/fotoblog\/wp-json\/wp\/v2\/tags?post=1588"}],"curies":[{"name":"wp","href":"https:\/\/api.w.org\/{rel}","templated":true}]}}