{"id":1480,"date":"2013-02-08T22:03:56","date_gmt":"2013-02-08T21:03:56","guid":{"rendered":"http:\/\/www.martinstrattner.de\/fotoblog\/?p=1480"},"modified":"2015-03-29T02:23:22","modified_gmt":"2015-03-29T01:23:22","slug":"zweites-wohnzimmer-und-schlafzimmer-frankfurt","status":"publish","type":"post","link":"http:\/\/www.martinstrattner.de\/fotoblog\/2013\/02\/zweites-wohnzimmer-und-schlafzimmer-frankfurt\/","title":{"rendered":"Zweites Wohnzimmer und Schlafzimmer (Frankfurt)"},"content":{"rendered":"<div id=\"dslc-theme-content\"><div id=\"dslc-theme-content-inner\"><p style=\"text-align: center;\">Heimkommen f\u00fchlt sich immer gut an oder? Deswegen ist es sch\u00f6n, dass ich auch in meiner &#8222;Arbeitsstadt&#8220; Frankfurt inzwischen zwei Orte gefunden habe, wo zumindest ein \u00e4hnliches Gef\u00fchl aufkommt. Schlafst\u00e4dten in denen ich mich einigerma\u00dfen auskenne, wo ich auch im Dunkeln aufstehen kann, und mir nicht die Schienbeine an seltsam positionierten M\u00f6beln sto\u00dfe. Eines der Hotels ist das <a href=\"https:\/\/www.25hours-hotels.com\/goldman\/einblick\/\">Goldman 25hours<\/a>. Ein Designhotel, jedes Zimmer doch ein wenig anders, so dass es mir nicht ZU langweilig wird. (Und ich hab das jetzt nicht genannt, damit ihr da alle hinrennt und mir die Zimmer wegnehmt ja ;) )<\/p>\n<p style=\"text-align: center;\">So, jetzt aber die Fotos. 3 Arbeitstage, 3 N\u00e4chte, 3 Krawatten.<\/p>\n<p style=\"text-align: center;\"><img loading=\"lazy\" class=\"alignnone size-full wp-image-1481\" src=\"http:\/\/www.martinstrattner.de\/fotoblog\/wp-content\/uploads\/2013\/02\/20130205-25h-01.jpg\" alt=\"20130205-25h-01\" width=\"600\" height=\"397\" srcset=\"http:\/\/www.martinstrattner.de\/fotoblog\/wp-content\/uploads\/2013\/02\/20130205-25h-01.jpg 600w, http:\/\/www.martinstrattner.de\/fotoblog\/wp-content\/uploads\/2013\/02\/20130205-25h-01-288x190.jpg 288w, http:\/\/www.martinstrattner.de\/fotoblog\/wp-content\/uploads\/2013\/02\/20130205-25h-01-494x326.jpg 494w\" sizes=\"(max-width: 600px) 100vw, 600px\" \/> <img loading=\"lazy\" class=\"alignnone size-full wp-image-1482\" src=\"http:\/\/www.martinstrattner.de\/fotoblog\/wp-content\/uploads\/2013\/02\/20130205-25h-02.jpg\" alt=\"20130205-25h-02\" width=\"600\" height=\"906\" srcset=\"http:\/\/www.martinstrattner.de\/fotoblog\/wp-content\/uploads\/2013\/02\/20130205-25h-02.jpg 600w, http:\/\/www.martinstrattner.de\/fotoblog\/wp-content\/uploads\/2013\/02\/20130205-25h-02-190x288.jpg 190w, http:\/\/www.martinstrattner.de\/fotoblog\/wp-content\/uploads\/2013\/02\/20130205-25h-02-327x494.jpg 327w, http:\/\/www.martinstrattner.de\/fotoblog\/wp-content\/uploads\/2013\/02\/20130205-25h-02-397x600.jpg 397w\" sizes=\"(max-width: 600px) 100vw, 600px\" \/> <img loading=\"lazy\" class=\"alignnone size-full wp-image-1483\" src=\"http:\/\/www.martinstrattner.de\/fotoblog\/wp-content\/uploads\/2013\/02\/20130205-25h-03.jpg\" alt=\"20130205-25h-03\" width=\"600\" height=\"397\" srcset=\"http:\/\/www.martinstrattner.de\/fotoblog\/wp-content\/uploads\/2013\/02\/20130205-25h-03.jpg 600w, http:\/\/www.martinstrattner.de\/fotoblog\/wp-content\/uploads\/2013\/02\/20130205-25h-03-288x190.jpg 288w, http:\/\/www.martinstrattner.de\/fotoblog\/wp-content\/uploads\/2013\/02\/20130205-25h-03-494x326.jpg 494w\" sizes=\"(max-width: 600px) 100vw, 600px\" \/> <img loading=\"lazy\" class=\"alignnone size-full wp-image-1484\" src=\"http:\/\/www.martinstrattner.de\/fotoblog\/wp-content\/uploads\/2013\/02\/20130205-25h-04.jpg\" alt=\"20130205-25h-04\" width=\"600\" height=\"397\" srcset=\"http:\/\/www.martinstrattner.de\/fotoblog\/wp-content\/uploads\/2013\/02\/20130205-25h-04.jpg 600w, http:\/\/www.martinstrattner.de\/fotoblog\/wp-content\/uploads\/2013\/02\/20130205-25h-04-288x190.jpg 288w, http:\/\/www.martinstrattner.de\/fotoblog\/wp-content\/uploads\/2013\/02\/20130205-25h-04-494x326.jpg 494w\" sizes=\"(max-width: 600px) 100vw, 600px\" \/> <img loading=\"lazy\" class=\"alignnone size-full wp-image-1485\" src=\"http:\/\/www.martinstrattner.de\/fotoblog\/wp-content\/uploads\/2013\/02\/20130205-25h-05.jpg\" alt=\"20130205-25h-05\" width=\"600\" height=\"397\" srcset=\"http:\/\/www.martinstrattner.de\/fotoblog\/wp-content\/uploads\/2013\/02\/20130205-25h-05.jpg 600w, http:\/\/www.martinstrattner.de\/fotoblog\/wp-content\/uploads\/2013\/02\/20130205-25h-05-288x190.jpg 288w, http:\/\/www.martinstrattner.de\/fotoblog\/wp-content\/uploads\/2013\/02\/20130205-25h-05-494x326.jpg 494w\" sizes=\"(max-width: 600px) 100vw, 600px\" \/> <img loading=\"lazy\" class=\"alignnone size-full wp-image-1486\" src=\"http:\/\/www.martinstrattner.de\/fotoblog\/wp-content\/uploads\/2013\/02\/20130205-25h-06.jpg\" alt=\"20130205-25h-06\" width=\"600\" height=\"397\" srcset=\"http:\/\/www.martinstrattner.de\/fotoblog\/wp-content\/uploads\/2013\/02\/20130205-25h-06.jpg 600w, http:\/\/www.martinstrattner.de\/fotoblog\/wp-content\/uploads\/2013\/02\/20130205-25h-06-288x190.jpg 288w, http:\/\/www.martinstrattner.de\/fotoblog\/wp-content\/uploads\/2013\/02\/20130205-25h-06-494x326.jpg 494w\" sizes=\"(max-width: 600px) 100vw, 600px\" \/> <img loading=\"lazy\" class=\"alignnone size-full wp-image-1487\" src=\"http:\/\/www.martinstrattner.de\/fotoblog\/wp-content\/uploads\/2013\/02\/20130205-25h-07.jpg\" alt=\"20130205-25h-07\" width=\"600\" height=\"397\" srcset=\"http:\/\/www.martinstrattner.de\/fotoblog\/wp-content\/uploads\/2013\/02\/20130205-25h-07.jpg 600w, http:\/\/www.martinstrattner.de\/fotoblog\/wp-content\/uploads\/2013\/02\/20130205-25h-07-288x190.jpg 288w, http:\/\/www.martinstrattner.de\/fotoblog\/wp-content\/uploads\/2013\/02\/20130205-25h-07-494x326.jpg 494w\" sizes=\"(max-width: 600px) 100vw, 600px\" \/><img loading=\"lazy\" class=\"alignnone size-full wp-image-1488\" src=\"http:\/\/www.martinstrattner.de\/fotoblog\/wp-content\/uploads\/2013\/02\/20130205-25h-08.jpg\" alt=\"20130205-25h-08\" width=\"600\" height=\"901\" srcset=\"http:\/\/www.martinstrattner.de\/fotoblog\/wp-content\/uploads\/2013\/02\/20130205-25h-08.jpg 600w, http:\/\/www.martinstrattner.de\/fotoblog\/wp-content\/uploads\/2013\/02\/20130205-25h-08-191x288.jpg 191w, http:\/\/www.martinstrattner.de\/fotoblog\/wp-content\/uploads\/2013\/02\/20130205-25h-08-328x494.jpg 328w, http:\/\/www.martinstrattner.de\/fotoblog\/wp-content\/uploads\/2013\/02\/20130205-25h-08-399x600.jpg 399w\" sizes=\"(max-width: 600px) 100vw, 600px\" \/> <img loading=\"lazy\" class=\"alignnone size-full wp-image-1489\" src=\"http:\/\/www.martinstrattner.de\/fotoblog\/wp-content\/uploads\/2013\/02\/20130205-25h-09.jpg\" alt=\"20130205-25h-09\" width=\"600\" height=\"906\" srcset=\"http:\/\/www.martinstrattner.de\/fotoblog\/wp-content\/uploads\/2013\/02\/20130205-25h-09.jpg 600w, http:\/\/www.martinstrattner.de\/fotoblog\/wp-content\/uploads\/2013\/02\/20130205-25h-09-190x288.jpg 190w, http:\/\/www.martinstrattner.de\/fotoblog\/wp-content\/uploads\/2013\/02\/20130205-25h-09-327x494.jpg 327w, http:\/\/www.martinstrattner.de\/fotoblog\/wp-content\/uploads\/2013\/02\/20130205-25h-09-397x600.jpg 397w\" sizes=\"(max-width: 600px) 100vw, 600px\" \/> <img loading=\"lazy\" class=\"alignnone size-full wp-image-1490\" src=\"http:\/\/www.martinstrattner.de\/fotoblog\/wp-content\/uploads\/2013\/02\/20130205-25h-10.jpg\" alt=\"20130205-25h-10\" width=\"600\" height=\"397\" srcset=\"http:\/\/www.martinstrattner.de\/fotoblog\/wp-content\/uploads\/2013\/02\/20130205-25h-10.jpg 600w, http:\/\/www.martinstrattner.de\/fotoblog\/wp-content\/uploads\/2013\/02\/20130205-25h-10-288x190.jpg 288w, http:\/\/www.martinstrattner.de\/fotoblog\/wp-content\/uploads\/2013\/02\/20130205-25h-10-494x326.jpg 494w\" sizes=\"(max-width: 600px) 100vw, 600px\" \/> <img loading=\"lazy\" class=\"alignnone size-full wp-image-1491\" src=\"http:\/\/www.martinstrattner.de\/fotoblog\/wp-content\/uploads\/2013\/02\/20130205-25h-11.jpg\" alt=\"20130205-25h-11\" width=\"600\" height=\"397\" srcset=\"http:\/\/www.martinstrattner.de\/fotoblog\/wp-content\/uploads\/2013\/02\/20130205-25h-11.jpg 600w, http:\/\/www.martinstrattner.de\/fotoblog\/wp-content\/uploads\/2013\/02\/20130205-25h-11-288x190.jpg 288w, http:\/\/www.martinstrattner.de\/fotoblog\/wp-content\/uploads\/2013\/02\/20130205-25h-11-494x326.jpg 494w\" sizes=\"(max-width: 600px) 100vw, 600px\" \/> <img loading=\"lazy\" class=\"alignnone size-full wp-image-1492\" src=\"http:\/\/www.martinstrattner.de\/fotoblog\/wp-content\/uploads\/2013\/02\/20130205-25h-12.jpg\" alt=\"20130205-25h-12\" width=\"600\" height=\"397\" srcset=\"http:\/\/www.martinstrattner.de\/fotoblog\/wp-content\/uploads\/2013\/02\/20130205-25h-12.jpg 600w, http:\/\/www.martinstrattner.de\/fotoblog\/wp-content\/uploads\/2013\/02\/20130205-25h-12-288x190.jpg 288w, http:\/\/www.martinstrattner.de\/fotoblog\/wp-content\/uploads\/2013\/02\/20130205-25h-12-494x326.jpg 494w\" sizes=\"(max-width: 600px) 100vw, 600px\" \/> <img loading=\"lazy\" class=\"alignnone size-full wp-image-1493\" src=\"http:\/\/www.martinstrattner.de\/fotoblog\/wp-content\/uploads\/2013\/02\/20130205-25h-13.jpg\" alt=\"20130205-25h-13\" width=\"600\" height=\"906\" srcset=\"http:\/\/www.martinstrattner.de\/fotoblog\/wp-content\/uploads\/2013\/02\/20130205-25h-13.jpg 600w, http:\/\/www.martinstrattner.de\/fotoblog\/wp-content\/uploads\/2013\/02\/20130205-25h-13-190x288.jpg 190w, http:\/\/www.martinstrattner.de\/fotoblog\/wp-content\/uploads\/2013\/02\/20130205-25h-13-327x494.jpg 327w, http:\/\/www.martinstrattner.de\/fotoblog\/wp-content\/uploads\/2013\/02\/20130205-25h-13-397x600.jpg 397w\" sizes=\"(max-width: 600px) 100vw, 600px\" \/> <img loading=\"lazy\" class=\"alignnone size-full wp-image-1494\" src=\"http:\/\/www.martinstrattner.de\/fotoblog\/wp-content\/uploads\/2013\/02\/20130205-25h-14.jpg\" alt=\"20130205-25h-14\" width=\"600\" height=\"397\" srcset=\"http:\/\/www.martinstrattner.de\/fotoblog\/wp-content\/uploads\/2013\/02\/20130205-25h-14.jpg 600w, http:\/\/www.martinstrattner.de\/fotoblog\/wp-content\/uploads\/2013\/02\/20130205-25h-14-288x190.jpg 288w, http:\/\/www.martinstrattner.de\/fotoblog\/wp-content\/uploads\/2013\/02\/20130205-25h-14-494x326.jpg 494w\" sizes=\"(max-width: 600px) 100vw, 600px\" \/> <img loading=\"lazy\" class=\"alignnone size-full wp-image-1495\" src=\"http:\/\/www.martinstrattner.de\/fotoblog\/wp-content\/uploads\/2013\/02\/20130205-25h-15.jpg\" alt=\"20130205-25h-15\" width=\"600\" height=\"400\" srcset=\"http:\/\/www.martinstrattner.de\/fotoblog\/wp-content\/uploads\/2013\/02\/20130205-25h-15.jpg 600w, http:\/\/www.martinstrattner.de\/fotoblog\/wp-content\/uploads\/2013\/02\/20130205-25h-15-288x192.jpg 288w, http:\/\/www.martinstrattner.de\/fotoblog\/wp-content\/uploads\/2013\/02\/20130205-25h-15-494x329.jpg 494w\" sizes=\"(max-width: 600px) 100vw, 600px\" \/> <img loading=\"lazy\" class=\"alignnone size-full wp-image-1496\" src=\"http:\/\/www.martinstrattner.de\/fotoblog\/wp-content\/uploads\/2013\/02\/20130205-25h-16.jpg\" alt=\"20130205-25h-16\" width=\"600\" height=\"397\" srcset=\"http:\/\/www.martinstrattner.de\/fotoblog\/wp-content\/uploads\/2013\/02\/20130205-25h-16.jpg 600w, http:\/\/www.martinstrattner.de\/fotoblog\/wp-content\/uploads\/2013\/02\/20130205-25h-16-288x190.jpg 288w, http:\/\/www.martinstrattner.de\/fotoblog\/wp-content\/uploads\/2013\/02\/20130205-25h-16-494x326.jpg 494w\" sizes=\"(max-width: 600px) 100vw, 600px\" \/> <img loading=\"lazy\" class=\"alignnone size-full wp-image-1497\" src=\"http:\/\/www.martinstrattner.de\/fotoblog\/wp-content\/uploads\/2013\/02\/20130205-25h-17.jpg\" alt=\"20130205-25h-17\" width=\"600\" height=\"397\" srcset=\"http:\/\/www.martinstrattner.de\/fotoblog\/wp-content\/uploads\/2013\/02\/20130205-25h-17.jpg 600w, http:\/\/www.martinstrattner.de\/fotoblog\/wp-content\/uploads\/2013\/02\/20130205-25h-17-288x190.jpg 288w, http:\/\/www.martinstrattner.de\/fotoblog\/wp-content\/uploads\/2013\/02\/20130205-25h-17-494x326.jpg 494w\" sizes=\"(max-width: 600px) 100vw, 600px\" \/> <img loading=\"lazy\" class=\"alignnone size-full wp-image-1498\" src=\"http:\/\/www.martinstrattner.de\/fotoblog\/wp-content\/uploads\/2013\/02\/20130205-25h-18.jpg\" alt=\"20130205-25h-18\" width=\"600\" height=\"906\" srcset=\"http:\/\/www.martinstrattner.de\/fotoblog\/wp-content\/uploads\/2013\/02\/20130205-25h-18.jpg 600w, http:\/\/www.martinstrattner.de\/fotoblog\/wp-content\/uploads\/2013\/02\/20130205-25h-18-190x288.jpg 190w, http:\/\/www.martinstrattner.de\/fotoblog\/wp-content\/uploads\/2013\/02\/20130205-25h-18-327x494.jpg 327w, http:\/\/www.martinstrattner.de\/fotoblog\/wp-content\/uploads\/2013\/02\/20130205-25h-18-397x600.jpg 397w\" sizes=\"(max-width: 600px) 100vw, 600px\" \/> <img loading=\"lazy\" class=\"alignnone size-full wp-image-1499\" src=\"http:\/\/www.martinstrattner.de\/fotoblog\/wp-content\/uploads\/2013\/02\/20130205-25h-19.jpg\" alt=\"20130205-25h-19\" width=\"600\" height=\"397\" srcset=\"http:\/\/www.martinstrattner.de\/fotoblog\/wp-content\/uploads\/2013\/02\/20130205-25h-19.jpg 600w, http:\/\/www.martinstrattner.de\/fotoblog\/wp-content\/uploads\/2013\/02\/20130205-25h-19-288x190.jpg 288w, http:\/\/www.martinstrattner.de\/fotoblog\/wp-content\/uploads\/2013\/02\/20130205-25h-19-494x326.jpg 494w\" sizes=\"(max-width: 600px) 100vw, 600px\" \/><\/p>\n<p style=\"text-align: center;\">Bilder vom anderen Hotel? Gibt&#8217;s demn\u00e4chst. Die muss ich erst machen. Davor gibt&#8217;s aber noch ganz viele andere Fotos. Mindestens eine Stadt und eine Frau zeige ich euch :)<\/p>\n\n<!-- Facebook Like Button v1.9.6 BEGIN [http:\/\/blog.bottomlessinc.com] -->\n<fb:like href=\"http:\/\/www.martinstrattner.de\/fotoblog\/2013\/02\/zweites-wohnzimmer-und-schlafzimmer-frankfurt\/\" layout=\"button_count\" show_faces=\"false\" width=\"450\" action=\"like\" colorscheme=\"light\"><\/fb:like>\n<!-- Facebook Like Button END -->\n<\/div><\/div>","protected":false},"excerpt":{"rendered":"<p>Heimkommen f\u00fchlt sich immer gut an oder? Deswegen ist es sch\u00f6n, dass ich auch in meiner &#8222;Arbeitsstadt&#8220; Frankfurt inzwischen zwei Orte gefunden habe, wo zumindest ein \u00e4hnliches Gef\u00fchl aufkommt. Schlafst\u00e4dten in denen ich mich einigerma\u00dfen auskenne, wo ich auch im Dunkeln aufstehen kann, und mir nicht die Schienbeine an seltsam positionierten M\u00f6beln sto\u00dfe. Eines der [&hellip;]<\/p>\n","protected":false},"author":1,"featured_media":1500,"comment_status":"open","ping_status":"open","sticky":false,"template":"","format":"standard","meta":{"spay_email":"","jetpack_publicize_message":""},"categories":[15,6],"tags":[],"jetpack_featured_media_url":"http:\/\/www.martinstrattner.de\/fotoblog\/wp-content\/uploads\/2013\/02\/Titel-130205-25h.jpg","jetpack_publicize_connections":[],"jetpack_shortlink":"https:\/\/wp.me\/p2qpVl-nS","jetpack_sharing_enabled":true,"jetpack-related-posts":[],"_links":{"self":[{"href":"http:\/\/www.martinstrattner.de\/fotoblog\/wp-json\/wp\/v2\/posts\/1480"}],"collection":[{"href":"http:\/\/www.martinstrattner.de\/fotoblog\/wp-json\/wp\/v2\/posts"}],"about":[{"href":"http:\/\/www.martinstrattner.de\/fotoblog\/wp-json\/wp\/v2\/types\/post"}],"author":[{"embeddable":true,"href":"http:\/\/www.martinstrattner.de\/fotoblog\/wp-json\/wp\/v2\/users\/1"}],"replies":[{"embeddable":true,"href":"http:\/\/www.martinstrattner.de\/fotoblog\/wp-json\/wp\/v2\/comments?post=1480"}],"version-history":[{"count":4,"href":"http:\/\/www.martinstrattner.de\/fotoblog\/wp-json\/wp\/v2\/posts\/1480\/revisions"}],"predecessor-version":[{"id":5709,"href":"http:\/\/www.martinstrattner.de\/fotoblog\/wp-json\/wp\/v2\/posts\/1480\/revisions\/5709"}],"wp:featuredmedia":[{"embeddable":true,"href":"http:\/\/www.martinstrattner.de\/fotoblog\/wp-json\/wp\/v2\/media\/1500"}],"wp:attachment":[{"href":"http:\/\/www.martinstrattner.de\/fotoblog\/wp-json\/wp\/v2\/media?parent=1480"}],"wp:term":[{"taxonomy":"category","embeddable":true,"href":"http:\/\/www.martinstrattner.de\/fotoblog\/wp-json\/wp\/v2\/categories?post=1480"},{"taxonomy":"post_tag","embeddable":true,"href":"http:\/\/www.martinstrattner.de\/fotoblog\/wp-json\/wp\/v2\/tags?post=1480"}],"curies":[{"name":"wp","href":"https:\/\/api.w.org\/{rel}","templated":true}]}}