{"id":1396,"date":"2013-01-31T23:45:48","date_gmt":"2013-01-31T22:45:48","guid":{"rendered":"http:\/\/www.martinstrattner.de\/fotoblog\/?p=1396"},"modified":"2015-03-29T02:23:06","modified_gmt":"2015-03-29T01:23:06","slug":"skifoahrn-carezza","status":"publish","type":"post","link":"http:\/\/www.martinstrattner.de\/fotoblog\/2013\/01\/skifoahrn-carezza\/","title":{"rendered":"Skifoarn (Carezza)"},"content":{"rendered":"<div id=\"dslc-theme-content\"><div id=\"dslc-theme-content-inner\"><p style=\"text-align: center;\">Seit unglaublich langer Zeit macht meine gesamte Familie zusammen Skiurlaub in Carezza, S\u00fcdtirol. Fr\u00fcher noch mit meinen Gro\u00dfeltern. Opa sorgte sich um den Kachelofen, von Oma wurden wir k\u00f6stlich verk\u00f6stigt. Das Haus von Bekannten in dem wir wohnen ist direkt an der Skipiste, 4 Schlafzimmer mit jeweils 2 Betten , Kachelofen, Sauna im Keller, es ist ein Traum und ich freue mich jedes Jahr wie verr\u00fcckt auf die paar Tage im Schnee.<\/p>\n<p style=\"text-align: center;\">Aufwachen, aus dem Fenster sehen:<\/p>\n<p style=\"text-align: center;\"><img loading=\"lazy\" class=\"alignnone size-full wp-image-1397\" src=\"http:\/\/www.martinstrattner.de\/fotoblog\/wp-content\/uploads\/2013\/01\/Skiurlaub13-01.jpg\" alt=\"Skiurlaub13-01\" width=\"600\" height=\"448\" srcset=\"http:\/\/www.martinstrattner.de\/fotoblog\/wp-content\/uploads\/2013\/01\/Skiurlaub13-01.jpg 600w, http:\/\/www.martinstrattner.de\/fotoblog\/wp-content\/uploads\/2013\/01\/Skiurlaub13-01-288x215.jpg 288w, http:\/\/www.martinstrattner.de\/fotoblog\/wp-content\/uploads\/2013\/01\/Skiurlaub13-01-494x368.jpg 494w\" sizes=\"(max-width: 600px) 100vw, 600px\" \/> <img loading=\"lazy\" class=\"alignnone size-full wp-image-1398\" src=\"http:\/\/www.martinstrattner.de\/fotoblog\/wp-content\/uploads\/2013\/01\/Skiurlaub13-02.jpg\" alt=\"Skiurlaub13-02\" width=\"600\" height=\"448\" srcset=\"http:\/\/www.martinstrattner.de\/fotoblog\/wp-content\/uploads\/2013\/01\/Skiurlaub13-02.jpg 600w, http:\/\/www.martinstrattner.de\/fotoblog\/wp-content\/uploads\/2013\/01\/Skiurlaub13-02-288x215.jpg 288w, http:\/\/www.martinstrattner.de\/fotoblog\/wp-content\/uploads\/2013\/01\/Skiurlaub13-02-494x368.jpg 494w\" sizes=\"(max-width: 600px) 100vw, 600px\" \/><\/p>\n<p style=\"text-align: center;\">Dann auf die\u00a0Terrasse\u00a0gehen und die Temperatur testen. Wird &#8217;s heute der d\u00fcnne oder der dicke Skianzug? Drei oder vier Schichten Kleidung?<\/p>\n<p style=\"text-align: center;\"><img loading=\"lazy\" class=\"alignnone size-full wp-image-1399\" src=\"http:\/\/www.martinstrattner.de\/fotoblog\/wp-content\/uploads\/2013\/01\/Skiurlaub13-03.jpg\" alt=\"Skiurlaub13-03\" width=\"600\" height=\"800\" srcset=\"http:\/\/www.martinstrattner.de\/fotoblog\/wp-content\/uploads\/2013\/01\/Skiurlaub13-03.jpg 600w, http:\/\/www.martinstrattner.de\/fotoblog\/wp-content\/uploads\/2013\/01\/Skiurlaub13-03-216x288.jpg 216w, http:\/\/www.martinstrattner.de\/fotoblog\/wp-content\/uploads\/2013\/01\/Skiurlaub13-03-370x494.jpg 370w, http:\/\/www.martinstrattner.de\/fotoblog\/wp-content\/uploads\/2013\/01\/Skiurlaub13-03-450x600.jpg 450w\" sizes=\"(max-width: 600px) 100vw, 600px\" \/> <img loading=\"lazy\" class=\"alignnone size-full wp-image-1400\" src=\"http:\/\/www.martinstrattner.de\/fotoblog\/wp-content\/uploads\/2013\/01\/Skiurlaub13-04.jpg\" alt=\"Skiurlaub13-04\" width=\"600\" height=\"450\" srcset=\"http:\/\/www.martinstrattner.de\/fotoblog\/wp-content\/uploads\/2013\/01\/Skiurlaub13-04.jpg 600w, http:\/\/www.martinstrattner.de\/fotoblog\/wp-content\/uploads\/2013\/01\/Skiurlaub13-04-288x216.jpg 288w, http:\/\/www.martinstrattner.de\/fotoblog\/wp-content\/uploads\/2013\/01\/Skiurlaub13-04-494x370.jpg 494w\" sizes=\"(max-width: 600px) 100vw, 600px\" \/> <img loading=\"lazy\" class=\"alignnone size-full wp-image-1401\" src=\"http:\/\/www.martinstrattner.de\/fotoblog\/wp-content\/uploads\/2013\/01\/Skiurlaub13-05.jpg\" alt=\"Skiurlaub13-05\" width=\"600\" height=\"450\" srcset=\"http:\/\/www.martinstrattner.de\/fotoblog\/wp-content\/uploads\/2013\/01\/Skiurlaub13-05.jpg 600w, http:\/\/www.martinstrattner.de\/fotoblog\/wp-content\/uploads\/2013\/01\/Skiurlaub13-05-288x216.jpg 288w, http:\/\/www.martinstrattner.de\/fotoblog\/wp-content\/uploads\/2013\/01\/Skiurlaub13-05-494x370.jpg 494w\" sizes=\"(max-width: 600px) 100vw, 600px\" \/><\/p>\n<p style=\"text-align: center;\">Seht ihr da, wo der einzelne Baum steht, da ist die Piste. Sich auf der Terrasse in die Skischuhe qu\u00e4len, Ski anschnallen, durch den tiefen Schnee fahren, und die ersten Schw\u00fcnge auf der jungfr\u00e4ulichen Piste in den Schnee zeichnen. Ne reine Freude.<\/p>\n<p style=\"text-align: center;\"><img loading=\"lazy\" class=\"alignnone size-full wp-image-1402\" src=\"http:\/\/www.martinstrattner.de\/fotoblog\/wp-content\/uploads\/2013\/01\/Skiurlaub13-06.jpg\" alt=\"Skiurlaub13-06\" width=\"600\" height=\"803\" srcset=\"http:\/\/www.martinstrattner.de\/fotoblog\/wp-content\/uploads\/2013\/01\/Skiurlaub13-06.jpg 600w, http:\/\/www.martinstrattner.de\/fotoblog\/wp-content\/uploads\/2013\/01\/Skiurlaub13-06-215x288.jpg 215w, http:\/\/www.martinstrattner.de\/fotoblog\/wp-content\/uploads\/2013\/01\/Skiurlaub13-06-369x494.jpg 369w, http:\/\/www.martinstrattner.de\/fotoblog\/wp-content\/uploads\/2013\/01\/Skiurlaub13-06-448x600.jpg 448w\" sizes=\"(max-width: 600px) 100vw, 600px\" \/> <img loading=\"lazy\" class=\"alignnone size-full wp-image-1403\" src=\"http:\/\/www.martinstrattner.de\/fotoblog\/wp-content\/uploads\/2013\/01\/Skiurlaub13-07.jpg\" alt=\"Skiurlaub13-07\" width=\"600\" height=\"448\" srcset=\"http:\/\/www.martinstrattner.de\/fotoblog\/wp-content\/uploads\/2013\/01\/Skiurlaub13-07.jpg 600w, http:\/\/www.martinstrattner.de\/fotoblog\/wp-content\/uploads\/2013\/01\/Skiurlaub13-07-288x215.jpg 288w, http:\/\/www.martinstrattner.de\/fotoblog\/wp-content\/uploads\/2013\/01\/Skiurlaub13-07-494x368.jpg 494w\" sizes=\"(max-width: 600px) 100vw, 600px\" \/> <img loading=\"lazy\" class=\"alignnone size-full wp-image-1404\" src=\"http:\/\/www.martinstrattner.de\/fotoblog\/wp-content\/uploads\/2013\/01\/Skiurlaub13-08.jpg\" alt=\"Skiurlaub13-08\" width=\"600\" height=\"448\" srcset=\"http:\/\/www.martinstrattner.de\/fotoblog\/wp-content\/uploads\/2013\/01\/Skiurlaub13-08.jpg 600w, http:\/\/www.martinstrattner.de\/fotoblog\/wp-content\/uploads\/2013\/01\/Skiurlaub13-08-288x215.jpg 288w, http:\/\/www.martinstrattner.de\/fotoblog\/wp-content\/uploads\/2013\/01\/Skiurlaub13-08-494x368.jpg 494w\" sizes=\"(max-width: 600px) 100vw, 600px\" \/> <img loading=\"lazy\" class=\"alignnone size-full wp-image-1405\" src=\"http:\/\/www.martinstrattner.de\/fotoblog\/wp-content\/uploads\/2013\/01\/Skiurlaub13-09.jpg\" alt=\"Skiurlaub13-09\" width=\"600\" height=\"115\" srcset=\"http:\/\/www.martinstrattner.de\/fotoblog\/wp-content\/uploads\/2013\/01\/Skiurlaub13-09.jpg 600w, http:\/\/www.martinstrattner.de\/fotoblog\/wp-content\/uploads\/2013\/01\/Skiurlaub13-09-288x55.jpg 288w, http:\/\/www.martinstrattner.de\/fotoblog\/wp-content\/uploads\/2013\/01\/Skiurlaub13-09-494x94.jpg 494w\" sizes=\"(max-width: 600px) 100vw, 600px\" \/> <img loading=\"lazy\" class=\"alignnone size-full wp-image-1406\" src=\"http:\/\/www.martinstrattner.de\/fotoblog\/wp-content\/uploads\/2013\/01\/Skiurlaub13-10.jpg\" alt=\"Skiurlaub13-10\" width=\"600\" height=\"448\" srcset=\"http:\/\/www.martinstrattner.de\/fotoblog\/wp-content\/uploads\/2013\/01\/Skiurlaub13-10.jpg 600w, http:\/\/www.martinstrattner.de\/fotoblog\/wp-content\/uploads\/2013\/01\/Skiurlaub13-10-288x215.jpg 288w, http:\/\/www.martinstrattner.de\/fotoblog\/wp-content\/uploads\/2013\/01\/Skiurlaub13-10-494x368.jpg 494w\" sizes=\"(max-width: 600px) 100vw, 600px\" \/><\/p>\n<p style=\"text-align: center;\">Oben dann der grandioseste Ausblick den man sich vorstellen kann. Und <a href=\"http:\/\/herbstkind.com\/2013\/01\/31\/schnee-und-sonne-in-carezza\/\">Doris<\/a> macht links gerade ein Foto von mir wie ich ein Foto von ihr mache. Klassiker.<\/p>\n<p style=\"text-align: center;\"><img loading=\"lazy\" class=\"alignnone size-full wp-image-1407\" src=\"http:\/\/www.martinstrattner.de\/fotoblog\/wp-content\/uploads\/2013\/01\/Skiurlaub13-11.jpg\" alt=\"Skiurlaub13-11\" width=\"600\" height=\"169\" srcset=\"http:\/\/www.martinstrattner.de\/fotoblog\/wp-content\/uploads\/2013\/01\/Skiurlaub13-11.jpg 600w, http:\/\/www.martinstrattner.de\/fotoblog\/wp-content\/uploads\/2013\/01\/Skiurlaub13-11-288x81.jpg 288w, http:\/\/www.martinstrattner.de\/fotoblog\/wp-content\/uploads\/2013\/01\/Skiurlaub13-11-494x139.jpg 494w\" sizes=\"(max-width: 600px) 100vw, 600px\" \/> <img loading=\"lazy\" class=\"alignnone size-full wp-image-1408\" src=\"http:\/\/www.martinstrattner.de\/fotoblog\/wp-content\/uploads\/2013\/01\/Skiurlaub13-12.jpg\" alt=\"Skiurlaub13-12\" width=\"600\" height=\"448\" srcset=\"http:\/\/www.martinstrattner.de\/fotoblog\/wp-content\/uploads\/2013\/01\/Skiurlaub13-12.jpg 600w, http:\/\/www.martinstrattner.de\/fotoblog\/wp-content\/uploads\/2013\/01\/Skiurlaub13-12-288x215.jpg 288w, http:\/\/www.martinstrattner.de\/fotoblog\/wp-content\/uploads\/2013\/01\/Skiurlaub13-12-494x368.jpg 494w\" sizes=\"(max-width: 600px) 100vw, 600px\" \/><\/p>\n<p style=\"text-align: center;\">An Schnee mangelt es nicht.<\/p>\n<p style=\"text-align: center;\"><img loading=\"lazy\" class=\"alignnone size-full wp-image-1409\" src=\"http:\/\/www.martinstrattner.de\/fotoblog\/wp-content\/uploads\/2013\/01\/Skiurlaub13-13.jpg\" alt=\"Skiurlaub13-13\" width=\"600\" height=\"450\" srcset=\"http:\/\/www.martinstrattner.de\/fotoblog\/wp-content\/uploads\/2013\/01\/Skiurlaub13-13.jpg 600w, http:\/\/www.martinstrattner.de\/fotoblog\/wp-content\/uploads\/2013\/01\/Skiurlaub13-13-288x216.jpg 288w, http:\/\/www.martinstrattner.de\/fotoblog\/wp-content\/uploads\/2013\/01\/Skiurlaub13-13-494x370.jpg 494w\" sizes=\"(max-width: 600px) 100vw, 600px\" \/> <img loading=\"lazy\" class=\"alignnone size-full wp-image-1410\" src=\"http:\/\/www.martinstrattner.de\/fotoblog\/wp-content\/uploads\/2013\/01\/Skiurlaub13-14.jpg\" alt=\"Skiurlaub13-14\" width=\"600\" height=\"450\" srcset=\"http:\/\/www.martinstrattner.de\/fotoblog\/wp-content\/uploads\/2013\/01\/Skiurlaub13-14.jpg 600w, http:\/\/www.martinstrattner.de\/fotoblog\/wp-content\/uploads\/2013\/01\/Skiurlaub13-14-288x216.jpg 288w, http:\/\/www.martinstrattner.de\/fotoblog\/wp-content\/uploads\/2013\/01\/Skiurlaub13-14-494x370.jpg 494w\" sizes=\"(max-width: 600px) 100vw, 600px\" \/> <img loading=\"lazy\" class=\"alignnone size-full wp-image-1411\" src=\"http:\/\/www.martinstrattner.de\/fotoblog\/wp-content\/uploads\/2013\/01\/Skiurlaub13-15.jpg\" alt=\"Skiurlaub13-15\" width=\"600\" height=\"800\" srcset=\"http:\/\/www.martinstrattner.de\/fotoblog\/wp-content\/uploads\/2013\/01\/Skiurlaub13-15.jpg 600w, http:\/\/www.martinstrattner.de\/fotoblog\/wp-content\/uploads\/2013\/01\/Skiurlaub13-15-216x288.jpg 216w, http:\/\/www.martinstrattner.de\/fotoblog\/wp-content\/uploads\/2013\/01\/Skiurlaub13-15-370x494.jpg 370w, http:\/\/www.martinstrattner.de\/fotoblog\/wp-content\/uploads\/2013\/01\/Skiurlaub13-15-450x600.jpg 450w\" sizes=\"(max-width: 600px) 100vw, 600px\" \/> <img loading=\"lazy\" class=\"alignnone size-full wp-image-1412\" src=\"http:\/\/www.martinstrattner.de\/fotoblog\/wp-content\/uploads\/2013\/01\/Skiurlaub13-16.jpg\" alt=\"Skiurlaub13-16\" width=\"600\" height=\"803\" srcset=\"http:\/\/www.martinstrattner.de\/fotoblog\/wp-content\/uploads\/2013\/01\/Skiurlaub13-16.jpg 600w, http:\/\/www.martinstrattner.de\/fotoblog\/wp-content\/uploads\/2013\/01\/Skiurlaub13-16-215x288.jpg 215w, http:\/\/www.martinstrattner.de\/fotoblog\/wp-content\/uploads\/2013\/01\/Skiurlaub13-16-369x494.jpg 369w, http:\/\/www.martinstrattner.de\/fotoblog\/wp-content\/uploads\/2013\/01\/Skiurlaub13-16-448x600.jpg 448w\" sizes=\"(max-width: 600px) 100vw, 600px\" \/> <img loading=\"lazy\" class=\"alignnone size-full wp-image-1414\" src=\"http:\/\/www.martinstrattner.de\/fotoblog\/wp-content\/uploads\/2013\/01\/Skiurlaub13-18.jpg\" alt=\"Skiurlaub13-18\" width=\"600\" height=\"448\" srcset=\"http:\/\/www.martinstrattner.de\/fotoblog\/wp-content\/uploads\/2013\/01\/Skiurlaub13-18.jpg 600w, http:\/\/www.martinstrattner.de\/fotoblog\/wp-content\/uploads\/2013\/01\/Skiurlaub13-18-288x215.jpg 288w, http:\/\/www.martinstrattner.de\/fotoblog\/wp-content\/uploads\/2013\/01\/Skiurlaub13-18-494x368.jpg 494w\" sizes=\"(max-width: 600px) 100vw, 600px\" \/> <img loading=\"lazy\" class=\"alignnone size-full wp-image-1415\" src=\"http:\/\/www.martinstrattner.de\/fotoblog\/wp-content\/uploads\/2013\/01\/Skiurlaub13-19.jpg\" alt=\"Skiurlaub13-19\" width=\"600\" height=\"448\" srcset=\"http:\/\/www.martinstrattner.de\/fotoblog\/wp-content\/uploads\/2013\/01\/Skiurlaub13-19.jpg 600w, http:\/\/www.martinstrattner.de\/fotoblog\/wp-content\/uploads\/2013\/01\/Skiurlaub13-19-288x215.jpg 288w, http:\/\/www.martinstrattner.de\/fotoblog\/wp-content\/uploads\/2013\/01\/Skiurlaub13-19-494x368.jpg 494w\" sizes=\"(max-width: 600px) 100vw, 600px\" \/> <img loading=\"lazy\" class=\"alignnone size-full wp-image-1416\" src=\"http:\/\/www.martinstrattner.de\/fotoblog\/wp-content\/uploads\/2013\/01\/Skiurlaub13-20.jpg\" alt=\"Skiurlaub13-20\" width=\"600\" height=\"803\" srcset=\"http:\/\/www.martinstrattner.de\/fotoblog\/wp-content\/uploads\/2013\/01\/Skiurlaub13-20.jpg 600w, http:\/\/www.martinstrattner.de\/fotoblog\/wp-content\/uploads\/2013\/01\/Skiurlaub13-20-215x288.jpg 215w, http:\/\/www.martinstrattner.de\/fotoblog\/wp-content\/uploads\/2013\/01\/Skiurlaub13-20-369x494.jpg 369w, http:\/\/www.martinstrattner.de\/fotoblog\/wp-content\/uploads\/2013\/01\/Skiurlaub13-20-448x600.jpg 448w\" sizes=\"(max-width: 600px) 100vw, 600px\" \/> <img loading=\"lazy\" class=\"alignnone size-full wp-image-1417\" src=\"http:\/\/www.martinstrattner.de\/fotoblog\/wp-content\/uploads\/2013\/01\/Skiurlaub13-21.jpg\" alt=\"Skiurlaub13-21\" width=\"600\" height=\"800\" srcset=\"http:\/\/www.martinstrattner.de\/fotoblog\/wp-content\/uploads\/2013\/01\/Skiurlaub13-21.jpg 600w, http:\/\/www.martinstrattner.de\/fotoblog\/wp-content\/uploads\/2013\/01\/Skiurlaub13-21-216x288.jpg 216w, http:\/\/www.martinstrattner.de\/fotoblog\/wp-content\/uploads\/2013\/01\/Skiurlaub13-21-370x494.jpg 370w, http:\/\/www.martinstrattner.de\/fotoblog\/wp-content\/uploads\/2013\/01\/Skiurlaub13-21-450x600.jpg 450w\" sizes=\"(max-width: 600px) 100vw, 600px\" \/><\/p>\n<p style=\"text-align: center;\">Mittags fahren wir immer die gleiche H\u00fctte an. Wo es Espresso und Schnaps gibt, und einen Ausblick, der aussieht als h\u00e4tte jemand nicht Glas, sondern Fototapete in den Holzrahmen befestigt.<img loading=\"lazy\" class=\"alignnone size-full wp-image-1418\" src=\"http:\/\/www.martinstrattner.de\/fotoblog\/wp-content\/uploads\/2013\/01\/Skiurlaub13-22.jpg\" alt=\"Skiurlaub13-22\" width=\"600\" height=\"450\" srcset=\"http:\/\/www.martinstrattner.de\/fotoblog\/wp-content\/uploads\/2013\/01\/Skiurlaub13-22.jpg 600w, http:\/\/www.martinstrattner.de\/fotoblog\/wp-content\/uploads\/2013\/01\/Skiurlaub13-22-288x216.jpg 288w, http:\/\/www.martinstrattner.de\/fotoblog\/wp-content\/uploads\/2013\/01\/Skiurlaub13-22-494x370.jpg 494w\" sizes=\"(max-width: 600px) 100vw, 600px\" \/> <img loading=\"lazy\" class=\"alignnone size-full wp-image-1419\" src=\"http:\/\/www.martinstrattner.de\/fotoblog\/wp-content\/uploads\/2013\/01\/Skiurlaub13-23.jpg\" alt=\"Skiurlaub13-23\" width=\"600\" height=\"448\" srcset=\"http:\/\/www.martinstrattner.de\/fotoblog\/wp-content\/uploads\/2013\/01\/Skiurlaub13-23.jpg 600w, http:\/\/www.martinstrattner.de\/fotoblog\/wp-content\/uploads\/2013\/01\/Skiurlaub13-23-288x215.jpg 288w, http:\/\/www.martinstrattner.de\/fotoblog\/wp-content\/uploads\/2013\/01\/Skiurlaub13-23-494x368.jpg 494w\" sizes=\"(max-width: 600px) 100vw, 600px\" \/> <img loading=\"lazy\" class=\"alignnone size-full wp-image-1420\" src=\"http:\/\/www.martinstrattner.de\/fotoblog\/wp-content\/uploads\/2013\/01\/Skiurlaub13-24.jpg\" alt=\"Skiurlaub13-24\" width=\"600\" height=\"450\" srcset=\"http:\/\/www.martinstrattner.de\/fotoblog\/wp-content\/uploads\/2013\/01\/Skiurlaub13-24.jpg 600w, http:\/\/www.martinstrattner.de\/fotoblog\/wp-content\/uploads\/2013\/01\/Skiurlaub13-24-288x216.jpg 288w, http:\/\/www.martinstrattner.de\/fotoblog\/wp-content\/uploads\/2013\/01\/Skiurlaub13-24-494x370.jpg 494w\" sizes=\"(max-width: 600px) 100vw, 600px\" \/> <img loading=\"lazy\" class=\"alignnone size-full wp-image-1421\" src=\"http:\/\/www.martinstrattner.de\/fotoblog\/wp-content\/uploads\/2013\/01\/Skiurlaub13-25.jpg\" alt=\"Skiurlaub13-25\" width=\"600\" height=\"400\" srcset=\"http:\/\/www.martinstrattner.de\/fotoblog\/wp-content\/uploads\/2013\/01\/Skiurlaub13-25.jpg 600w, http:\/\/www.martinstrattner.de\/fotoblog\/wp-content\/uploads\/2013\/01\/Skiurlaub13-25-288x192.jpg 288w, http:\/\/www.martinstrattner.de\/fotoblog\/wp-content\/uploads\/2013\/01\/Skiurlaub13-25-494x329.jpg 494w\" sizes=\"(max-width: 600px) 100vw, 600px\" \/> <img loading=\"lazy\" class=\"alignnone size-full wp-image-1422\" src=\"http:\/\/www.martinstrattner.de\/fotoblog\/wp-content\/uploads\/2013\/01\/Skiurlaub13-26.jpg\" alt=\"Skiurlaub13-26\" width=\"600\" height=\"448\" srcset=\"http:\/\/www.martinstrattner.de\/fotoblog\/wp-content\/uploads\/2013\/01\/Skiurlaub13-26.jpg 600w, http:\/\/www.martinstrattner.de\/fotoblog\/wp-content\/uploads\/2013\/01\/Skiurlaub13-26-288x215.jpg 288w, http:\/\/www.martinstrattner.de\/fotoblog\/wp-content\/uploads\/2013\/01\/Skiurlaub13-26-494x368.jpg 494w\" sizes=\"(max-width: 600px) 100vw, 600px\" \/> <img loading=\"lazy\" class=\"alignnone size-full wp-image-1423\" src=\"http:\/\/www.martinstrattner.de\/fotoblog\/wp-content\/uploads\/2013\/01\/Skiurlaub13-27.jpg\" alt=\"Skiurlaub13-27\" width=\"600\" height=\"450\" srcset=\"http:\/\/www.martinstrattner.de\/fotoblog\/wp-content\/uploads\/2013\/01\/Skiurlaub13-27.jpg 600w, http:\/\/www.martinstrattner.de\/fotoblog\/wp-content\/uploads\/2013\/01\/Skiurlaub13-27-288x216.jpg 288w, http:\/\/www.martinstrattner.de\/fotoblog\/wp-content\/uploads\/2013\/01\/Skiurlaub13-27-494x370.jpg 494w\" sizes=\"(max-width: 600px) 100vw, 600px\" \/> <img loading=\"lazy\" class=\"alignnone size-full wp-image-1424\" src=\"http:\/\/www.martinstrattner.de\/fotoblog\/wp-content\/uploads\/2013\/01\/Skiurlaub13-28.jpg\" alt=\"Skiurlaub13-28\" width=\"600\" height=\"450\" srcset=\"http:\/\/www.martinstrattner.de\/fotoblog\/wp-content\/uploads\/2013\/01\/Skiurlaub13-28.jpg 600w, http:\/\/www.martinstrattner.de\/fotoblog\/wp-content\/uploads\/2013\/01\/Skiurlaub13-28-288x216.jpg 288w, http:\/\/www.martinstrattner.de\/fotoblog\/wp-content\/uploads\/2013\/01\/Skiurlaub13-28-494x370.jpg 494w\" sizes=\"(max-width: 600px) 100vw, 600px\" \/> <img loading=\"lazy\" class=\"alignnone size-full wp-image-1425\" src=\"http:\/\/www.martinstrattner.de\/fotoblog\/wp-content\/uploads\/2013\/01\/Skiurlaub13-29.jpg\" alt=\"Skiurlaub13-29\" width=\"600\" height=\"448\" srcset=\"http:\/\/www.martinstrattner.de\/fotoblog\/wp-content\/uploads\/2013\/01\/Skiurlaub13-29.jpg 600w, http:\/\/www.martinstrattner.de\/fotoblog\/wp-content\/uploads\/2013\/01\/Skiurlaub13-29-288x215.jpg 288w, http:\/\/www.martinstrattner.de\/fotoblog\/wp-content\/uploads\/2013\/01\/Skiurlaub13-29-494x368.jpg 494w\" sizes=\"(max-width: 600px) 100vw, 600px\" \/> <img loading=\"lazy\" class=\"alignnone size-full wp-image-1426\" src=\"http:\/\/www.martinstrattner.de\/fotoblog\/wp-content\/uploads\/2013\/01\/Skiurlaub13-30.jpg\" alt=\"Skiurlaub13-30\" width=\"600\" height=\"115\" srcset=\"http:\/\/www.martinstrattner.de\/fotoblog\/wp-content\/uploads\/2013\/01\/Skiurlaub13-30.jpg 600w, http:\/\/www.martinstrattner.de\/fotoblog\/wp-content\/uploads\/2013\/01\/Skiurlaub13-30-288x55.jpg 288w, http:\/\/www.martinstrattner.de\/fotoblog\/wp-content\/uploads\/2013\/01\/Skiurlaub13-30-494x94.jpg 494w\" sizes=\"(max-width: 600px) 100vw, 600px\" \/><\/p>\n<p style=\"text-align: center;\">Und wenn man die Aussicht bisher schon\u00a0grandios\u00a0fand, dann wird sie mit jeder Liftauffahrt Richtung K\u00f6lner H\u00fctte immer noch toller. Dort angekommen, so:<\/p>\n<p style=\"text-align: center;\"><img loading=\"lazy\" class=\"alignnone size-full wp-image-1427\" src=\"http:\/\/www.martinstrattner.de\/fotoblog\/wp-content\/uploads\/2013\/01\/Skiurlaub13-31.jpg\" alt=\"Skiurlaub13-31\" width=\"600\" height=\"450\" srcset=\"http:\/\/www.martinstrattner.de\/fotoblog\/wp-content\/uploads\/2013\/01\/Skiurlaub13-31.jpg 600w, http:\/\/www.martinstrattner.de\/fotoblog\/wp-content\/uploads\/2013\/01\/Skiurlaub13-31-288x216.jpg 288w, http:\/\/www.martinstrattner.de\/fotoblog\/wp-content\/uploads\/2013\/01\/Skiurlaub13-31-494x370.jpg 494w\" sizes=\"(max-width: 600px) 100vw, 600px\" \/> <img loading=\"lazy\" class=\"alignnone size-full wp-image-1428\" src=\"http:\/\/www.martinstrattner.de\/fotoblog\/wp-content\/uploads\/2013\/01\/Skiurlaub13-32.jpg\" alt=\"Skiurlaub13-32\" width=\"600\" height=\"169\" srcset=\"http:\/\/www.martinstrattner.de\/fotoblog\/wp-content\/uploads\/2013\/01\/Skiurlaub13-32.jpg 600w, http:\/\/www.martinstrattner.de\/fotoblog\/wp-content\/uploads\/2013\/01\/Skiurlaub13-32-288x81.jpg 288w, http:\/\/www.martinstrattner.de\/fotoblog\/wp-content\/uploads\/2013\/01\/Skiurlaub13-32-494x139.jpg 494w\" sizes=\"(max-width: 600px) 100vw, 600px\" \/> <img loading=\"lazy\" class=\"alignnone size-full wp-image-1429\" src=\"http:\/\/www.martinstrattner.de\/fotoblog\/wp-content\/uploads\/2013\/01\/Skiurlaub13-33.jpg\" alt=\"Skiurlaub13-33\" width=\"600\" height=\"450\" srcset=\"http:\/\/www.martinstrattner.de\/fotoblog\/wp-content\/uploads\/2013\/01\/Skiurlaub13-33.jpg 600w, http:\/\/www.martinstrattner.de\/fotoblog\/wp-content\/uploads\/2013\/01\/Skiurlaub13-33-288x216.jpg 288w, http:\/\/www.martinstrattner.de\/fotoblog\/wp-content\/uploads\/2013\/01\/Skiurlaub13-33-494x370.jpg 494w\" sizes=\"(max-width: 600px) 100vw, 600px\" \/> <img loading=\"lazy\" class=\"alignnone size-full wp-image-1430\" src=\"http:\/\/www.martinstrattner.de\/fotoblog\/wp-content\/uploads\/2013\/01\/Skiurlaub13-34.jpg\" alt=\"Skiurlaub13-34\" width=\"600\" height=\"450\" srcset=\"http:\/\/www.martinstrattner.de\/fotoblog\/wp-content\/uploads\/2013\/01\/Skiurlaub13-34.jpg 600w, http:\/\/www.martinstrattner.de\/fotoblog\/wp-content\/uploads\/2013\/01\/Skiurlaub13-34-288x216.jpg 288w, http:\/\/www.martinstrattner.de\/fotoblog\/wp-content\/uploads\/2013\/01\/Skiurlaub13-34-494x370.jpg 494w\" sizes=\"(max-width: 600px) 100vw, 600px\" \/> <img loading=\"lazy\" class=\"alignnone size-full wp-image-1431\" src=\"http:\/\/www.martinstrattner.de\/fotoblog\/wp-content\/uploads\/2013\/01\/Skiurlaub13-35.jpg\" alt=\"Skiurlaub13-35\" width=\"600\" height=\"450\" srcset=\"http:\/\/www.martinstrattner.de\/fotoblog\/wp-content\/uploads\/2013\/01\/Skiurlaub13-35.jpg 600w, http:\/\/www.martinstrattner.de\/fotoblog\/wp-content\/uploads\/2013\/01\/Skiurlaub13-35-288x216.jpg 288w, http:\/\/www.martinstrattner.de\/fotoblog\/wp-content\/uploads\/2013\/01\/Skiurlaub13-35-494x370.jpg 494w\" sizes=\"(max-width: 600px) 100vw, 600px\" \/><\/p>\n<p style=\"text-align: center;\">Vor der letzten Abfahrt gibt&#8217;s eine hei\u00dfe Schokolade in der K\u00f6lner H\u00fctte. Dort wird, wie immer (nervt&#8217;s schon?) die Aussicht bewundert. Diesmal ist es aber schwer sich nur auf die Natur zu konzentrieren, der Wirt dieser H\u00fctte setzt mit seinem Auswahlprozess bei der Einstellung der Mitarbeiterinnen einiges dagegen. Wenn dann die Sonne sehr tief steht, wir noch 15 Minuten haben bis der wichtige Lift, den wir unbedingt brauchen um Heim zu kommen, schlie\u00dft, kommt der H\u00f6hepunkt des Tages. Gegen die Sonne den Berg runter, Flares im Gesicht, \u00fcber den B\u00e4umen steigt schon Nebel auf.<\/p>\n<p style=\"text-align: center;\">\u00a0<img loading=\"lazy\" class=\"alignnone size-full wp-image-1432\" src=\"http:\/\/www.martinstrattner.de\/fotoblog\/wp-content\/uploads\/2013\/01\/Skiurlaub13-36.jpg\" alt=\"Skiurlaub13-36\" width=\"600\" height=\"600\" srcset=\"http:\/\/www.martinstrattner.de\/fotoblog\/wp-content\/uploads\/2013\/01\/Skiurlaub13-36.jpg 600w, http:\/\/www.martinstrattner.de\/fotoblog\/wp-content\/uploads\/2013\/01\/Skiurlaub13-36-188x188.jpg 188w, http:\/\/www.martinstrattner.de\/fotoblog\/wp-content\/uploads\/2013\/01\/Skiurlaub13-36-288x288.jpg 288w, http:\/\/www.martinstrattner.de\/fotoblog\/wp-content\/uploads\/2013\/01\/Skiurlaub13-36-494x494.jpg 494w, http:\/\/www.martinstrattner.de\/fotoblog\/wp-content\/uploads\/2013\/01\/Skiurlaub13-36-88x88.jpg 88w\" sizes=\"(max-width: 600px) 100vw, 600px\" \/> <img loading=\"lazy\" class=\"alignnone size-full wp-image-1433\" src=\"http:\/\/www.martinstrattner.de\/fotoblog\/wp-content\/uploads\/2013\/01\/Skiurlaub13-37.jpg\" alt=\"Skiurlaub13-37\" width=\"600\" height=\"800\" srcset=\"http:\/\/www.martinstrattner.de\/fotoblog\/wp-content\/uploads\/2013\/01\/Skiurlaub13-37.jpg 600w, http:\/\/www.martinstrattner.de\/fotoblog\/wp-content\/uploads\/2013\/01\/Skiurlaub13-37-216x288.jpg 216w, http:\/\/www.martinstrattner.de\/fotoblog\/wp-content\/uploads\/2013\/01\/Skiurlaub13-37-370x494.jpg 370w, http:\/\/www.martinstrattner.de\/fotoblog\/wp-content\/uploads\/2013\/01\/Skiurlaub13-37-450x600.jpg 450w\" sizes=\"(max-width: 600px) 100vw, 600px\" \/> <img loading=\"lazy\" class=\"alignnone size-full wp-image-1434\" src=\"http:\/\/www.martinstrattner.de\/fotoblog\/wp-content\/uploads\/2013\/01\/Skiurlaub13-38.jpg\" alt=\"Skiurlaub13-38\" width=\"600\" height=\"800\" srcset=\"http:\/\/www.martinstrattner.de\/fotoblog\/wp-content\/uploads\/2013\/01\/Skiurlaub13-38.jpg 600w, http:\/\/www.martinstrattner.de\/fotoblog\/wp-content\/uploads\/2013\/01\/Skiurlaub13-38-216x288.jpg 216w, http:\/\/www.martinstrattner.de\/fotoblog\/wp-content\/uploads\/2013\/01\/Skiurlaub13-38-370x494.jpg 370w, http:\/\/www.martinstrattner.de\/fotoblog\/wp-content\/uploads\/2013\/01\/Skiurlaub13-38-450x600.jpg 450w\" sizes=\"(max-width: 600px) 100vw, 600px\" \/><\/p>\n<p style=\"text-align: center;\">Vom letzten Lift aus f\u00e4hrt man an meinem\u00a0Lieblingsmotiv vorbei. Ein Stadl in einem immer unber\u00fchrten Schneefeld. Das Motiv von dem ich das erste &#8222;gute&#8220; Foto geschossen habe. Vor acht Jahren &#8211; \u00a0<a href=\"http:\/\/www.flickr.com\/photos\/moertl\/363293315\/in\/photostream\">der erste Upload in meinen Flickr-Stream<\/a>.<\/p>\n<p style=\"text-align: center;\">\u00a0<img loading=\"lazy\" class=\"alignnone size-full wp-image-1435\" src=\"http:\/\/www.martinstrattner.de\/fotoblog\/wp-content\/uploads\/2013\/01\/Skiurlaub13-39.jpg\" alt=\"Skiurlaub13-39\" width=\"600\" height=\"450\" srcset=\"http:\/\/www.martinstrattner.de\/fotoblog\/wp-content\/uploads\/2013\/01\/Skiurlaub13-39.jpg 600w, http:\/\/www.martinstrattner.de\/fotoblog\/wp-content\/uploads\/2013\/01\/Skiurlaub13-39-288x216.jpg 288w, http:\/\/www.martinstrattner.de\/fotoblog\/wp-content\/uploads\/2013\/01\/Skiurlaub13-39-494x370.jpg 494w\" sizes=\"(max-width: 600px) 100vw, 600px\" \/> <img loading=\"lazy\" class=\"alignnone size-full wp-image-1436\" src=\"http:\/\/www.martinstrattner.de\/fotoblog\/wp-content\/uploads\/2013\/01\/Skiurlaub13-40.jpg\" alt=\"Skiurlaub13-40\" width=\"600\" height=\"450\" srcset=\"http:\/\/www.martinstrattner.de\/fotoblog\/wp-content\/uploads\/2013\/01\/Skiurlaub13-40.jpg 600w, http:\/\/www.martinstrattner.de\/fotoblog\/wp-content\/uploads\/2013\/01\/Skiurlaub13-40-288x216.jpg 288w, http:\/\/www.martinstrattner.de\/fotoblog\/wp-content\/uploads\/2013\/01\/Skiurlaub13-40-494x370.jpg 494w\" sizes=\"(max-width: 600px) 100vw, 600px\" \/><\/p>\n<p style=\"text-align: center;\"><iframe loading=\"lazy\" src=\"http:\/\/player.vimeo.com\/video\/58649826?portrait=0\" width=\"600\" height=\"338\" frameborder=\"0\" allowfullscreen=\"allowfullscreen\"><\/iframe><\/p>\n<p style=\"text-align: center;\">Der Abend bietet zwei M\u00f6glichkeiten. Entweder daheim Essen. Gem\u00fctlich, das Haus nicht mehr verlassen m\u00fcssen, nur hier ist es einigerma\u00dfen akzeptabel modische S\u00fcnden wie (angeblich unglaublich bequeme) Einteiler aus Fleece, mit\u00a0Rei\u00dfverschluss\u00a0vom Schritt bis \u00fcber den Kopf, tragen zu k\u00f6nnen. Die Familie verzeiht alles :)<\/p>\n<p style=\"text-align: center;\">Die zweite Option ist ein Spaziergang zur Pizzeria. Daf\u00fcr muss man sich einigerma\u00dfen akzeptabel anziehen (Nachteil) aber man bekommt nach dem Essen ein gro\u00dfes Glas mit &#8222;Schluckimpfung&#8220; auf den Tisch gestellt (Vorteil). Ein eigentlich ungenie\u00dfbarer Alkohol trifft auf irgendetwas Geschmack-gebendes (Orangenschalen oder Minze oder Kr\u00e4uter oder sonstige K\u00fcchenabf\u00e4lle) und darin sind gro\u00dfe Zuckerw\u00fcrfel versenkt. Die Zuckerw\u00fcrfel fischt man raus, legt sie auf die Zunge, bei\u00dft, und lustiges Gesicht.<\/p>\n<p style=\"text-align: center;\"><img loading=\"lazy\" class=\"alignnone size-full wp-image-1437\" src=\"http:\/\/www.martinstrattner.de\/fotoblog\/wp-content\/uploads\/2013\/01\/Skiurlaub13-41.jpg\" alt=\"Skiurlaub13-41\" width=\"600\" height=\"800\" srcset=\"http:\/\/www.martinstrattner.de\/fotoblog\/wp-content\/uploads\/2013\/01\/Skiurlaub13-41.jpg 600w, http:\/\/www.martinstrattner.de\/fotoblog\/wp-content\/uploads\/2013\/01\/Skiurlaub13-41-216x288.jpg 216w, http:\/\/www.martinstrattner.de\/fotoblog\/wp-content\/uploads\/2013\/01\/Skiurlaub13-41-370x494.jpg 370w, http:\/\/www.martinstrattner.de\/fotoblog\/wp-content\/uploads\/2013\/01\/Skiurlaub13-41-450x600.jpg 450w\" sizes=\"(max-width: 600px) 100vw, 600px\" \/> <img loading=\"lazy\" class=\"alignnone size-full wp-image-1438\" src=\"http:\/\/www.martinstrattner.de\/fotoblog\/wp-content\/uploads\/2013\/01\/Skiurlaub13-42.jpg\" alt=\"Skiurlaub13-42\" width=\"600\" height=\"800\" srcset=\"http:\/\/www.martinstrattner.de\/fotoblog\/wp-content\/uploads\/2013\/01\/Skiurlaub13-42.jpg 600w, http:\/\/www.martinstrattner.de\/fotoblog\/wp-content\/uploads\/2013\/01\/Skiurlaub13-42-216x288.jpg 216w, http:\/\/www.martinstrattner.de\/fotoblog\/wp-content\/uploads\/2013\/01\/Skiurlaub13-42-370x494.jpg 370w, http:\/\/www.martinstrattner.de\/fotoblog\/wp-content\/uploads\/2013\/01\/Skiurlaub13-42-450x600.jpg 450w\" sizes=\"(max-width: 600px) 100vw, 600px\" \/><img loading=\"lazy\" class=\"alignnone size-full wp-image-1439\" src=\"http:\/\/www.martinstrattner.de\/fotoblog\/wp-content\/uploads\/2013\/01\/Skiurlaub13-43.jpg\" alt=\"Skiurlaub13-43\" width=\"600\" height=\"397\" srcset=\"http:\/\/www.martinstrattner.de\/fotoblog\/wp-content\/uploads\/2013\/01\/Skiurlaub13-43.jpg 600w, http:\/\/www.martinstrattner.de\/fotoblog\/wp-content\/uploads\/2013\/01\/Skiurlaub13-43-288x190.jpg 288w, http:\/\/www.martinstrattner.de\/fotoblog\/wp-content\/uploads\/2013\/01\/Skiurlaub13-43-494x326.jpg 494w\" sizes=\"(max-width: 600px) 100vw, 600px\" \/><\/p>\n<p style=\"text-align: center;\">Am dritten Tag da sollst du ruhen, oder eine Schlittenfahrt machen. Runter in den Ort. Zum <a href=\"http:\/\/www.grandhotelcarezza.it\/htmluk\/index.html\">Grand<\/a> <a href=\"https:\/\/maps.google.com\/maps?hl=de&amp;safe=off&amp;ie=UTF-8&amp;q=carezza+grand+hotel&amp;fb=1&amp;hq=carezza+grand+hotel&amp;cid=0,0,1760006638965354874&amp;ei=XLIKUcPnDNDntQbzoYGIBg&amp;sqi=2&amp;ved=0CIMCEPwSMAA\">Hotel<\/a>. Was aussieht wie aus einem James Bond Film.<\/p>\n<p style=\"text-align: center;\"><img loading=\"lazy\" class=\"alignnone size-full wp-image-1440\" src=\"http:\/\/www.martinstrattner.de\/fotoblog\/wp-content\/uploads\/2013\/01\/Skiurlaub13-44.jpg\" alt=\"Skiurlaub13-44\" width=\"600\" height=\"448\" srcset=\"http:\/\/www.martinstrattner.de\/fotoblog\/wp-content\/uploads\/2013\/01\/Skiurlaub13-44.jpg 600w, http:\/\/www.martinstrattner.de\/fotoblog\/wp-content\/uploads\/2013\/01\/Skiurlaub13-44-288x215.jpg 288w, http:\/\/www.martinstrattner.de\/fotoblog\/wp-content\/uploads\/2013\/01\/Skiurlaub13-44-494x368.jpg 494w\" sizes=\"(max-width: 600px) 100vw, 600px\" \/><\/p>\n<p style=\"text-align: center;\"><iframe loading=\"lazy\" src=\"http:\/\/player.vimeo.com\/video\/58621824?portrait=0\" width=\"600\" height=\"337\" frameborder=\"0\" allowfullscreen=\"allowfullscreen\"><\/iframe><\/p>\n<p style=\"text-align: center;\"><img loading=\"lazy\" class=\"alignnone size-full wp-image-1441\" src=\"http:\/\/www.martinstrattner.de\/fotoblog\/wp-content\/uploads\/2013\/01\/Skiurlaub13-45.jpg\" alt=\"Skiurlaub13-45\" width=\"600\" height=\"800\" srcset=\"http:\/\/www.martinstrattner.de\/fotoblog\/wp-content\/uploads\/2013\/01\/Skiurlaub13-45.jpg 600w, http:\/\/www.martinstrattner.de\/fotoblog\/wp-content\/uploads\/2013\/01\/Skiurlaub13-45-216x288.jpg 216w, http:\/\/www.martinstrattner.de\/fotoblog\/wp-content\/uploads\/2013\/01\/Skiurlaub13-45-370x494.jpg 370w, http:\/\/www.martinstrattner.de\/fotoblog\/wp-content\/uploads\/2013\/01\/Skiurlaub13-45-450x600.jpg 450w\" sizes=\"(max-width: 600px) 100vw, 600px\" \/> <img loading=\"lazy\" class=\"alignnone size-full wp-image-1442\" src=\"http:\/\/www.martinstrattner.de\/fotoblog\/wp-content\/uploads\/2013\/01\/Skiurlaub13-46.jpg\" alt=\"Skiurlaub13-46\" width=\"600\" height=\"450\" srcset=\"http:\/\/www.martinstrattner.de\/fotoblog\/wp-content\/uploads\/2013\/01\/Skiurlaub13-46.jpg 600w, http:\/\/www.martinstrattner.de\/fotoblog\/wp-content\/uploads\/2013\/01\/Skiurlaub13-46-288x216.jpg 288w, http:\/\/www.martinstrattner.de\/fotoblog\/wp-content\/uploads\/2013\/01\/Skiurlaub13-46-494x370.jpg 494w\" sizes=\"(max-width: 600px) 100vw, 600px\" \/> <img loading=\"lazy\" class=\"alignnone size-full wp-image-1443\" src=\"http:\/\/www.martinstrattner.de\/fotoblog\/wp-content\/uploads\/2013\/01\/Skiurlaub13-47.jpg\" alt=\"Skiurlaub13-47\" width=\"600\" height=\"450\" srcset=\"http:\/\/www.martinstrattner.de\/fotoblog\/wp-content\/uploads\/2013\/01\/Skiurlaub13-47.jpg 600w, http:\/\/www.martinstrattner.de\/fotoblog\/wp-content\/uploads\/2013\/01\/Skiurlaub13-47-288x216.jpg 288w, http:\/\/www.martinstrattner.de\/fotoblog\/wp-content\/uploads\/2013\/01\/Skiurlaub13-47-494x370.jpg 494w\" sizes=\"(max-width: 600px) 100vw, 600px\" \/> <img loading=\"lazy\" class=\"alignnone size-full wp-image-1444\" src=\"http:\/\/www.martinstrattner.de\/fotoblog\/wp-content\/uploads\/2013\/01\/Skiurlaub13-48.jpg\" alt=\"Skiurlaub13-48\" width=\"600\" height=\"800\" srcset=\"http:\/\/www.martinstrattner.de\/fotoblog\/wp-content\/uploads\/2013\/01\/Skiurlaub13-48.jpg 600w, http:\/\/www.martinstrattner.de\/fotoblog\/wp-content\/uploads\/2013\/01\/Skiurlaub13-48-216x288.jpg 216w, http:\/\/www.martinstrattner.de\/fotoblog\/wp-content\/uploads\/2013\/01\/Skiurlaub13-48-370x494.jpg 370w, http:\/\/www.martinstrattner.de\/fotoblog\/wp-content\/uploads\/2013\/01\/Skiurlaub13-48-450x600.jpg 450w\" sizes=\"(max-width: 600px) 100vw, 600px\" \/> <img loading=\"lazy\" class=\"alignnone size-full wp-image-1445\" src=\"http:\/\/www.martinstrattner.de\/fotoblog\/wp-content\/uploads\/2013\/01\/Skiurlaub13-491.jpg\" alt=\"Skiurlaub13-491\" width=\"600\" height=\"450\" \/> <img loading=\"lazy\" class=\"alignnone size-full wp-image-1446\" src=\"http:\/\/www.martinstrattner.de\/fotoblog\/wp-content\/uploads\/2013\/01\/Skiurlaub13-50.jpg\" alt=\"Skiurlaub13-50\" width=\"600\" height=\"803\" srcset=\"http:\/\/www.martinstrattner.de\/fotoblog\/wp-content\/uploads\/2013\/01\/Skiurlaub13-50.jpg 600w, http:\/\/www.martinstrattner.de\/fotoblog\/wp-content\/uploads\/2013\/01\/Skiurlaub13-50-215x288.jpg 215w, http:\/\/www.martinstrattner.de\/fotoblog\/wp-content\/uploads\/2013\/01\/Skiurlaub13-50-369x494.jpg 369w, http:\/\/www.martinstrattner.de\/fotoblog\/wp-content\/uploads\/2013\/01\/Skiurlaub13-50-448x600.jpg 448w\" sizes=\"(max-width: 600px) 100vw, 600px\" \/> <img loading=\"lazy\" class=\"alignnone size-full wp-image-1447\" src=\"http:\/\/www.martinstrattner.de\/fotoblog\/wp-content\/uploads\/2013\/01\/Skiurlaub13-512.jpg\" alt=\"Skiurlaub13-512\" width=\"600\" height=\"450\" \/> <img loading=\"lazy\" class=\"alignnone size-full wp-image-1448\" src=\"http:\/\/www.martinstrattner.de\/fotoblog\/wp-content\/uploads\/2013\/01\/Skiurlaub13-52.jpg\" alt=\"Skiurlaub13-52\" width=\"600\" height=\"803\" srcset=\"http:\/\/www.martinstrattner.de\/fotoblog\/wp-content\/uploads\/2013\/01\/Skiurlaub13-52.jpg 600w, http:\/\/www.martinstrattner.de\/fotoblog\/wp-content\/uploads\/2013\/01\/Skiurlaub13-52-215x288.jpg 215w, http:\/\/www.martinstrattner.de\/fotoblog\/wp-content\/uploads\/2013\/01\/Skiurlaub13-52-369x494.jpg 369w, http:\/\/www.martinstrattner.de\/fotoblog\/wp-content\/uploads\/2013\/01\/Skiurlaub13-52-448x600.jpg 448w\" sizes=\"(max-width: 600px) 100vw, 600px\" \/> <img loading=\"lazy\" class=\"alignnone size-full wp-image-1449\" src=\"http:\/\/www.martinstrattner.de\/fotoblog\/wp-content\/uploads\/2013\/01\/Skiurlaub13-53.jpg\" alt=\"Skiurlaub13-53\" width=\"600\" height=\"450\" srcset=\"http:\/\/www.martinstrattner.de\/fotoblog\/wp-content\/uploads\/2013\/01\/Skiurlaub13-53.jpg 600w, http:\/\/www.martinstrattner.de\/fotoblog\/wp-content\/uploads\/2013\/01\/Skiurlaub13-53-288x216.jpg 288w, http:\/\/www.martinstrattner.de\/fotoblog\/wp-content\/uploads\/2013\/01\/Skiurlaub13-53-494x370.jpg 494w\" sizes=\"(max-width: 600px) 100vw, 600px\" \/> <img loading=\"lazy\" class=\"alignnone size-full wp-image-1450\" src=\"http:\/\/www.martinstrattner.de\/fotoblog\/wp-content\/uploads\/2013\/01\/Skiurlaub13-54.jpg\" alt=\"Skiurlaub13-54\" width=\"600\" height=\"803\" srcset=\"http:\/\/www.martinstrattner.de\/fotoblog\/wp-content\/uploads\/2013\/01\/Skiurlaub13-54.jpg 600w, http:\/\/www.martinstrattner.de\/fotoblog\/wp-content\/uploads\/2013\/01\/Skiurlaub13-54-215x288.jpg 215w, http:\/\/www.martinstrattner.de\/fotoblog\/wp-content\/uploads\/2013\/01\/Skiurlaub13-54-369x494.jpg 369w, http:\/\/www.martinstrattner.de\/fotoblog\/wp-content\/uploads\/2013\/01\/Skiurlaub13-54-448x600.jpg 448w\" sizes=\"(max-width: 600px) 100vw, 600px\" \/> <img loading=\"lazy\" class=\"alignnone size-full wp-image-1451\" src=\"http:\/\/www.martinstrattner.de\/fotoblog\/wp-content\/uploads\/2013\/01\/Skiurlaub13-55.jpg\" alt=\"Skiurlaub13-55\" width=\"600\" height=\"448\" srcset=\"http:\/\/www.martinstrattner.de\/fotoblog\/wp-content\/uploads\/2013\/01\/Skiurlaub13-55.jpg 600w, http:\/\/www.martinstrattner.de\/fotoblog\/wp-content\/uploads\/2013\/01\/Skiurlaub13-55-288x215.jpg 288w, http:\/\/www.martinstrattner.de\/fotoblog\/wp-content\/uploads\/2013\/01\/Skiurlaub13-55-494x368.jpg 494w\" sizes=\"(max-width: 600px) 100vw, 600px\" \/> <img loading=\"lazy\" class=\"alignnone size-full wp-image-1452\" src=\"http:\/\/www.martinstrattner.de\/fotoblog\/wp-content\/uploads\/2013\/01\/Skiurlaub13-56.jpg\" alt=\"Skiurlaub13-56\" width=\"600\" height=\"803\" srcset=\"http:\/\/www.martinstrattner.de\/fotoblog\/wp-content\/uploads\/2013\/01\/Skiurlaub13-56.jpg 600w, http:\/\/www.martinstrattner.de\/fotoblog\/wp-content\/uploads\/2013\/01\/Skiurlaub13-56-215x288.jpg 215w, http:\/\/www.martinstrattner.de\/fotoblog\/wp-content\/uploads\/2013\/01\/Skiurlaub13-56-369x494.jpg 369w, http:\/\/www.martinstrattner.de\/fotoblog\/wp-content\/uploads\/2013\/01\/Skiurlaub13-56-448x600.jpg 448w\" sizes=\"(max-width: 600px) 100vw, 600px\" \/><img loading=\"lazy\" class=\"alignnone size-full wp-image-1454\" src=\"http:\/\/www.martinstrattner.de\/fotoblog\/wp-content\/uploads\/2013\/01\/Skiurlaub13-511.jpg\" alt=\"Skiurlaub13-511\" width=\"600\" height=\"450\" \/><br \/>\nNacht wird&#8217;s. Der HIMMEL! IMMER!<\/p>\n<p><img loading=\"lazy\" class=\"alignnone size-full wp-image-1455 aligncenter\" src=\"http:\/\/www.martinstrattner.de\/fotoblog\/wp-content\/uploads\/2013\/01\/Skiurlaub13-59.jpg\" alt=\"Skiurlaub13-59\" width=\"600\" height=\"450\" srcset=\"http:\/\/www.martinstrattner.de\/fotoblog\/wp-content\/uploads\/2013\/01\/Skiurlaub13-59.jpg 600w, http:\/\/www.martinstrattner.de\/fotoblog\/wp-content\/uploads\/2013\/01\/Skiurlaub13-59-288x216.jpg 288w, http:\/\/www.martinstrattner.de\/fotoblog\/wp-content\/uploads\/2013\/01\/Skiurlaub13-59-494x370.jpg 494w\" sizes=\"(max-width: 600px) 100vw, 600px\" \/><\/p>\n\n<!-- Facebook Like Button v1.9.6 BEGIN [http:\/\/blog.bottomlessinc.com] -->\n<fb:like href=\"http:\/\/www.martinstrattner.de\/fotoblog\/2013\/01\/skifoahrn-carezza\/\" layout=\"button_count\" show_faces=\"false\" width=\"450\" action=\"like\" colorscheme=\"light\"><\/fb:like>\n<!-- Facebook Like Button END -->\n<\/div><\/div>","protected":false},"excerpt":{"rendered":"<p>Seit unglaublich langer Zeit macht meine gesamte Familie zusammen Skiurlaub in Carezza, S\u00fcdtirol. Fr\u00fcher noch mit meinen Gro\u00dfeltern. Opa sorgte sich um den Kachelofen, von Oma wurden wir k\u00f6stlich verk\u00f6stigt. Das Haus von Bekannten in dem wir wohnen ist direkt an der Skipiste, 4 Schlafzimmer mit jeweils 2 Betten , Kachelofen, Sauna im Keller, es [&hellip;]<\/p>\n","protected":false},"author":1,"featured_media":1456,"comment_status":"open","ping_status":"open","sticky":false,"template":"","format":"standard","meta":{"spay_email":"","jetpack_publicize_message":""},"categories":[13,11,6],"tags":[],"jetpack_featured_media_url":"http:\/\/www.martinstrattner.de\/fotoblog\/wp-content\/uploads\/2013\/01\/Skiurlaub13-Titel.jpg","jetpack_publicize_connections":[],"jetpack_shortlink":"https:\/\/wp.me\/p2qpVl-mw","jetpack_sharing_enabled":true,"jetpack-related-posts":[],"_links":{"self":[{"href":"http:\/\/www.martinstrattner.de\/fotoblog\/wp-json\/wp\/v2\/posts\/1396"}],"collection":[{"href":"http:\/\/www.martinstrattner.de\/fotoblog\/wp-json\/wp\/v2\/posts"}],"about":[{"href":"http:\/\/www.martinstrattner.de\/fotoblog\/wp-json\/wp\/v2\/types\/post"}],"author":[{"embeddable":true,"href":"http:\/\/www.martinstrattner.de\/fotoblog\/wp-json\/wp\/v2\/users\/1"}],"replies":[{"embeddable":true,"href":"http:\/\/www.martinstrattner.de\/fotoblog\/wp-json\/wp\/v2\/comments?post=1396"}],"version-history":[{"count":18,"href":"http:\/\/www.martinstrattner.de\/fotoblog\/wp-json\/wp\/v2\/posts\/1396\/revisions"}],"predecessor-version":[{"id":5707,"href":"http:\/\/www.martinstrattner.de\/fotoblog\/wp-json\/wp\/v2\/posts\/1396\/revisions\/5707"}],"wp:featuredmedia":[{"embeddable":true,"href":"http:\/\/www.martinstrattner.de\/fotoblog\/wp-json\/wp\/v2\/media\/1456"}],"wp:attachment":[{"href":"http:\/\/www.martinstrattner.de\/fotoblog\/wp-json\/wp\/v2\/media?parent=1396"}],"wp:term":[{"taxonomy":"category","embeddable":true,"href":"http:\/\/www.martinstrattner.de\/fotoblog\/wp-json\/wp\/v2\/categories?post=1396"},{"taxonomy":"post_tag","embeddable":true,"href":"http:\/\/www.martinstrattner.de\/fotoblog\/wp-json\/wp\/v2\/tags?post=1396"}],"curies":[{"name":"wp","href":"https:\/\/api.w.org\/{rel}","templated":true}]}}