{"id":1070,"date":"2012-09-22T20:25:25","date_gmt":"2012-09-22T18:25:25","guid":{"rendered":"http:\/\/www.martinstrattner.de\/fotoblog\/?p=1070"},"modified":"2015-03-29T02:14:26","modified_gmt":"2015-03-29T01:14:26","slug":"canada-und-usa-9-philadelphia","status":"publish","type":"post","link":"http:\/\/www.martinstrattner.de\/fotoblog\/2012\/09\/canada-und-usa-9-philadelphia\/","title":{"rendered":"Canada und USA *9 (Philadelphia)"},"content":{"rendered":"<div id=\"dslc-theme-content\"><div id=\"dslc-theme-content-inner\"><p style=\"text-align: center;\">City of Love. Philadelpia. Da steht zumindest das ber\u00fchmte Kunstwerk. Au\u00dferdem wird Phily mir als die Stadt im Ged\u00e4chtnis bleiben in der der Parkplatz f\u00fcr das Auto (fast) so viel kostete wie unser Hotelzimmer.<\/p>\n<p style=\"text-align: center;\"><img loading=\"lazy\" id=\"blogsy-1348340956152.585\" class=\"alignnone size-full wp-image-1095\" src=\"http:\/\/www.martinstrattner.de\/fotoblog\/wp-content\/uploads\/2012\/09\/20120922-MartinStrattner-02.jpg\" alt=\"\" width=\"600\" height=\"600\" srcset=\"http:\/\/www.martinstrattner.de\/fotoblog\/wp-content\/uploads\/2012\/09\/20120922-MartinStrattner-02.jpg 600w, http:\/\/www.martinstrattner.de\/fotoblog\/wp-content\/uploads\/2012\/09\/20120922-MartinStrattner-02-188x188.jpg 188w, http:\/\/www.martinstrattner.de\/fotoblog\/wp-content\/uploads\/2012\/09\/20120922-MartinStrattner-02-288x288.jpg 288w, http:\/\/www.martinstrattner.de\/fotoblog\/wp-content\/uploads\/2012\/09\/20120922-MartinStrattner-02-494x494.jpg 494w, http:\/\/www.martinstrattner.de\/fotoblog\/wp-content\/uploads\/2012\/09\/20120922-MartinStrattner-02-88x88.jpg 88w\" sizes=\"(max-width: 600px) 100vw, 600px\" \/><\/p>\n<div class=\"separator\" style=\"clear: both; text-align: center;\">Ein Staubsaugerauto!<\/div>\n<div class=\"separator\" style=\"clear: both; text-align: center;\"><\/div>\n<div class=\"separator\" style=\"clear: both; text-align: center;\"><a href=\"http:\/\/www.martinstrattner.de\/fotoblog\/wp-content\/uploads\/2012\/09\/20120826-MartinStrattner-01.jpg\" target=\"_blank\"><img loading=\"lazy\" id=\"blogsy-1348340956077.489\" class=\"alignnone\" src=\"http:\/\/www.martinstrattner.de\/fotoblog\/wp-content\/uploads\/2012\/09\/20120826-MartinStrattner-01.jpg\" alt=\"\" width=\"600\" height=\"450\" \/><\/a><\/div>\n<div class=\"separator\" style=\"clear: both; text-align: center;\"><a href=\"http:\/\/www.martinstrattner.de\/fotoblog\/wp-content\/uploads\/2012\/09\/20120826-MartinStrattner-03.jpg\" target=\"_blank\"><img loading=\"lazy\" id=\"blogsy-1348340956115.167\" class=\"alignnone\" src=\"http:\/\/www.martinstrattner.de\/fotoblog\/wp-content\/uploads\/2012\/09\/20120826-MartinStrattner-03.jpg\" alt=\"\" width=\"600\" height=\"450\" \/><\/a><\/div>\n<div class=\"separator\" style=\"clear: both; text-align: center;\"><a href=\"http:\/\/www.martinstrattner.de\/fotoblog\/wp-content\/uploads\/2012\/09\/20120826-MartinStrattner-04.jpg\" target=\"_blank\"><img loading=\"lazy\" id=\"blogsy-1348340956168.11\" class=\"alignnone\" src=\"http:\/\/www.martinstrattner.de\/fotoblog\/wp-content\/uploads\/2012\/09\/20120826-MartinStrattner-04.jpg\" alt=\"\" width=\"600\" height=\"450\" \/><\/a><\/div>\n<div class=\"separator\" style=\"clear: both; text-align: center;\"><a href=\"http:\/\/www.martinstrattner.de\/fotoblog\/wp-content\/uploads\/2012\/09\/20120826-MartinStrattner-05.jpg\" target=\"_blank\"><img loading=\"lazy\" id=\"blogsy-1348340956103.5479\" class=\"alignnone\" src=\"http:\/\/www.martinstrattner.de\/fotoblog\/wp-content\/uploads\/2012\/09\/20120826-MartinStrattner-05.jpg\" alt=\"\" width=\"600\" height=\"450\" \/><\/a><\/div>\n<div class=\"separator\" style=\"clear: both; text-align: center;\"><a href=\"http:\/\/www.martinstrattner.de\/fotoblog\/wp-content\/uploads\/2012\/09\/20120826-MartinStrattner-06.jpg\" target=\"_blank\"><img loading=\"lazy\" id=\"blogsy-1348340956137.0112\" class=\"alignnone\" src=\"http:\/\/www.martinstrattner.de\/fotoblog\/wp-content\/uploads\/2012\/09\/20120826-MartinStrattner-06.jpg\" alt=\"\" width=\"600\" height=\"800\" \/><\/a><\/div>\n<div class=\"separator\" style=\"clear: both; text-align: center;\"><a href=\"http:\/\/www.martinstrattner.de\/fotoblog\/wp-content\/uploads\/2012\/09\/20120826-MartinStrattner-07.jpg\" target=\"_blank\"><img loading=\"lazy\" id=\"blogsy-1348340956090.3518\" class=\"alignnone\" src=\"http:\/\/www.martinstrattner.de\/fotoblog\/wp-content\/uploads\/2012\/09\/20120826-MartinStrattner-07.jpg\" alt=\"\" width=\"600\" height=\"450\" \/><\/a><\/div>\n<div class=\"separator\" style=\"clear: both; text-align: center;\"><a href=\"http:\/\/www.martinstrattner.de\/fotoblog\/wp-content\/uploads\/2012\/09\/20120826-MartinStrattner-08.jpg\" target=\"_blank\"><img loading=\"lazy\" id=\"blogsy-1348340956090.3865\" class=\"alignnone\" src=\"http:\/\/www.martinstrattner.de\/fotoblog\/wp-content\/uploads\/2012\/09\/20120826-MartinStrattner-08.jpg\" alt=\"\" width=\"600\" height=\"800\" \/><\/a><\/div>\n<div class=\"separator\" style=\"clear: both; text-align: center;\"><a style=\"text-align: center;\" href=\"http:\/\/www.martinstrattner.de\/fotoblog\/wp-content\/uploads\/2012\/09\/20120826-MartinStrattner-09.jpg\" target=\"_blank\"><img loading=\"lazy\" id=\"blogsy-1348340956098.017\" class=\"alignnone\" src=\"http:\/\/www.martinstrattner.de\/fotoblog\/wp-content\/uploads\/2012\/09\/20120826-MartinStrattner-09.jpg\" alt=\"\" width=\"600\" height=\"800\" \/><\/a><\/div>\n<div class=\"separator\" style=\"clear: both; text-align: center;\"><a href=\"http:\/\/www.martinstrattner.de\/fotoblog\/wp-content\/uploads\/2012\/09\/20120826-MartinStrattner-10.jpg\" target=\"_blank\"><img loading=\"lazy\" id=\"blogsy-1348340956158.2168\" class=\"alignnone\" src=\"http:\/\/www.martinstrattner.de\/fotoblog\/wp-content\/uploads\/2012\/09\/20120826-MartinStrattner-10.jpg\" alt=\"\" width=\"600\" height=\"800\" \/><\/a><\/div>\n<div class=\"separator\" style=\"clear: both; text-align: center;\">In Philadelpia wurde ja bekanntlich die Amerikanische Unabh\u00e4ngigkeitserkl\u00e4rung ausgearbeitet und unterzeichnet. Praktischerweise haben die das alles im kleinen &#8222;Independence National Historical Park&#8220; gemacht. Der sehr klein ist (nur ein paar Geb\u00e4ude \u2013 das Wort &#8222;Park&#8220; tr\u00e4gt da ziemlich auf). L\u00e4sst sich also alles in ein paar Stunden erkunden. Mit wie immer astreinen F\u00fchrungen, die die Park Ranger mit vielen Anekdoten anreichern. Man kann die fragen was man will, die wissen immer ne Antwort. Deswegen nenne ich die ab dem ersten Tag nur &#8222;Power Ranger&#8220; \u2013 was ich super lustig finde. Meine Reisebegleiung aber nicht, selbst wenn ich es 50 mal am Tag sage damit sie den Witz auch WIRKLICH kapiert ;)<\/div>\n<div class=\"separator\" style=\"clear: both; text-align: center;\">Damit man all die wichtigen R\u00e4ume dann sp\u00e4ter auch auseinander kennt wenn die Touristen durchgehen und Fotos machen haben sie die damals schon ein wenig unterschiedlich gestaltet und andere Tischdecken aufgedeckt und Vorh\u00e4nge aufgeh\u00e4ngt.<\/div>\n<div class=\"separator\" style=\"clear: both; text-align: center;\"><\/div>\n<div class=\"separator\" style=\"clear: both; text-align: center;\"><a href=\"http:\/\/www.martinstrattner.de\/fotoblog\/wp-content\/uploads\/2012\/09\/20120826-MartinStrattner-11.jpg\" target=\"_blank\"><img loading=\"lazy\" id=\"blogsy-1348340956133.394\" class=\"alignnone\" src=\"http:\/\/www.martinstrattner.de\/fotoblog\/wp-content\/uploads\/2012\/09\/20120826-MartinStrattner-11.jpg\" alt=\"\" width=\"600\" height=\"450\" \/><\/a><\/div>\n<div class=\"separator\" style=\"clear: both; text-align: center;\"><a href=\"http:\/\/www.martinstrattner.de\/fotoblog\/wp-content\/uploads\/2012\/09\/20120826-MartinStrattner-12.jpg\" target=\"_blank\"><img loading=\"lazy\" id=\"blogsy-1348340956134.277\" class=\"alignnone\" src=\"http:\/\/www.martinstrattner.de\/fotoblog\/wp-content\/uploads\/2012\/09\/20120826-MartinStrattner-12.jpg\" alt=\"\" width=\"600\" height=\"800\" \/><\/a><\/div>\n<div class=\"separator\" style=\"clear: both; text-align: center;\"><a href=\"http:\/\/www.martinstrattner.de\/fotoblog\/wp-content\/uploads\/2012\/09\/20120826-MartinStrattner-13.jpg\" target=\"_blank\"><img loading=\"lazy\" id=\"blogsy-1348340956103.5107\" class=\"alignnone\" src=\"http:\/\/www.martinstrattner.de\/fotoblog\/wp-content\/uploads\/2012\/09\/20120826-MartinStrattner-13.jpg\" alt=\"\" width=\"600\" height=\"450\" \/><\/a><\/div>\n<div class=\"separator\" style=\"clear: both; text-align: center;\"><a href=\"http:\/\/www.martinstrattner.de\/fotoblog\/wp-content\/uploads\/2012\/09\/20120826-MartinStrattner-14.jpg\" target=\"_blank\"><img loading=\"lazy\" id=\"blogsy-1348340956191.6392\" class=\"alignnone\" src=\"http:\/\/www.martinstrattner.de\/fotoblog\/wp-content\/uploads\/2012\/09\/20120826-MartinStrattner-14.jpg\" alt=\"\" width=\"600\" height=\"450\" \/><\/a><\/div>\n<div class=\"separator\" style=\"clear: both; text-align: center;\"><a href=\"http:\/\/www.martinstrattner.de\/fotoblog\/wp-content\/uploads\/2012\/09\/20120826-MartinStrattner-15.jpg\" target=\"_blank\"><img loading=\"lazy\" id=\"blogsy-1348340956105.868\" class=\"alignnone\" src=\"http:\/\/www.martinstrattner.de\/fotoblog\/wp-content\/uploads\/2012\/09\/20120826-MartinStrattner-15.jpg\" alt=\"\" width=\"600\" height=\"450\" \/><\/a><\/div>\n<div class=\"separator\" style=\"clear: both; text-align: center;\"><a href=\"http:\/\/www.martinstrattner.de\/fotoblog\/wp-content\/uploads\/2012\/09\/20120826-MartinStrattner-16.jpg\" target=\"_blank\"><img loading=\"lazy\" id=\"blogsy-1348340956181.8042\" class=\"alignnone\" src=\"http:\/\/www.martinstrattner.de\/fotoblog\/wp-content\/uploads\/2012\/09\/20120826-MartinStrattner-16.jpg\" alt=\"\" width=\"600\" height=\"800\" \/><\/a><\/div>\n<div class=\"separator\" style=\"clear: both; text-align: center;\"><a href=\"http:\/\/www.martinstrattner.de\/fotoblog\/wp-content\/uploads\/2012\/09\/20120826-MartinStrattner-17.jpg\" target=\"_blank\"><img loading=\"lazy\" id=\"blogsy-1348340956171.85\" class=\"alignnone\" src=\"http:\/\/www.martinstrattner.de\/fotoblog\/wp-content\/uploads\/2012\/09\/20120826-MartinStrattner-17.jpg\" alt=\"\" width=\"600\" height=\"450\" \/><\/a><\/div>\n<div class=\"separator\" style=\"clear: both; text-align: center;\"><a href=\"http:\/\/www.martinstrattner.de\/fotoblog\/wp-content\/uploads\/2012\/09\/20120826-MartinStrattner-18.jpg\" target=\"_blank\"><img loading=\"lazy\" id=\"blogsy-1348340956210.8887\" class=\"alignnone\" src=\"http:\/\/www.martinstrattner.de\/fotoblog\/wp-content\/uploads\/2012\/09\/20120826-MartinStrattner-18.jpg\" alt=\"\" width=\"600\" height=\"800\" \/><\/a><\/div>\n<div class=\"separator\" style=\"clear: both; text-align: center;\"><a href=\"http:\/\/www.martinstrattner.de\/fotoblog\/wp-content\/uploads\/2012\/09\/20120826-MartinStrattner-19.jpg\" target=\"_blank\"><img loading=\"lazy\" id=\"blogsy-1348340956197.265\" class=\"alignnone\" src=\"http:\/\/www.martinstrattner.de\/fotoblog\/wp-content\/uploads\/2012\/09\/20120826-MartinStrattner-19.jpg\" alt=\"\" width=\"600\" height=\"450\" \/><\/a><\/div>\n<div class=\"separator\" style=\"clear: both; text-align: center;\">Irgendwann waren wir dann wieder total fertig. Weit gegangen, schwere Kameras getragen, Kultur genossen. Am Hafen legten wir uns auf eine Mauer und schliefen 30 Minuten in der Sonne. Danach suchten wir uns ein Restaurant. &#8222;Doris, kannst du mal richtig fertig und hungrig schauen?&#8220; \u2013 &#8222;Klar&#8220;<\/div>\n<div class=\"separator\" style=\"clear: both; text-align: center;\">Danach: Pizza. Eine unglaublich gute, was ich HIER wirklich nicht erwartet h\u00e4tte.<\/div>\n<div class=\"separator\" style=\"clear: both; text-align: center;\"><\/div>\n<div class=\"separator\" style=\"clear: both; text-align: center;\"><a href=\"http:\/\/www.martinstrattner.de\/fotoblog\/wp-content\/uploads\/2012\/09\/20120826-MartinStrattner-20.jpg\" target=\"_blank\"><img loading=\"lazy\" id=\"blogsy-1348340956208.495\" class=\"alignnone\" src=\"http:\/\/www.martinstrattner.de\/fotoblog\/wp-content\/uploads\/2012\/09\/20120826-MartinStrattner-20.jpg\" alt=\"\" width=\"600\" height=\"450\" \/><\/a><\/div>\n<div class=\"separator\" style=\"clear: both; text-align: center;\"><a href=\"http:\/\/www.martinstrattner.de\/fotoblog\/wp-content\/uploads\/2012\/09\/20120826-MartinStrattner-21.jpg\" target=\"_blank\"><img loading=\"lazy\" id=\"blogsy-1348340956202.2612\" class=\"alignnone\" src=\"http:\/\/www.martinstrattner.de\/fotoblog\/wp-content\/uploads\/2012\/09\/20120826-MartinStrattner-21.jpg\" alt=\"\" width=\"600\" height=\"450\" \/><\/a><\/div>\n<div class=\"separator\" style=\"clear: both; text-align: center;\"><a href=\"http:\/\/www.martinstrattner.de\/fotoblog\/wp-content\/uploads\/2012\/09\/20120826-MartinStrattner-22.jpg\" target=\"_blank\"><img loading=\"lazy\" id=\"blogsy-1348340956214.917\" class=\"alignnone\" src=\"http:\/\/www.martinstrattner.de\/fotoblog\/wp-content\/uploads\/2012\/09\/20120826-MartinStrattner-22.jpg\" alt=\"\" width=\"600\" height=\"450\" \/><\/a><\/div>\n<div class=\"separator\" style=\"clear: both; text-align: center;\"><a href=\"http:\/\/www.martinstrattner.de\/fotoblog\/wp-content\/uploads\/2012\/09\/20120826-MartinStrattner-23.jpg\" target=\"_blank\"><img loading=\"lazy\" id=\"blogsy-1348340956147.1592\" class=\"alignnone\" src=\"http:\/\/www.martinstrattner.de\/fotoblog\/wp-content\/uploads\/2012\/09\/20120826-MartinStrattner-23.jpg\" alt=\"\" width=\"600\" height=\"450\" \/><\/a><\/div>\n<div class=\"separator\" style=\"clear: both; text-align: center;\"><a href=\"http:\/\/www.martinstrattner.de\/fotoblog\/wp-content\/uploads\/2012\/09\/20120826-MartinStrattner-24.jpg\" target=\"_blank\"><img loading=\"lazy\" id=\"blogsy-1348340956165.857\" class=\"alignnone\" src=\"http:\/\/www.martinstrattner.de\/fotoblog\/wp-content\/uploads\/2012\/09\/20120826-MartinStrattner-24.jpg\" alt=\"\" width=\"600\" height=\"800\" \/><\/a><\/div>\n<div class=\"separator\" style=\"clear: both; text-align: center;\"><a href=\"http:\/\/www.martinstrattner.de\/fotoblog\/wp-content\/uploads\/2012\/09\/20120826-MartinStrattner-25.jpg\" target=\"_blank\"><img loading=\"lazy\" id=\"blogsy-1348340956211.3804\" class=\"alignnone\" src=\"http:\/\/www.martinstrattner.de\/fotoblog\/wp-content\/uploads\/2012\/09\/20120826-MartinStrattner-25.jpg\" alt=\"\" width=\"600\" height=\"450\" \/><\/a><\/div>\n<p style=\"text-align: center;\">\n\n<!-- Facebook Like Button v1.9.6 BEGIN [http:\/\/blog.bottomlessinc.com] -->\n<fb:like href=\"http:\/\/www.martinstrattner.de\/fotoblog\/2012\/09\/canada-und-usa-9-philadelphia\/\" layout=\"button_count\" show_faces=\"false\" width=\"450\" action=\"like\" colorscheme=\"light\"><\/fb:like>\n<!-- Facebook Like Button END -->\n<\/div><\/div>","protected":false},"excerpt":{"rendered":"<p>City of Love. Philadelpia. Da steht zumindest das ber\u00fchmte Kunstwerk. Au\u00dferdem wird Phily mir als die Stadt im Ged\u00e4chtnis bleiben in der der Parkplatz f\u00fcr das Auto (fast) so viel kostete wie unser Hotelzimmer. Ein Staubsaugerauto! In Philadelpia wurde ja bekanntlich die Amerikanische Unabh\u00e4ngigkeitserkl\u00e4rung ausgearbeitet und unterzeichnet. Praktischerweise haben die das alles im kleinen &#8222;Independence [&hellip;]<\/p>\n","protected":false},"author":1,"featured_media":1096,"comment_status":"open","ping_status":"open","sticky":false,"template":"","format":"standard","meta":{"spay_email":"","jetpack_publicize_message":""},"categories":[3,13,11,6,7],"tags":[],"jetpack_featured_media_url":"http:\/\/www.martinstrattner.de\/fotoblog\/wp-content\/uploads\/2012\/09\/Titel-120922-MartinStrattner.jpg","jetpack_publicize_connections":[],"jetpack_shortlink":"https:\/\/wp.me\/p2qpVl-hg","jetpack_sharing_enabled":true,"jetpack-related-posts":[],"_links":{"self":[{"href":"http:\/\/www.martinstrattner.de\/fotoblog\/wp-json\/wp\/v2\/posts\/1070"}],"collection":[{"href":"http:\/\/www.martinstrattner.de\/fotoblog\/wp-json\/wp\/v2\/posts"}],"about":[{"href":"http:\/\/www.martinstrattner.de\/fotoblog\/wp-json\/wp\/v2\/types\/post"}],"author":[{"embeddable":true,"href":"http:\/\/www.martinstrattner.de\/fotoblog\/wp-json\/wp\/v2\/users\/1"}],"replies":[{"embeddable":true,"href":"http:\/\/www.martinstrattner.de\/fotoblog\/wp-json\/wp\/v2\/comments?post=1070"}],"version-history":[{"count":9,"href":"http:\/\/www.martinstrattner.de\/fotoblog\/wp-json\/wp\/v2\/posts\/1070\/revisions"}],"predecessor-version":[{"id":5685,"href":"http:\/\/www.martinstrattner.de\/fotoblog\/wp-json\/wp\/v2\/posts\/1070\/revisions\/5685"}],"wp:featuredmedia":[{"embeddable":true,"href":"http:\/\/www.martinstrattner.de\/fotoblog\/wp-json\/wp\/v2\/media\/1096"}],"wp:attachment":[{"href":"http:\/\/www.martinstrattner.de\/fotoblog\/wp-json\/wp\/v2\/media?parent=1070"}],"wp:term":[{"taxonomy":"category","embeddable":true,"href":"http:\/\/www.martinstrattner.de\/fotoblog\/wp-json\/wp\/v2\/categories?post=1070"},{"taxonomy":"post_tag","embeddable":true,"href":"http:\/\/www.martinstrattner.de\/fotoblog\/wp-json\/wp\/v2\/tags?post=1070"}],"curies":[{"name":"wp","href":"https:\/\/api.w.org\/{rel}","templated":true}]}}